{"id":25087,"date":"2016-04-26T00:00:00","date_gmt":"2016-04-26T00:00:00","guid":{"rendered":"https:\/\/basquetgirona.com\/noticia\/revision-trimestral-con-toni-sola-2\/"},"modified":"2025-08-11T13:20:32","modified_gmt":"2025-08-11T13:20:32","slug":"revision-trimestral-con-toni-sola-2","status":"publish","type":"noticia","link":"https:\/\/basquetgirona.com\/es\/noticia\/revision-trimestral-con-toni-sola-2\/","title":{"rendered":"Revisi\u00f3n trimestral con Toni Sol\u00e0"},"content":{"rendered":"<p>Este lunes 25 de abril se ha realizado la revisi\u00f3n trimestral del dietista-nutricionista Toni Sol\u00e0, quien colabora con el CEB Marc Gasol desde el pasado mes de noviembre dentro del convenio del Club con SportClinic. \u00c9ste es el segundo control de esta temporada despu\u00e9s del realizado en el mes de noviembre. La pr\u00f3xima semana se completar\u00e1 la sesi\u00f3n con los jugadores que no la han pasado este lunes.  <\/p>\n<p>Sol\u00e0 realiza un seguimiento trimestral a nuestros jugadores para evaluar diferentes aspectos de su evoluci\u00f3n. Asimismo, ha realizado una charla dirigida a las familias en las que se trataron conceptos relacionados con la nutrici\u00f3n. As\u00ed, su tarea supone otro paso adelante en la calidad de nuestros servicios t\u00e9cnicos y que repercute directamente en el desarrollo de los jugadores de nuestro Club.  <\/p>\n<p>El dietista-nutricionista tiene una dilatada experiencia como especialista en nutrici\u00f3n aplicada al deporte y la salud. Tambi\u00e9n ha desarrollado la labor de investigador y formador en el \u00e1mbito de la antropometr\u00eda. Esta disciplina se especializa en la medida de la composici\u00f3n corporal, una herramienta anal\u00edtica que servir\u00e1 al club en muchas facetas como el seguimiento de intervenciones nutricionales, actividad f\u00edsica o de los entrenamientos.  <\/p>\n","protected":false},"excerpt":{"rendered":"<p>Este lunes 25 de abril se ha realizado la revisi\u00f3n trimestral del dietista-nutricionista Toni Sol\u00e0, quien colabora con el CEB Marc Gasol desde el pasado mes de noviembre dentro del convenio del Club con SportClinic. \u00c9ste es el segundo control de esta temporada despu\u00e9s del realizado en el mes de noviembre. La pr\u00f3xima semana se [&hellip;]<\/p>\n","protected":false},"author":1,"featured_media":9807,"menu_order":0,"template":"","categoria_noticia":[],"class_list":["post-25087","noticia","type-noticia","status-publish","has-post-thumbnail","hentry"],"yoast_head":"<!-- This site is optimized with the Yoast SEO plugin v22.0 - https:\/\/yoast.com\/wordpress\/plugins\/seo\/ -->\n<title>Revisi\u00f3n trimestral con Toni Sol\u00e0 - Basquet Girona<\/title>\n<meta name=\"robots\" content=\"index, follow, max-snippet:-1, max-image-preview:large, max-video-preview:-1\" \/>\n<link rel=\"canonical\" href=\"https:\/\/basquetgirona.com\/es\/noticia\/revision-trimestral-con-toni-sola-2\/\" \/>\n<meta property=\"og:locale\" content=\"es_ES\" \/>\n<meta property=\"og:type\" content=\"article\" \/>\n<meta property=\"og:title\" content=\"Revisi\u00f3n trimestral con Toni Sol\u00e0 - Basquet Girona\" \/>\n<meta property=\"og:description\" content=\"Este lunes 25 de abril se ha realizado la revisi\u00f3n trimestral del dietista-nutricionista Toni Sol\u00e0, quien colabora con el CEB Marc Gasol desde el pasado mes de noviembre dentro del convenio del Club con SportClinic. \u00c9ste es el segundo control de esta temporada despu\u00e9s del realizado en el mes de noviembre. La pr\u00f3xima semana se [&hellip;]\" \/>\n<meta property=\"og:url\" content=\"https:\/\/basquetgirona.com\/es\/noticia\/revision-trimestral-con-toni-sola-2\/\" \/>\n<meta property=\"og:site_name\" content=\"Basquet Girona\" \/>\n<meta property=\"article:publisher\" content=\"https:\/\/www.facebook.com\/BasquetGironaOficial\" \/>\n<meta property=\"article:modified_time\" content=\"2025-08-11T13:20:32+00:00\" \/>\n<meta property=\"og:image\" content=\"https:\/\/basquetgirona.com\/wp-content\/uploads\/2023\/09\/IMG_3953-351x185-1.jpg\" \/>\n\t<meta property=\"og:image:width\" content=\"1\" \/>\n\t<meta property=\"og:image:height\" content=\"1\" \/>\n\t<meta property=\"og:image:type\" content=\"image\/jpeg\" \/>\n<meta name=\"twitter:card\" content=\"summary_large_image\" \/>\n<meta name=\"twitter:site\" content=\"@BasquetGirona\" \/>\n<meta name=\"twitter:label1\" content=\"Tiempo de lectura\" \/>\n\t<meta name=\"twitter:data1\" content=\"1 minuto\" \/>\n<!-- \/ Yoast SEO plugin. -->","yoast_head_json":{"title":"Revisi\u00f3n trimestral con Toni Sol\u00e0 - Basquet Girona","robots":{"index":"index","follow":"follow","max-snippet":"max-snippet:-1","max-image-preview":"max-image-preview:large","max-video-preview":"max-video-preview:-1"},"canonical":"https:\/\/basquetgirona.com\/es\/noticia\/revision-trimestral-con-toni-sola-2\/","og_locale":"es_ES","og_type":"article","og_title":"Revisi\u00f3n trimestral con Toni Sol\u00e0 - Basquet Girona","og_description":"Este lunes 25 de abril se ha realizado la revisi\u00f3n trimestral del dietista-nutricionista Toni Sol\u00e0, quien colabora con el CEB Marc Gasol desde el pasado mes de noviembre dentro del convenio del Club con SportClinic. \u00c9ste es el segundo control de esta temporada despu\u00e9s del realizado en el mes de noviembre. La pr\u00f3xima semana se [&hellip;]","og_url":"https:\/\/basquetgirona.com\/es\/noticia\/revision-trimestral-con-toni-sola-2\/","og_site_name":"Basquet Girona","article_publisher":"https:\/\/www.facebook.com\/BasquetGironaOficial","article_modified_time":"2025-08-11T13:20:32+00:00","og_image":[{"url":"https:\/\/basquetgirona.com\/wp-content\/uploads\/2023\/09\/IMG_3953-351x185-1.jpg","width":1,"height":1,"type":"image\/jpeg"}],"twitter_card":"summary_large_image","twitter_site":"@BasquetGirona","twitter_misc":{"Tiempo de lectura":"1 minuto"},"schema":{"@context":"https:\/\/schema.org","@graph":[{"@type":"NewsArticle","@id":"https:\/\/basquetgirona.com\/es\/noticia\/revision-trimestral-con-toni-sola-2\/#article","isPartOf":{"@id":"https:\/\/basquetgirona.com\/es\/noticia\/revision-trimestral-con-toni-sola-2\/"},"author":{"name":"wp6tems","@id":"https:\/\/basquetgirona.com\/es\/#\/schema\/person\/23e2f6077a380ef4bcbafe12c1c99532"},"headline":"Revisi\u00f3n trimestral con Toni Sol\u00e0","datePublished":"2016-04-26T00:00:00+00:00","dateModified":"2025-08-11T13:20:32+00:00","mainEntityOfPage":{"@id":"https:\/\/basquetgirona.com\/es\/noticia\/revision-trimestral-con-toni-sola-2\/"},"wordCount":211,"commentCount":0,"publisher":{"@id":"https:\/\/basquetgirona.com\/es\/#organization"},"inLanguage":"es"},{"@type":["WebPage","ItemPage"],"@id":"https:\/\/basquetgirona.com\/es\/noticia\/revision-trimestral-con-toni-sola-2\/","url":"https:\/\/basquetgirona.com\/es\/noticia\/revision-trimestral-con-toni-sola-2\/","name":"Revisi\u00f3n trimestral con Toni Sol\u00e0 - Basquet Girona","isPartOf":{"@id":"https:\/\/basquetgirona.com\/es\/#website"},"datePublished":"2016-04-26T00:00:00+00:00","dateModified":"2025-08-11T13:20:32+00:00","breadcrumb":{"@id":"https:\/\/basquetgirona.com\/es\/noticia\/revision-trimestral-con-toni-sola-2\/#breadcrumb"},"inLanguage":"es","potentialAction":[{"@type":"ReadAction","target":["https:\/\/basquetgirona.com\/es\/noticia\/revision-trimestral-con-toni-sola-2\/"]}]},{"@type":"BreadcrumbList","@id":"https:\/\/basquetgirona.com\/es\/noticia\/revision-trimestral-con-toni-sola-2\/#breadcrumb","itemListElement":[{"@type":"ListItem","position":1,"name":"Inici","item":"https:\/\/basquetgirona.com\/es\/"},{"@type":"ListItem","position":2,"name":"Revisi\u00f3n trimestral con Toni Sol\u00e0"}]},{"@type":"WebSite","@id":"https:\/\/basquetgirona.com\/es\/#website","url":"https:\/\/basquetgirona.com\/es\/","name":"Basquet Girona","description":"","publisher":{"@id":"https:\/\/basquetgirona.com\/es\/#organization"},"potentialAction":[{"@type":"SearchAction","target":{"@type":"EntryPoint","urlTemplate":"https:\/\/basquetgirona.com\/es\/?s={search_term_string}"},"query-input":"required name=search_term_string"}],"inLanguage":"es"},{"@type":"Organization","@id":"https:\/\/basquetgirona.com\/es\/#organization","name":"Basquet Girona","url":"https:\/\/basquetgirona.com\/es\/","logo":{"@type":"ImageObject","inLanguage":"es","@id":"https:\/\/basquetgirona.com\/es\/#\/schema\/logo\/image\/","url":"https:\/\/basquetgirona.com\/wp-content\/uploads\/2023\/02\/girona-logo1.png","contentUrl":"https:\/\/basquetgirona.com\/wp-content\/uploads\/2023\/02\/girona-logo1.png","width":124,"height":136,"caption":"Basquet Girona"},"image":{"@id":"https:\/\/basquetgirona.com\/es\/#\/schema\/logo\/image\/"},"sameAs":["https:\/\/www.facebook.com\/BasquetGironaOficial","https:\/\/twitter.com\/BasquetGirona","https:\/\/www.instagram.com\/basquetgirona\/","https:\/\/es.linkedin.com\/company\/bsquet-girona","https:\/\/www.tiktok.com\/@basquetgirona"]},{"@type":"Person","@id":"https:\/\/basquetgirona.com\/es\/#\/schema\/person\/23e2f6077a380ef4bcbafe12c1c99532","name":"wp6tems","image":{"@type":"ImageObject","inLanguage":"es","@id":"https:\/\/basquetgirona.com\/es\/#\/schema\/person\/image\/","url":"https:\/\/secure.gravatar.com\/avatar\/bb7e7b41fd75599f16e2481d79259374553199dc2bee29aa20aa615e30729456?s=96&d=mm&r=g","contentUrl":"https:\/\/secure.gravatar.com\/avatar\/bb7e7b41fd75599f16e2481d79259374553199dc2bee29aa20aa615e30729456?s=96&d=mm&r=g","caption":"wp6tems"},"sameAs":["https:\/\/basquetgirona.com"],"url":"https:\/\/basquetgirona.com\/es\/author\/wp6tems\/"}]}},"acf":[],"_links":{"self":[{"href":"https:\/\/basquetgirona.com\/es\/wp-json\/wp\/v2\/noticia\/25087","targetHints":{"allow":["GET"]}}],"collection":[{"href":"https:\/\/basquetgirona.com\/es\/wp-json\/wp\/v2\/noticia"}],"about":[{"href":"https:\/\/basquetgirona.com\/es\/wp-json\/wp\/v2\/types\/noticia"}],"author":[{"embeddable":true,"href":"https:\/\/basquetgirona.com\/es\/wp-json\/wp\/v2\/users\/1"}],"version-history":[{"count":4,"href":"https:\/\/basquetgirona.com\/es\/wp-json\/wp\/v2\/noticia\/25087\/revisions"}],"predecessor-version":[{"id":46859,"href":"https:\/\/basquetgirona.com\/es\/wp-json\/wp\/v2\/noticia\/25087\/revisions\/46859"}],"wp:featuredmedia":[{"embeddable":true,"href":"https:\/\/basquetgirona.com\/es\/wp-json\/wp\/v2\/media\/9807"}],"wp:attachment":[{"href":"https:\/\/basquetgirona.com\/es\/wp-json\/wp\/v2\/media?parent=25087"}],"wp:term":[{"taxonomy":"categoria_noticia","embeddable":true,"href":"https:\/\/basquetgirona.com\/es\/wp-json\/wp\/v2\/categoria_noticia?post=25087"}],"curies":[{"name":"wp","href":"https:\/\/api.w.org\/{rel}","templated":true}]}}