{"id":25131,"date":"2016-04-11T00:00:00","date_gmt":"2016-04-11T00:00:00","guid":{"rendered":"https:\/\/basquetgirona.com\/noticia\/derrotas-ajustadas-de-los-infantiles-2\/"},"modified":"2025-08-05T06:00:39","modified_gmt":"2025-08-05T06:00:39","slug":"derrotas-ajustadas-de-los-infantiles-2","status":"publish","type":"noticia","link":"https:\/\/basquetgirona.com\/es\/noticia\/derrotas-ajustadas-de-los-infantiles-2\/","title":{"rendered":"Derrotas ajustadas de los infantiles"},"content":{"rendered":"<p><strong>Derrota del Infantil B<br \/><\/strong> El Infantil B cay\u00f3 por un ajustado 48-49 en un encuentro marcado por el bajo porcentaje de acierto de ambos conjuntos y en el que el CEB Marc Gasol fue casi todo el partido por detr\u00e1s en el marcador. Los gerundenses consiguieron situarse por delante en el \u00faltimo per\u00edodo pero en un final ajustado los visitantes se llevaron la victoria de Montfalgars. Alex Adsuar y Lloren\u00e7 Costa no pudieron disputar ning\u00fan minuto a causa de una lesi\u00f3n.<\/p>\n<p><img loading=\"lazy\" decoding=\"async\" src=\"https:\/\/basquetgirona.com\/wp-content\/uploads\/2023\/09\/11-abr-IMG1-300x200-1.jpg\" alt=\"\" width=\"600\" height=\"400\"><\/p>\n<p><strong>El Infantil A encaja dos derrotas<br \/><\/strong> Los gerundenses perdieron un partido muy disputado ante el Santfeliuenc rojo en el que ninguno de los dos conjuntos logr\u00f3 ventajas amplias en el marcador. El Infantil A vio c\u00f3mo los visitantes se colocaban por encima en los \u00faltimos minutos. En un final muy apretado, los locales dispusieron de un lanzamiento para llevarse la victoria o forzar la pr\u00f3rroga pero no estuvieron acertados.<\/p>\n<p>El Infantil A tambi\u00e9n cay\u00f3 el domingo por 68-54 en su visita a la pista del Catalana Occidente Manresa. Un choque en el que fueron casi todos los minutos por detr\u00e1s en el marcador y los locales fueron ensanchando la diferencia en el marcador. <\/p>\n<p><img loading=\"lazy\" decoding=\"async\" src=\"https:\/\/basquetgirona.com\/wp-content\/uploads\/2023\/09\/11-abr-IMG2-300x200-1.jpg\" alt=\"\" width=\"600\" height=\"400\"><\/p>\n<p><strong>El Cadete B gana el derbi gerundense<\/strong><\/p>\n<p>El conjunto dirigido por Carles Nadal y Oriol Ribas se llev\u00f3 la victoria ante el CEB Girona despu\u00e9s de imponerse 62-45. El marcador estuvo igualado hasta el tercer cuarto, con peque\u00f1as ventajas por los locales, hasta que un parcial de 25 a 2 favorable al CEB Marc Gasol decant\u00f3 el desenlace del encuentro. Fueron baja por lesi\u00f3n Biel Espunya y Miquel Vall\u00e8s.  <\/p>\n<p><img loading=\"lazy\" decoding=\"async\" src=\"https:\/\/basquetgirona.com\/wp-content\/uploads\/2023\/09\/11-abr-IMG3-300x200-1.jpg\" alt=\"\" width=\"600\" height=\"400\"><\/p>\n<p><strong>Victoria clave del Cadete A<br \/><\/strong> Los gerundenses se impusieron en la pista del SESE por 59 a 77 en un encuentro en el que los gerundenses dominaban 32-35 en el descanso y fueron aumentando las diferencias en el marcador de forma progresiva en la segunda mitad.&nbsp; El Cadete A no pudo contar con Guillem Cuadrado por motivos acad\u00e9micos.<\/p>\n<p><img loading=\"lazy\" decoding=\"async\" src=\"https:\/\/basquetgirona.com\/wp-content\/uploads\/2023\/09\/11-abr-IMG4-300x200-1.jpg\" alt=\"\" width=\"600\" height=\"448\"><\/p>\n<p><strong>Triunfo del J\u00fanior A antes del paro<\/strong><br \/> El Junior A se impuso a los Llu\u00efsos de Gr\u00e0cia en un partido en el que el marcador fue muy ajustado hasta el tercer cuarto, en el que un parcial de 12-0 favorable a los gerundenses decant\u00f3 el encuentro. El Junior A fue incrementando las diferencias en el marcador progresivamente hasta situar el definitivo 59 a 77. Esta semana, los gerundenses descansan al no tener partido de Liga.<\/p>\n<p><img loading=\"lazy\" decoding=\"async\" src=\"https:\/\/basquetgirona.com\/wp-content\/uploads\/2023\/09\/11-abr-IMG5-300x200-1.jpg\" alt=\"\" width=\"600\" height=\"448\"><\/p>\n","protected":false},"excerpt":{"rendered":"<p>\u00c9stas son las cr\u00f3nicas de los equipos del CEB Marc Gasol que han jugado este fin de semana:<\/p>\n","protected":false},"author":1,"featured_media":9882,"menu_order":0,"template":"","categoria_noticia":[],"class_list":["post-25131","noticia","type-noticia","status-publish","has-post-thumbnail","hentry"],"yoast_head":"<!-- This site is optimized with the Yoast SEO plugin v22.0 - https:\/\/yoast.com\/wordpress\/plugins\/seo\/ -->\n<title>Derrotas ajustadas de los infantiles - Basquet Girona<\/title>\n<meta name=\"robots\" content=\"index, follow, max-snippet:-1, max-image-preview:large, max-video-preview:-1\" \/>\n<link rel=\"canonical\" href=\"https:\/\/basquetgirona.com\/es\/noticia\/derrotas-ajustadas-de-los-infantiles-2\/\" \/>\n<meta property=\"og:locale\" content=\"es_ES\" \/>\n<meta property=\"og:type\" content=\"article\" \/>\n<meta property=\"og:title\" content=\"Derrotas ajustadas de los infantiles - Basquet Girona\" \/>\n<meta property=\"og:description\" content=\"\u00c9stas son las cr\u00f3nicas de los equipos del CEB Marc Gasol que han jugado este fin de semana:\" \/>\n<meta property=\"og:url\" content=\"https:\/\/basquetgirona.com\/es\/noticia\/derrotas-ajustadas-de-los-infantiles-2\/\" \/>\n<meta property=\"og:site_name\" content=\"Basquet Girona\" \/>\n<meta property=\"article:publisher\" content=\"https:\/\/www.facebook.com\/BasquetGironaOficial\" \/>\n<meta property=\"article:modified_time\" content=\"2025-08-05T06:00:39+00:00\" \/>\n<meta property=\"og:image\" content=\"https:\/\/basquetgirona.com\/wp-content\/uploads\/2016\/11\/11-abr-351x185-1.jpg\" \/>\n\t<meta property=\"og:image:width\" content=\"1\" \/>\n\t<meta property=\"og:image:height\" content=\"1\" \/>\n\t<meta property=\"og:image:type\" content=\"image\/jpeg\" \/>\n<meta name=\"twitter:card\" content=\"summary_large_image\" \/>\n<meta name=\"twitter:site\" content=\"@BasquetGirona\" \/>\n<meta name=\"twitter:label1\" content=\"Tiempo de lectura\" \/>\n\t<meta name=\"twitter:data1\" content=\"2 minutos\" \/>\n<!-- \/ Yoast SEO plugin. -->","yoast_head_json":{"title":"Derrotas ajustadas de los infantiles - Basquet Girona","robots":{"index":"index","follow":"follow","max-snippet":"max-snippet:-1","max-image-preview":"max-image-preview:large","max-video-preview":"max-video-preview:-1"},"canonical":"https:\/\/basquetgirona.com\/es\/noticia\/derrotas-ajustadas-de-los-infantiles-2\/","og_locale":"es_ES","og_type":"article","og_title":"Derrotas ajustadas de los infantiles - Basquet Girona","og_description":"\u00c9stas son las cr\u00f3nicas de los equipos del CEB Marc Gasol que han jugado este fin de semana:","og_url":"https:\/\/basquetgirona.com\/es\/noticia\/derrotas-ajustadas-de-los-infantiles-2\/","og_site_name":"Basquet Girona","article_publisher":"https:\/\/www.facebook.com\/BasquetGironaOficial","article_modified_time":"2025-08-05T06:00:39+00:00","og_image":[{"url":"https:\/\/basquetgirona.com\/wp-content\/uploads\/2016\/11\/11-abr-351x185-1.jpg","width":1,"height":1,"type":"image\/jpeg"}],"twitter_card":"summary_large_image","twitter_site":"@BasquetGirona","twitter_misc":{"Tiempo de lectura":"2 minutos"},"schema":{"@context":"https:\/\/schema.org","@graph":[{"@type":"NewsArticle","@id":"https:\/\/basquetgirona.com\/es\/noticia\/derrotas-ajustadas-de-los-infantiles-2\/#article","isPartOf":{"@id":"https:\/\/basquetgirona.com\/es\/noticia\/derrotas-ajustadas-de-los-infantiles-2\/"},"author":{"name":"wp6tems","@id":"https:\/\/basquetgirona.com\/es\/#\/schema\/person\/23e2f6077a380ef4bcbafe12c1c99532"},"headline":"Derrotas ajustadas de los infantiles","datePublished":"2016-04-11T00:00:00+00:00","dateModified":"2025-08-05T06:00:39+00:00","mainEntityOfPage":{"@id":"https:\/\/basquetgirona.com\/es\/noticia\/derrotas-ajustadas-de-los-infantiles-2\/"},"wordCount":412,"commentCount":0,"publisher":{"@id":"https:\/\/basquetgirona.com\/es\/#organization"},"inLanguage":"es"},{"@type":["WebPage","ItemPage"],"@id":"https:\/\/basquetgirona.com\/es\/noticia\/derrotas-ajustadas-de-los-infantiles-2\/","url":"https:\/\/basquetgirona.com\/es\/noticia\/derrotas-ajustadas-de-los-infantiles-2\/","name":"Derrotas ajustadas de los infantiles - Basquet Girona","isPartOf":{"@id":"https:\/\/basquetgirona.com\/es\/#website"},"datePublished":"2016-04-11T00:00:00+00:00","dateModified":"2025-08-05T06:00:39+00:00","breadcrumb":{"@id":"https:\/\/basquetgirona.com\/es\/noticia\/derrotas-ajustadas-de-los-infantiles-2\/#breadcrumb"},"inLanguage":"es","potentialAction":[{"@type":"ReadAction","target":["https:\/\/basquetgirona.com\/es\/noticia\/derrotas-ajustadas-de-los-infantiles-2\/"]}]},{"@type":"BreadcrumbList","@id":"https:\/\/basquetgirona.com\/es\/noticia\/derrotas-ajustadas-de-los-infantiles-2\/#breadcrumb","itemListElement":[{"@type":"ListItem","position":1,"name":"Inici","item":"https:\/\/basquetgirona.com\/es\/"},{"@type":"ListItem","position":2,"name":"Derrotas ajustadas de los infantiles"}]},{"@type":"WebSite","@id":"https:\/\/basquetgirona.com\/es\/#website","url":"https:\/\/basquetgirona.com\/es\/","name":"Basquet Girona","description":"","publisher":{"@id":"https:\/\/basquetgirona.com\/es\/#organization"},"potentialAction":[{"@type":"SearchAction","target":{"@type":"EntryPoint","urlTemplate":"https:\/\/basquetgirona.com\/es\/?s={search_term_string}"},"query-input":"required name=search_term_string"}],"inLanguage":"es"},{"@type":"Organization","@id":"https:\/\/basquetgirona.com\/es\/#organization","name":"Basquet Girona","url":"https:\/\/basquetgirona.com\/es\/","logo":{"@type":"ImageObject","inLanguage":"es","@id":"https:\/\/basquetgirona.com\/es\/#\/schema\/logo\/image\/","url":"https:\/\/basquetgirona.com\/wp-content\/uploads\/2023\/02\/girona-logo1.png","contentUrl":"https:\/\/basquetgirona.com\/wp-content\/uploads\/2023\/02\/girona-logo1.png","width":124,"height":136,"caption":"Basquet Girona"},"image":{"@id":"https:\/\/basquetgirona.com\/es\/#\/schema\/logo\/image\/"},"sameAs":["https:\/\/www.facebook.com\/BasquetGironaOficial","https:\/\/twitter.com\/BasquetGirona","https:\/\/www.instagram.com\/basquetgirona\/","https:\/\/es.linkedin.com\/company\/bsquet-girona","https:\/\/www.tiktok.com\/@basquetgirona"]},{"@type":"Person","@id":"https:\/\/basquetgirona.com\/es\/#\/schema\/person\/23e2f6077a380ef4bcbafe12c1c99532","name":"wp6tems","image":{"@type":"ImageObject","inLanguage":"es","@id":"https:\/\/basquetgirona.com\/es\/#\/schema\/person\/image\/","url":"https:\/\/secure.gravatar.com\/avatar\/bb7e7b41fd75599f16e2481d79259374553199dc2bee29aa20aa615e30729456?s=96&d=mm&r=g","contentUrl":"https:\/\/secure.gravatar.com\/avatar\/bb7e7b41fd75599f16e2481d79259374553199dc2bee29aa20aa615e30729456?s=96&d=mm&r=g","caption":"wp6tems"},"sameAs":["https:\/\/basquetgirona.com"],"url":"https:\/\/basquetgirona.com\/es\/author\/wp6tems\/"}]}},"acf":[],"_links":{"self":[{"href":"https:\/\/basquetgirona.com\/es\/wp-json\/wp\/v2\/noticia\/25131","targetHints":{"allow":["GET"]}}],"collection":[{"href":"https:\/\/basquetgirona.com\/es\/wp-json\/wp\/v2\/noticia"}],"about":[{"href":"https:\/\/basquetgirona.com\/es\/wp-json\/wp\/v2\/types\/noticia"}],"author":[{"embeddable":true,"href":"https:\/\/basquetgirona.com\/es\/wp-json\/wp\/v2\/users\/1"}],"version-history":[{"count":3,"href":"https:\/\/basquetgirona.com\/es\/wp-json\/wp\/v2\/noticia\/25131\/revisions"}],"predecessor-version":[{"id":43952,"href":"https:\/\/basquetgirona.com\/es\/wp-json\/wp\/v2\/noticia\/25131\/revisions\/43952"}],"wp:featuredmedia":[{"embeddable":true,"href":"https:\/\/basquetgirona.com\/es\/wp-json\/wp\/v2\/media\/9882"}],"wp:attachment":[{"href":"https:\/\/basquetgirona.com\/es\/wp-json\/wp\/v2\/media?parent=25131"}],"wp:term":[{"taxonomy":"categoria_noticia","embeddable":true,"href":"https:\/\/basquetgirona.com\/es\/wp-json\/wp\/v2\/categoria_noticia?post=25131"}],"curies":[{"name":"wp","href":"https:\/\/api.w.org\/{rel}","templated":true}]}}