{"id":25134,"date":"2016-03-21T00:00:00","date_gmt":"2016-03-21T00:00:00","guid":{"rendered":"https:\/\/basquetgirona.com\/noticia\/derrotas-ajustadas-del-cadete-a-y-el-junior-b-2\/"},"modified":"2026-02-11T12:15:36","modified_gmt":"2026-02-11T12:15:36","slug":"derrotas-ajustadas-del-cadete-a-y-el-junior-b-2","status":"publish","type":"noticia","link":"https:\/\/basquetgirona.com\/es\/noticia\/derrotas-ajustadas-del-cadete-a-y-el-junior-b-2\/","title":{"rendered":"Derrotas ajustadas del Cadete A y el J\u00fanior B"},"content":{"rendered":"<p><strong>El Infantil B se impone claramente en el Bisbal Baloncesto<\/strong><br \/> El Infantil B domin\u00f3 el partido desde el inicio y eso les permiti\u00f3 marcharse al descanso con una ventaja de 41-22. En la reanudaci\u00f3n, los gerundenses ensancharon un poco las distancias en el marcador, pero en los \u00faltimos dos cuartos la Bisbal redujo ligeramente las diferencias. Pero al final, el Infantil B se impuso por 74-50.<\/p>\n<p><img loading=\"lazy\" decoding=\"async\" src=\"https:\/\/basquetgirona.com\/wp-content\/uploads\/2023\/09\/21-mar-IMG1.jpg\" alt=\"\" width=\"600\" height=\"400\"><\/p>\n<p><strong><br \/><\/strong><\/p>\n<p><strong>Victoria del Cadete B ante el Sant Gervasi<\/strong><br \/> El Cadete B se impuso ante el Sant Gervasi. En el primer cuarto un parcial de los gerundenses de 11-0 supuso un golpe de efecto en el partido. A partir de entonces, el Cadete B fue ensanchando diferencias en el marcador poco a poco, sin poder romper por completo el enfrentamiento. Al final, victoria 82-67, en un encuentro en el que Miquel Vall\u00e8s no disput\u00f3 ning\u00fan minuto a causa de una lesi\u00f3n.&nbsp;<\/p>\n<p><img loading=\"lazy\" decoding=\"async\" src=\"https:\/\/basquetgirona.com\/wp-content\/uploads\/2023\/09\/21-mar-IMG2.jpg\" alt=\"\" width=\"600\" height=\"400\"><\/p>\n<p><strong>El Cadete A cae en Montfalgars en un partido ajustado<\/strong><br \/> Los gerundenses perdieron 88-95 en un encuentro con mucha efectividad ofensiva y con alto ritmo de juego en el que un parcial de 0-11 en el segundo cuarto favorable a los visitantes marc\u00f3 buena parte del partido. Tras el 40-47 del descanso, el Cadete A redujo distancias en el \u00faltimo cuarto hasta situarse 88-89 a falta de poco m\u00e1s de dos minutos para el final. Un \u00faltimo parcial de 0-6 permiti\u00f3 al Manyanet Molins \u2013 Olost llevarse la victoria de Montfalgars. Los locales ten\u00edan las bajas de Guillem D\u00edaz por actividad acad\u00e9mica y Marc Mateu por lesi\u00f3n.&nbsp;<\/p>\n<p><img loading=\"lazy\" decoding=\"async\" src=\"https:\/\/basquetgirona.com\/wp-content\/uploads\/2023\/09\/21-mar-IMG3.jpg\" alt=\"\" width=\"600\" height=\"400\"><\/p>\n<p><strong>El J\u00fanior B pierde de un punto en Badalona<\/strong><br \/> Los gerundenses, que contaban con las bajas por lesi\u00f3n de Aniol Quintana, Adri\u00e0 Cortijo y Christian Sanchez, tuvieron las novedades de los jugadores del Cadete A Edu Ramos y Alex Gallart. El Junior B suma la segunda jornada consecutiva cayendo por un punto (58-57), tras disponer de un lanzamiento bajo canasta para llevarse la victoria.  &nbsp;<\/p>\n<p><img loading=\"lazy\" decoding=\"async\" src=\"https:\/\/basquetgirona.com\/wp-content\/uploads\/2023\/09\/21-mar-IMG4.jpg\" alt=\"\" width=\"600\" height=\"400\"><\/p>\n<p><strong>Victoria amplia del J\u00fanior A en Sant Gregori<\/strong><br \/> El J\u00fanior A sum\u00f3 una clara victoria en la pista del CB Sant Gregori, al imponerse 20-77. Los gerundenses, que dominaban 6-26 al final del primer cuarto, dominaron el partido pese a realizar unos primeros minutos de partido con indecisiones. El conjunto dirigido por Quim Gala y Bernat de las Heras fue ampliando distancias en el marcador hasta conseguir un triunfo que les mantiene l\u00edderes en solitario. El Junior A ha tenido las bajas de Joaqu\u00edn Giovanardi y Pau Gomez.<\/p>\n<p><img loading=\"lazy\" decoding=\"async\" src=\"https:\/\/basquetgirona.com\/wp-content\/uploads\/2023\/09\/21-mar-IMG5.jpg\" alt=\"\" width=\"600\" height=\"400\"><\/p>\n","protected":false},"excerpt":{"rendered":"<p>\u00c9stas son las cr\u00f3nicas de los partidos disputados los d\u00edas 11, 12 y 13 de marzo. El Infantil A disput\u00f3 el partido de esta jornada hace un mes en la pista del Joventut Badalona: <\/p>\n","protected":false},"author":1,"featured_media":9997,"menu_order":0,"template":"","categoria_noticia":[],"class_list":["post-25134","noticia","type-noticia","status-publish","has-post-thumbnail","hentry"],"yoast_head":"<!-- This site is optimized with the Yoast SEO plugin v22.0 - https:\/\/yoast.com\/wordpress\/plugins\/seo\/ -->\n<title>Derrotas ajustadas del Cadete A y el J\u00fanior B - Basquet Girona<\/title>\n<meta name=\"robots\" content=\"index, follow, max-snippet:-1, max-image-preview:large, max-video-preview:-1\" \/>\n<link rel=\"canonical\" href=\"https:\/\/basquetgirona.com\/es\/noticia\/derrotas-ajustadas-del-cadete-a-y-el-junior-b-2\/\" \/>\n<meta property=\"og:locale\" content=\"es_ES\" \/>\n<meta property=\"og:type\" content=\"article\" \/>\n<meta property=\"og:title\" content=\"Derrotas ajustadas del Cadete A y el J\u00fanior B - Basquet Girona\" \/>\n<meta property=\"og:description\" content=\"\u00c9stas son las cr\u00f3nicas de los partidos disputados los d\u00edas 11, 12 y 13 de marzo. El Infantil A disput\u00f3 el partido de esta jornada hace un mes en la pista del Joventut Badalona:\" \/>\n<meta property=\"og:url\" content=\"https:\/\/basquetgirona.com\/es\/noticia\/derrotas-ajustadas-del-cadete-a-y-el-junior-b-2\/\" \/>\n<meta property=\"og:site_name\" content=\"Basquet Girona\" \/>\n<meta property=\"article:publisher\" content=\"https:\/\/www.facebook.com\/BasquetGironaOficial\" \/>\n<meta property=\"article:modified_time\" content=\"2026-02-11T12:15:36+00:00\" \/>\n<meta property=\"og:image\" content=\"https:\/\/basquetgirona.com\/wp-content\/uploads\/2023\/09\/21-mar-351x185-1.jpg\" \/>\n\t<meta property=\"og:image:width\" content=\"1\" \/>\n\t<meta property=\"og:image:height\" content=\"1\" \/>\n\t<meta property=\"og:image:type\" content=\"image\/jpeg\" \/>\n<meta name=\"twitter:card\" content=\"summary_large_image\" \/>\n<meta name=\"twitter:site\" content=\"@BasquetGirona\" \/>\n<meta name=\"twitter:label1\" content=\"Tiempo de lectura\" \/>\n\t<meta name=\"twitter:data1\" content=\"2 minutos\" \/>\n<!-- \/ Yoast SEO plugin. -->","yoast_head_json":{"title":"Derrotas ajustadas del Cadete A y el J\u00fanior B - Basquet Girona","robots":{"index":"index","follow":"follow","max-snippet":"max-snippet:-1","max-image-preview":"max-image-preview:large","max-video-preview":"max-video-preview:-1"},"canonical":"https:\/\/basquetgirona.com\/es\/noticia\/derrotas-ajustadas-del-cadete-a-y-el-junior-b-2\/","og_locale":"es_ES","og_type":"article","og_title":"Derrotas ajustadas del Cadete A y el J\u00fanior B - Basquet Girona","og_description":"\u00c9stas son las cr\u00f3nicas de los partidos disputados los d\u00edas 11, 12 y 13 de marzo. El Infantil A disput\u00f3 el partido de esta jornada hace un mes en la pista del Joventut Badalona:","og_url":"https:\/\/basquetgirona.com\/es\/noticia\/derrotas-ajustadas-del-cadete-a-y-el-junior-b-2\/","og_site_name":"Basquet Girona","article_publisher":"https:\/\/www.facebook.com\/BasquetGironaOficial","article_modified_time":"2026-02-11T12:15:36+00:00","og_image":[{"url":"https:\/\/basquetgirona.com\/wp-content\/uploads\/2023\/09\/21-mar-351x185-1.jpg","width":1,"height":1,"type":"image\/jpeg"}],"twitter_card":"summary_large_image","twitter_site":"@BasquetGirona","twitter_misc":{"Tiempo de lectura":"2 minutos"},"schema":{"@context":"https:\/\/schema.org","@graph":[{"@type":"NewsArticle","@id":"https:\/\/basquetgirona.com\/es\/noticia\/derrotas-ajustadas-del-cadete-a-y-el-junior-b-2\/#article","isPartOf":{"@id":"https:\/\/basquetgirona.com\/es\/noticia\/derrotas-ajustadas-del-cadete-a-y-el-junior-b-2\/"},"author":{"name":"wp6tems","@id":"https:\/\/basquetgirona.com\/es\/#\/schema\/person\/23e2f6077a380ef4bcbafe12c1c99532"},"headline":"Derrotas ajustadas del Cadete A y el J\u00fanior B","datePublished":"2016-03-21T00:00:00+00:00","dateModified":"2026-02-11T12:15:36+00:00","mainEntityOfPage":{"@id":"https:\/\/basquetgirona.com\/es\/noticia\/derrotas-ajustadas-del-cadete-a-y-el-junior-b-2\/"},"wordCount":432,"commentCount":0,"publisher":{"@id":"https:\/\/basquetgirona.com\/es\/#organization"},"inLanguage":"es"},{"@type":["WebPage","ItemPage"],"@id":"https:\/\/basquetgirona.com\/es\/noticia\/derrotas-ajustadas-del-cadete-a-y-el-junior-b-2\/","url":"https:\/\/basquetgirona.com\/es\/noticia\/derrotas-ajustadas-del-cadete-a-y-el-junior-b-2\/","name":"Derrotas ajustadas del Cadete A y el J\u00fanior B - Basquet Girona","isPartOf":{"@id":"https:\/\/basquetgirona.com\/es\/#website"},"datePublished":"2016-03-21T00:00:00+00:00","dateModified":"2026-02-11T12:15:36+00:00","breadcrumb":{"@id":"https:\/\/basquetgirona.com\/es\/noticia\/derrotas-ajustadas-del-cadete-a-y-el-junior-b-2\/#breadcrumb"},"inLanguage":"es","potentialAction":[{"@type":"ReadAction","target":["https:\/\/basquetgirona.com\/es\/noticia\/derrotas-ajustadas-del-cadete-a-y-el-junior-b-2\/"]}]},{"@type":"BreadcrumbList","@id":"https:\/\/basquetgirona.com\/es\/noticia\/derrotas-ajustadas-del-cadete-a-y-el-junior-b-2\/#breadcrumb","itemListElement":[{"@type":"ListItem","position":1,"name":"Inici","item":"https:\/\/basquetgirona.com\/es\/"},{"@type":"ListItem","position":2,"name":"Derrotas ajustadas del Cadete A y el J\u00fanior B"}]},{"@type":"WebSite","@id":"https:\/\/basquetgirona.com\/es\/#website","url":"https:\/\/basquetgirona.com\/es\/","name":"Basquet Girona","description":"","publisher":{"@id":"https:\/\/basquetgirona.com\/es\/#organization"},"potentialAction":[{"@type":"SearchAction","target":{"@type":"EntryPoint","urlTemplate":"https:\/\/basquetgirona.com\/es\/?s={search_term_string}"},"query-input":"required name=search_term_string"}],"inLanguage":"es"},{"@type":"Organization","@id":"https:\/\/basquetgirona.com\/es\/#organization","name":"Basquet Girona","url":"https:\/\/basquetgirona.com\/es\/","logo":{"@type":"ImageObject","inLanguage":"es","@id":"https:\/\/basquetgirona.com\/es\/#\/schema\/logo\/image\/","url":"https:\/\/basquetgirona.com\/wp-content\/uploads\/2023\/02\/girona-logo1.png","contentUrl":"https:\/\/basquetgirona.com\/wp-content\/uploads\/2023\/02\/girona-logo1.png","width":124,"height":136,"caption":"Basquet Girona"},"image":{"@id":"https:\/\/basquetgirona.com\/es\/#\/schema\/logo\/image\/"},"sameAs":["https:\/\/www.facebook.com\/BasquetGironaOficial","https:\/\/twitter.com\/BasquetGirona","https:\/\/www.instagram.com\/basquetgirona\/","https:\/\/es.linkedin.com\/company\/bsquet-girona","https:\/\/www.tiktok.com\/@basquetgirona"]},{"@type":"Person","@id":"https:\/\/basquetgirona.com\/es\/#\/schema\/person\/23e2f6077a380ef4bcbafe12c1c99532","name":"wp6tems","image":{"@type":"ImageObject","inLanguage":"es","@id":"https:\/\/basquetgirona.com\/es\/#\/schema\/person\/image\/","url":"https:\/\/secure.gravatar.com\/avatar\/bb7e7b41fd75599f16e2481d79259374553199dc2bee29aa20aa615e30729456?s=96&d=mm&r=g","contentUrl":"https:\/\/secure.gravatar.com\/avatar\/bb7e7b41fd75599f16e2481d79259374553199dc2bee29aa20aa615e30729456?s=96&d=mm&r=g","caption":"wp6tems"},"sameAs":["https:\/\/basquetgirona.com"],"url":"https:\/\/basquetgirona.com\/es\/author\/wp6tems\/"}]}},"acf":[],"_links":{"self":[{"href":"https:\/\/basquetgirona.com\/es\/wp-json\/wp\/v2\/noticia\/25134","targetHints":{"allow":["GET"]}}],"collection":[{"href":"https:\/\/basquetgirona.com\/es\/wp-json\/wp\/v2\/noticia"}],"about":[{"href":"https:\/\/basquetgirona.com\/es\/wp-json\/wp\/v2\/types\/noticia"}],"author":[{"embeddable":true,"href":"https:\/\/basquetgirona.com\/es\/wp-json\/wp\/v2\/users\/1"}],"version-history":[{"count":5,"href":"https:\/\/basquetgirona.com\/es\/wp-json\/wp\/v2\/noticia\/25134\/revisions"}],"predecessor-version":[{"id":55731,"href":"https:\/\/basquetgirona.com\/es\/wp-json\/wp\/v2\/noticia\/25134\/revisions\/55731"}],"wp:featuredmedia":[{"embeddable":true,"href":"https:\/\/basquetgirona.com\/es\/wp-json\/wp\/v2\/media\/9997"}],"wp:attachment":[{"href":"https:\/\/basquetgirona.com\/es\/wp-json\/wp\/v2\/media?parent=25134"}],"wp:term":[{"taxonomy":"categoria_noticia","embeddable":true,"href":"https:\/\/basquetgirona.com\/es\/wp-json\/wp\/v2\/categoria_noticia?post=25134"}],"curies":[{"name":"wp","href":"https:\/\/api.w.org\/{rel}","templated":true}]}}