{"id":25138,"date":"2016-03-18T00:00:00","date_gmt":"2016-03-18T00:00:00","guid":{"rendered":"https:\/\/basquetgirona.com\/noticia\/el-infantil-a-listo-para-el-global-basketball-experience\/"},"modified":"2026-02-11T12:15:35","modified_gmt":"2026-02-11T12:15:35","slug":"el-infantil-a-listo-para-el-global-basketball-experience","status":"publish","type":"noticia","link":"https:\/\/basquetgirona.com\/es\/noticia\/el-infantil-a-listo-para-el-global-basketball-experience\/","title":{"rendered":"El Infantil A, listo para el Global Basketball Experience"},"content":{"rendered":"<p>El Infantil A participar\u00e1 en el primer U14 Global Basketball Experience 2016, un torneo de baloncesto para Infantiles que se celebrar\u00e1 por primera vez entre Lloret de Mar y Blanes del 19 al 24 de marzo. Este evento contar\u00e1 con 30 equipos -22 masculinos y 8 femeninos- y un total de 360 \u200b\u200bjugadores de todo el mundo, aparte de representantes locales y de toda Espa\u00f1a. Serbia, Portugal, Alemania, Jap\u00f3n, Holanda y Francia estar\u00e1n representados en este evento del baloncesto en el que la selecci\u00f3n catalana femenina, actual campeona de Espa\u00f1a, tambi\u00e9n participar\u00e1.  <\/p>\n<p>Para CEB Marc Gasol, dada su vinculaci\u00f3n con Girona, supone un honor participar en el U14 Global Basketball Experience 2016 celebrado en nuestra comarca. Asimismo, la orientaci\u00f3n del torneo hacia la formaci\u00f3n de los jugadores se identifica con uno de los pilares de nuestra entidad. Esta cita tambi\u00e9n permitir\u00e1 al equipo dirigido por Albert Roca y David Fernandez disfrutar de seis d\u00edas con partidos ante otros clubs de todo el mundo,  &nbsp;<a href=\"http:\/\/globasket.com\/news\/93-for-ceb-marc-gasol-it-is-a-huge-motivation-that-globasket-be-held-in-girona.html\" target=\"_blank\" rel=\"noopener\">una experiencia enriquecedora y una aportaci\u00f3n m\u00e1s en la formaci\u00f3n de los jugadores<\/a> .<\/p>\n<p>En la primera fase, el Infantil A debutar\u00e1 este domingo 20 de marzo ante el Partizan de Belgrado (9:30 horas) y por la tarde se enfrentar\u00e1 al Sama (17:45 horas). El lunes jugar\u00e1 ante el FC Barcelona (11:00 horas) en el \u00faltimo partido de esta primera fase. <\/p>\n","protected":false},"excerpt":{"rendered":"<p>El Infantil A participar\u00e1 en el primer U14 Global Basketball Experience 2016, un torneo de baloncesto para Infantiles que se celebrar\u00e1 por primera vez entre Lloret de Mar y Blanes del 19 al 24 de marzo. Este evento contar\u00e1 con 30 equipos -22 masculinos y 8 femeninos- y un total de 360 \u200b\u200bjugadores de todo [&hellip;]<\/p>\n","protected":false},"author":1,"featured_media":10001,"menu_order":0,"template":"","categoria_noticia":[],"class_list":["post-25138","noticia","type-noticia","status-publish","has-post-thumbnail","hentry"],"yoast_head":"<!-- This site is optimized with the Yoast SEO plugin v22.0 - https:\/\/yoast.com\/wordpress\/plugins\/seo\/ -->\n<title>El Infantil A, listo para el Global Basketball Experience - Basquet Girona<\/title>\n<meta name=\"robots\" content=\"index, follow, max-snippet:-1, max-image-preview:large, max-video-preview:-1\" \/>\n<link rel=\"canonical\" href=\"https:\/\/basquetgirona.com\/es\/noticia\/el-infantil-a-listo-para-el-global-basketball-experience\/\" \/>\n<meta property=\"og:locale\" content=\"es_ES\" \/>\n<meta property=\"og:type\" content=\"article\" \/>\n<meta property=\"og:title\" content=\"El Infantil A, listo para el Global Basketball Experience - Basquet Girona\" \/>\n<meta property=\"og:description\" content=\"El Infantil A participar\u00e1 en el primer U14 Global Basketball Experience 2016, un torneo de baloncesto para Infantiles que se celebrar\u00e1 por primera vez entre Lloret de Mar y Blanes del 19 al 24 de marzo. Este evento contar\u00e1 con 30 equipos -22 masculinos y 8 femeninos- y un total de 360 \u200b\u200bjugadores de todo [&hellip;]\" \/>\n<meta property=\"og:url\" content=\"https:\/\/basquetgirona.com\/es\/noticia\/el-infantil-a-listo-para-el-global-basketball-experience\/\" \/>\n<meta property=\"og:site_name\" content=\"Basquet Girona\" \/>\n<meta property=\"article:publisher\" content=\"https:\/\/www.facebook.com\/BasquetGironaOficial\" \/>\n<meta property=\"article:modified_time\" content=\"2026-02-11T12:15:35+00:00\" \/>\n<meta property=\"og:image\" content=\"https:\/\/basquetgirona.com\/wp-content\/uploads\/2023\/09\/ceb-marc-gasol-351x185-1.jpg\" \/>\n\t<meta property=\"og:image:width\" content=\"1\" \/>\n\t<meta property=\"og:image:height\" content=\"1\" \/>\n\t<meta property=\"og:image:type\" content=\"image\/jpeg\" \/>\n<meta name=\"twitter:card\" content=\"summary_large_image\" \/>\n<meta name=\"twitter:site\" content=\"@BasquetGirona\" \/>\n<meta name=\"twitter:label1\" content=\"Tiempo de lectura\" \/>\n\t<meta name=\"twitter:data1\" content=\"1 minuto\" \/>\n<!-- \/ Yoast SEO plugin. -->","yoast_head_json":{"title":"El Infantil A, listo para el Global Basketball Experience - Basquet Girona","robots":{"index":"index","follow":"follow","max-snippet":"max-snippet:-1","max-image-preview":"max-image-preview:large","max-video-preview":"max-video-preview:-1"},"canonical":"https:\/\/basquetgirona.com\/es\/noticia\/el-infantil-a-listo-para-el-global-basketball-experience\/","og_locale":"es_ES","og_type":"article","og_title":"El Infantil A, listo para el Global Basketball Experience - Basquet Girona","og_description":"El Infantil A participar\u00e1 en el primer U14 Global Basketball Experience 2016, un torneo de baloncesto para Infantiles que se celebrar\u00e1 por primera vez entre Lloret de Mar y Blanes del 19 al 24 de marzo. Este evento contar\u00e1 con 30 equipos -22 masculinos y 8 femeninos- y un total de 360 \u200b\u200bjugadores de todo [&hellip;]","og_url":"https:\/\/basquetgirona.com\/es\/noticia\/el-infantil-a-listo-para-el-global-basketball-experience\/","og_site_name":"Basquet Girona","article_publisher":"https:\/\/www.facebook.com\/BasquetGironaOficial","article_modified_time":"2026-02-11T12:15:35+00:00","og_image":[{"url":"https:\/\/basquetgirona.com\/wp-content\/uploads\/2023\/09\/ceb-marc-gasol-351x185-1.jpg","width":1,"height":1,"type":"image\/jpeg"}],"twitter_card":"summary_large_image","twitter_site":"@BasquetGirona","twitter_misc":{"Tiempo de lectura":"1 minuto"},"schema":{"@context":"https:\/\/schema.org","@graph":[{"@type":"NewsArticle","@id":"https:\/\/basquetgirona.com\/es\/noticia\/el-infantil-a-listo-para-el-global-basketball-experience\/#article","isPartOf":{"@id":"https:\/\/basquetgirona.com\/es\/noticia\/el-infantil-a-listo-para-el-global-basketball-experience\/"},"author":{"name":"wp6tems","@id":"https:\/\/basquetgirona.com\/es\/#\/schema\/person\/23e2f6077a380ef4bcbafe12c1c99532"},"headline":"El Infantil A, listo para el Global Basketball Experience","datePublished":"2016-03-18T00:00:00+00:00","dateModified":"2026-02-11T12:15:35+00:00","mainEntityOfPage":{"@id":"https:\/\/basquetgirona.com\/es\/noticia\/el-infantil-a-listo-para-el-global-basketball-experience\/"},"wordCount":236,"commentCount":0,"publisher":{"@id":"https:\/\/basquetgirona.com\/es\/#organization"},"inLanguage":"es"},{"@type":["WebPage","ItemPage"],"@id":"https:\/\/basquetgirona.com\/es\/noticia\/el-infantil-a-listo-para-el-global-basketball-experience\/","url":"https:\/\/basquetgirona.com\/es\/noticia\/el-infantil-a-listo-para-el-global-basketball-experience\/","name":"El Infantil A, listo para el Global Basketball Experience - Basquet Girona","isPartOf":{"@id":"https:\/\/basquetgirona.com\/es\/#website"},"datePublished":"2016-03-18T00:00:00+00:00","dateModified":"2026-02-11T12:15:35+00:00","breadcrumb":{"@id":"https:\/\/basquetgirona.com\/es\/noticia\/el-infantil-a-listo-para-el-global-basketball-experience\/#breadcrumb"},"inLanguage":"es","potentialAction":[{"@type":"ReadAction","target":["https:\/\/basquetgirona.com\/es\/noticia\/el-infantil-a-listo-para-el-global-basketball-experience\/"]}]},{"@type":"BreadcrumbList","@id":"https:\/\/basquetgirona.com\/es\/noticia\/el-infantil-a-listo-para-el-global-basketball-experience\/#breadcrumb","itemListElement":[{"@type":"ListItem","position":1,"name":"Inici","item":"https:\/\/basquetgirona.com\/es\/"},{"@type":"ListItem","position":2,"name":"El Infantil A, listo para el Global Basketball Experience"}]},{"@type":"WebSite","@id":"https:\/\/basquetgirona.com\/es\/#website","url":"https:\/\/basquetgirona.com\/es\/","name":"Basquet Girona","description":"","publisher":{"@id":"https:\/\/basquetgirona.com\/es\/#organization"},"potentialAction":[{"@type":"SearchAction","target":{"@type":"EntryPoint","urlTemplate":"https:\/\/basquetgirona.com\/es\/?s={search_term_string}"},"query-input":"required name=search_term_string"}],"inLanguage":"es"},{"@type":"Organization","@id":"https:\/\/basquetgirona.com\/es\/#organization","name":"Basquet Girona","url":"https:\/\/basquetgirona.com\/es\/","logo":{"@type":"ImageObject","inLanguage":"es","@id":"https:\/\/basquetgirona.com\/es\/#\/schema\/logo\/image\/","url":"https:\/\/basquetgirona.com\/wp-content\/uploads\/2023\/02\/girona-logo1.png","contentUrl":"https:\/\/basquetgirona.com\/wp-content\/uploads\/2023\/02\/girona-logo1.png","width":124,"height":136,"caption":"Basquet Girona"},"image":{"@id":"https:\/\/basquetgirona.com\/es\/#\/schema\/logo\/image\/"},"sameAs":["https:\/\/www.facebook.com\/BasquetGironaOficial","https:\/\/twitter.com\/BasquetGirona","https:\/\/www.instagram.com\/basquetgirona\/","https:\/\/es.linkedin.com\/company\/bsquet-girona","https:\/\/www.tiktok.com\/@basquetgirona"]},{"@type":"Person","@id":"https:\/\/basquetgirona.com\/es\/#\/schema\/person\/23e2f6077a380ef4bcbafe12c1c99532","name":"wp6tems","image":{"@type":"ImageObject","inLanguage":"es","@id":"https:\/\/basquetgirona.com\/es\/#\/schema\/person\/image\/","url":"https:\/\/secure.gravatar.com\/avatar\/bb7e7b41fd75599f16e2481d79259374553199dc2bee29aa20aa615e30729456?s=96&d=mm&r=g","contentUrl":"https:\/\/secure.gravatar.com\/avatar\/bb7e7b41fd75599f16e2481d79259374553199dc2bee29aa20aa615e30729456?s=96&d=mm&r=g","caption":"wp6tems"},"sameAs":["https:\/\/basquetgirona.com"],"url":"https:\/\/basquetgirona.com\/es\/author\/wp6tems\/"}]}},"acf":[],"_links":{"self":[{"href":"https:\/\/basquetgirona.com\/es\/wp-json\/wp\/v2\/noticia\/25138","targetHints":{"allow":["GET"]}}],"collection":[{"href":"https:\/\/basquetgirona.com\/es\/wp-json\/wp\/v2\/noticia"}],"about":[{"href":"https:\/\/basquetgirona.com\/es\/wp-json\/wp\/v2\/types\/noticia"}],"author":[{"embeddable":true,"href":"https:\/\/basquetgirona.com\/es\/wp-json\/wp\/v2\/users\/1"}],"version-history":[{"count":4,"href":"https:\/\/basquetgirona.com\/es\/wp-json\/wp\/v2\/noticia\/25138\/revisions"}],"predecessor-version":[{"id":46916,"href":"https:\/\/basquetgirona.com\/es\/wp-json\/wp\/v2\/noticia\/25138\/revisions\/46916"}],"wp:featuredmedia":[{"embeddable":true,"href":"https:\/\/basquetgirona.com\/es\/wp-json\/wp\/v2\/media\/10001"}],"wp:attachment":[{"href":"https:\/\/basquetgirona.com\/es\/wp-json\/wp\/v2\/media?parent=25138"}],"wp:term":[{"taxonomy":"categoria_noticia","embeddable":true,"href":"https:\/\/basquetgirona.com\/es\/wp-json\/wp\/v2\/categoria_noticia?post=25138"}],"curies":[{"name":"wp","href":"https:\/\/api.w.org\/{rel}","templated":true}]}}