{"id":25209,"date":"2023-10-21T00:00:00","date_gmt":"2023-10-21T00:00:00","guid":{"rendered":"https:\/\/basquetgirona.com\/noticia\/derrota-por-la-minima\/"},"modified":"2026-02-12T06:51:23","modified_gmt":"2026-02-12T06:51:23","slug":"derrota-por-la-minima","status":"publish","type":"noticia","link":"https:\/\/basquetgirona.com\/es\/noticia\/derrota-por-la-minima\/","title":{"rendered":"Derrota por la m\u00ednima"},"content":{"rendered":"<p class=\"p1\" style=\"text-align: justify;\">El partido comenz\u00f3 con un ritmo ofensivo destacado (7-10, 3&#8242;) tras un triple de Markel Brown, seguido de una superioridad gallega en ambos lados de la pista que les permiti\u00f3 hacer un parcial de 17-4 . La jerarqu\u00eda de Quino Colom, los puntos de Iroegbu y Brown, marcando la diferencia por fuera, y la buena actividad defensiva colectiva han permitido al equipo remontar primero con un parcial de 0-12 que se ha ensanchado hasta el 5-21 despu\u00e9s de dos tiros libres de \u00c8ric Vila (35-39).<\/p>\n<p class=\"p1\" style=\"text-align: justify;\">Como en el primer periodo, en la reanudaci\u00f3n, el Obradoiro ha logrado encontrar el acierto en el triple con un 4\/7 que ha catapultado su ataque, tambi\u00e9n por dentro, consiguiendo un parcial de 29-14 que le ha permitido tomar una ventaja de 11 puntos con Thomas Scrub l\u00edder (19 puntos y 32 de valoraci\u00f3n). La respuesta gerundense no ha tardado en llegar, con un parcial de 4-17 que le ha permitido remontar. En los minutos finales, el conjunto rival fue m\u00e1s entero en ataque y en defensa lo que le permiti\u00f3 llevarse la victoria (85-79).<span class=\"Apple-converted-space\">&nbsp;<\/span><\/p>\n<p class=\"p1\" style=\"text-align: justify;\"><span class=\"Apple-converted-space\"><br \/><\/span><\/p>\n<p class=\"p1\" style=\"text-align: justify;\"><strong>Ike Iroegbu, 20 puntos<\/strong><\/p>\n<p class=\"p1\" style=\"text-align: justify;\"><strong>Mindaugas Susinskas, 11 puntos y 16 de valoraci\u00f3n<\/strong><\/p>\n<p class=\"p1\" style=\"text-align: justify;\"><strong>Gy\u00f6rgy Golom\u00e1n, 13 puntos y 13 de valoraci\u00f3n<\/strong><\/p>\n<p class=\"p1\" style=\"text-align: justify;\"><a href=\"https:\/\/jv.acb.com\/es\/103723\/estadisticas\/ficha\"><span style=\"text-decoration: underline;\">Consulta la estad\u00edstica del partido<\/span><\/a><\/p>\n<p class=\"p1\" style=\"text-align: justify;\">&nbsp;<\/p>\n<p class=\"p1\" style=\"text-align: justify;\">Declaraciones postpartido:<\/p>\n<p class=\"p1\" style=\"text-align: justify;\">Salva Camps: \u201cHan sabido sobreponerse a las bajas que ten\u00edan al inicio del partido con jugadores suyos que han dado un paso al frente. Desgraciadamente nosotros, con bajas tambi\u00e9n, no hemos conseguido reproducirlo de la misma forma.&#8221;&nbsp;<\/p>\n<p class=\"p1\" style=\"text-align: justify;\">\u201cEl primer cuarto ha marcado el devenir del partido. Hemos estado mal en defensa, sin dinamismo ofensivo y en el segundo per\u00edodo hemos conseguido reaparecer a partir de la defensa. Desde entonces, hemos desaparecido.\u201d<\/p>\n","protected":false},"excerpt":{"rendered":"<p class=\"p1\">El equipo pierde en un partido fren\u00e9tico que acaba decidiendo en los instantes finales (85-79)<\/p>\n","protected":false},"author":1,"featured_media":15831,"menu_order":0,"template":"","categoria_noticia":[190],"class_list":["post-25209","noticia","type-noticia","status-publish","has-post-thumbnail","hentry","categoria_noticia-equipos"],"yoast_head":"<!-- This site is optimized with the Yoast SEO plugin v22.0 - https:\/\/yoast.com\/wordpress\/plugins\/seo\/ -->\n<title>Derrota por la m\u00ednima - Basquet Girona<\/title>\n<meta name=\"robots\" content=\"index, follow, max-snippet:-1, max-image-preview:large, max-video-preview:-1\" \/>\n<link rel=\"canonical\" href=\"https:\/\/basquetgirona.com\/es\/noticia\/derrota-por-la-minima\/\" \/>\n<meta property=\"og:locale\" content=\"es_ES\" \/>\n<meta property=\"og:type\" content=\"article\" \/>\n<meta property=\"og:title\" content=\"Derrota por la m\u00ednima - Basquet Girona\" \/>\n<meta property=\"og:description\" content=\"El equipo pierde en un partido fren\u00e9tico que acaba decidiendo en los instantes finales (85-79)\" \/>\n<meta property=\"og:url\" content=\"https:\/\/basquetgirona.com\/es\/noticia\/derrota-por-la-minima\/\" \/>\n<meta property=\"og:site_name\" content=\"Basquet Girona\" \/>\n<meta property=\"article:publisher\" content=\"https:\/\/www.facebook.com\/BasquetGironaOficial\" \/>\n<meta property=\"article:modified_time\" content=\"2026-02-12T06:51:23+00:00\" \/>\n<meta property=\"og:image\" content=\"https:\/\/basquetgirona.com\/wp-content\/uploads\/2023\/10\/webcronicaj6-2.png\" \/>\n\t<meta property=\"og:image:width\" content=\"1000\" \/>\n\t<meta property=\"og:image:height\" content=\"614\" \/>\n\t<meta property=\"og:image:type\" content=\"image\/png\" \/>\n<meta name=\"twitter:card\" content=\"summary_large_image\" \/>\n<meta name=\"twitter:site\" content=\"@BasquetGirona\" \/>\n<meta name=\"twitter:label1\" content=\"Tiempo de lectura\" \/>\n\t<meta name=\"twitter:data1\" content=\"2 minutos\" \/>\n<!-- \/ Yoast SEO plugin. -->","yoast_head_json":{"title":"Derrota por la m\u00ednima - Basquet Girona","robots":{"index":"index","follow":"follow","max-snippet":"max-snippet:-1","max-image-preview":"max-image-preview:large","max-video-preview":"max-video-preview:-1"},"canonical":"https:\/\/basquetgirona.com\/es\/noticia\/derrota-por-la-minima\/","og_locale":"es_ES","og_type":"article","og_title":"Derrota por la m\u00ednima - Basquet Girona","og_description":"El equipo pierde en un partido fren\u00e9tico que acaba decidiendo en los instantes finales (85-79)","og_url":"https:\/\/basquetgirona.com\/es\/noticia\/derrota-por-la-minima\/","og_site_name":"Basquet Girona","article_publisher":"https:\/\/www.facebook.com\/BasquetGironaOficial","article_modified_time":"2026-02-12T06:51:23+00:00","og_image":[{"width":1000,"height":614,"url":"https:\/\/basquetgirona.com\/wp-content\/uploads\/2023\/10\/webcronicaj6-2.png","type":"image\/png"}],"twitter_card":"summary_large_image","twitter_site":"@BasquetGirona","twitter_misc":{"Tiempo de lectura":"2 minutos"},"schema":{"@context":"https:\/\/schema.org","@graph":[{"@type":"NewsArticle","@id":"https:\/\/basquetgirona.com\/es\/noticia\/derrota-por-la-minima\/#article","isPartOf":{"@id":"https:\/\/basquetgirona.com\/es\/noticia\/derrota-por-la-minima\/"},"author":{"name":"wp6tems","@id":"https:\/\/basquetgirona.com\/es\/#\/schema\/person\/23e2f6077a380ef4bcbafe12c1c99532"},"headline":"Derrota por la m\u00ednima","datePublished":"2023-10-21T00:00:00+00:00","dateModified":"2026-02-12T06:51:23+00:00","mainEntityOfPage":{"@id":"https:\/\/basquetgirona.com\/es\/noticia\/derrota-por-la-minima\/"},"wordCount":291,"publisher":{"@id":"https:\/\/basquetgirona.com\/es\/#organization"},"inLanguage":"es"},{"@type":["WebPage","ItemPage"],"@id":"https:\/\/basquetgirona.com\/es\/noticia\/derrota-por-la-minima\/","url":"https:\/\/basquetgirona.com\/es\/noticia\/derrota-por-la-minima\/","name":"Derrota por la m\u00ednima - Basquet Girona","isPartOf":{"@id":"https:\/\/basquetgirona.com\/es\/#website"},"datePublished":"2023-10-21T00:00:00+00:00","dateModified":"2026-02-12T06:51:23+00:00","breadcrumb":{"@id":"https:\/\/basquetgirona.com\/es\/noticia\/derrota-por-la-minima\/#breadcrumb"},"inLanguage":"es","potentialAction":[{"@type":"ReadAction","target":["https:\/\/basquetgirona.com\/es\/noticia\/derrota-por-la-minima\/"]}]},{"@type":"BreadcrumbList","@id":"https:\/\/basquetgirona.com\/es\/noticia\/derrota-por-la-minima\/#breadcrumb","itemListElement":[{"@type":"ListItem","position":1,"name":"Inici","item":"https:\/\/basquetgirona.com\/es\/"},{"@type":"ListItem","position":2,"name":"Derrota por la m\u00ednima"}]},{"@type":"WebSite","@id":"https:\/\/basquetgirona.com\/es\/#website","url":"https:\/\/basquetgirona.com\/es\/","name":"Basquet Girona","description":"","publisher":{"@id":"https:\/\/basquetgirona.com\/es\/#organization"},"potentialAction":[{"@type":"SearchAction","target":{"@type":"EntryPoint","urlTemplate":"https:\/\/basquetgirona.com\/es\/?s={search_term_string}"},"query-input":"required name=search_term_string"}],"inLanguage":"es"},{"@type":"Organization","@id":"https:\/\/basquetgirona.com\/es\/#organization","name":"Basquet Girona","url":"https:\/\/basquetgirona.com\/es\/","logo":{"@type":"ImageObject","inLanguage":"es","@id":"https:\/\/basquetgirona.com\/es\/#\/schema\/logo\/image\/","url":"https:\/\/basquetgirona.com\/wp-content\/uploads\/2023\/02\/girona-logo1.png","contentUrl":"https:\/\/basquetgirona.com\/wp-content\/uploads\/2023\/02\/girona-logo1.png","width":124,"height":136,"caption":"Basquet Girona"},"image":{"@id":"https:\/\/basquetgirona.com\/es\/#\/schema\/logo\/image\/"},"sameAs":["https:\/\/www.facebook.com\/BasquetGironaOficial","https:\/\/twitter.com\/BasquetGirona","https:\/\/www.instagram.com\/basquetgirona\/","https:\/\/es.linkedin.com\/company\/bsquet-girona","https:\/\/www.tiktok.com\/@basquetgirona"]},{"@type":"Person","@id":"https:\/\/basquetgirona.com\/es\/#\/schema\/person\/23e2f6077a380ef4bcbafe12c1c99532","name":"wp6tems","image":{"@type":"ImageObject","inLanguage":"es","@id":"https:\/\/basquetgirona.com\/es\/#\/schema\/person\/image\/","url":"https:\/\/secure.gravatar.com\/avatar\/bb7e7b41fd75599f16e2481d79259374553199dc2bee29aa20aa615e30729456?s=96&d=mm&r=g","contentUrl":"https:\/\/secure.gravatar.com\/avatar\/bb7e7b41fd75599f16e2481d79259374553199dc2bee29aa20aa615e30729456?s=96&d=mm&r=g","caption":"wp6tems"},"sameAs":["https:\/\/basquetgirona.com"],"url":"https:\/\/basquetgirona.com\/es\/author\/wp6tems\/"}]}},"acf":[],"_links":{"self":[{"href":"https:\/\/basquetgirona.com\/es\/wp-json\/wp\/v2\/noticia\/25209","targetHints":{"allow":["GET"]}}],"collection":[{"href":"https:\/\/basquetgirona.com\/es\/wp-json\/wp\/v2\/noticia"}],"about":[{"href":"https:\/\/basquetgirona.com\/es\/wp-json\/wp\/v2\/types\/noticia"}],"author":[{"embeddable":true,"href":"https:\/\/basquetgirona.com\/es\/wp-json\/wp\/v2\/users\/1"}],"version-history":[{"count":1,"href":"https:\/\/basquetgirona.com\/es\/wp-json\/wp\/v2\/noticia\/25209\/revisions"}],"predecessor-version":[{"id":28126,"href":"https:\/\/basquetgirona.com\/es\/wp-json\/wp\/v2\/noticia\/25209\/revisions\/28126"}],"wp:featuredmedia":[{"embeddable":true,"href":"https:\/\/basquetgirona.com\/es\/wp-json\/wp\/v2\/media\/15831"}],"wp:attachment":[{"href":"https:\/\/basquetgirona.com\/es\/wp-json\/wp\/v2\/media?parent=25209"}],"wp:term":[{"taxonomy":"categoria_noticia","embeddable":true,"href":"https:\/\/basquetgirona.com\/es\/wp-json\/wp\/v2\/categoria_noticia?post=25209"}],"curies":[{"name":"wp","href":"https:\/\/api.w.org\/{rel}","templated":true}]}}