{"id":25218,"date":"2023-10-08T00:00:00","date_gmt":"2023-10-08T00:00:00","guid":{"rendered":"https:\/\/basquetgirona.com\/noticia\/derrota-contra-el-madrid\/"},"modified":"2025-04-02T14:21:22","modified_gmt":"2025-04-02T14:21:22","slug":"derrota-contra-el-madrid","status":"publish","type":"noticia","link":"https:\/\/basquetgirona.com\/es\/noticia\/derrota-contra-el-madrid\/","title":{"rendered":"Derrota contra el Madrid"},"content":{"rendered":"<p class=\"p1\" style=\"text-align: justify;\">El Baloncesto Girona ha ca\u00eddo por primera vez despu\u00e9s de no poder superar al Real Madrid, el ya \u00fanico equipo invicto de la categor\u00eda (74-93). En un primer per\u00edodo igualado con ventaja madrile\u00f1a, diferencial desde el per\u00edmetro, le ha seguido un segundo cuarto determinante en el que el conjunto blanco ha estirado la ventaja hasta los diecisiete puntos (28-45).<span class=\"Apple-converted-space\">&nbsp;<\/span><\/p>\n<p class=\"p1\" style=\"text-align: justify;\">En la reanudaci\u00f3n, el conjunto gerundense mostr\u00f3 una mejor versi\u00f3n ofensiva pero el Real Madrid castig\u00f3 toda intenci\u00f3n de reducir distancias a base de triples (16\/35, 46% de acierto, en todo el partido). El equipo dirigido por Salva Camps ha tenido continuidad atacante en el \u00faltimo per\u00edodo y ha conseguido cerrar bien el rebote y la defensa, ganando el \u00faltimo parcial por 22-15 (74-93).<span class=\"Apple-converted-space\">&nbsp;<\/span><\/p>\n<p class=\"p1\" style=\"text-align: justify;\">Consulta <a href=\"https:\/\/jv.acb.com\/es\/103761\/estadisticas\/ficha\"><span style=\"text-decoration: underline;\">la estad\u00edstica del partido<\/span><\/a><\/p>\n<p class=\"p1\" style=\"text-align: justify;\">Declaraciones postpartido:<\/p>\n<p class=\"p1\" style=\"text-align: justify;\">Salva Camps: \u201cNo hemos sido competitivos. Hoy no hemos sido capaces de competir. Desde el inicio del partido el Madrid ha controlado el juego y nosotros desgraciadamente no hemos sido capaces de igualar ese nivel competitivo.\u201d<\/p>\n","protected":false},"excerpt":{"rendered":"<p class=\"p1\">El equipo pierde el primer partido de la temporada ante el Real Madrid en Fontajau (74-93)<\/p>\n","protected":false},"author":1,"featured_media":15855,"menu_order":0,"template":"","categoria_noticia":[190],"class_list":["post-25218","noticia","type-noticia","status-publish","has-post-thumbnail","hentry","categoria_noticia-equipos"],"yoast_head":"<!-- This site is optimized with the Yoast SEO plugin v22.0 - https:\/\/yoast.com\/wordpress\/plugins\/seo\/ -->\n<title>Derrota contra el Madrid - Basquet Girona<\/title>\n<meta name=\"robots\" content=\"index, follow, max-snippet:-1, max-image-preview:large, max-video-preview:-1\" \/>\n<link rel=\"canonical\" href=\"https:\/\/basquetgirona.com\/es\/noticia\/derrota-contra-el-madrid\/\" \/>\n<meta property=\"og:locale\" content=\"es_ES\" \/>\n<meta property=\"og:type\" content=\"article\" \/>\n<meta property=\"og:title\" content=\"Derrota contra el Madrid - Basquet Girona\" \/>\n<meta property=\"og:description\" content=\"El equipo pierde el primer partido de la temporada ante el Real Madrid en Fontajau (74-93)\" \/>\n<meta property=\"og:url\" content=\"https:\/\/basquetgirona.com\/es\/noticia\/derrota-contra-el-madrid\/\" \/>\n<meta property=\"og:site_name\" content=\"Basquet Girona\" \/>\n<meta property=\"article:publisher\" content=\"https:\/\/www.facebook.com\/BasquetGironaOficial\" \/>\n<meta property=\"article:modified_time\" content=\"2025-04-02T14:21:22+00:00\" \/>\n<meta property=\"og:image\" content=\"https:\/\/basquetgirona.com\/wp-content\/uploads\/2023\/10\/miniweb-j4-2.png\" \/>\n\t<meta property=\"og:image:width\" content=\"819\" \/>\n\t<meta property=\"og:image:height\" content=\"503\" \/>\n\t<meta property=\"og:image:type\" content=\"image\/png\" \/>\n<meta name=\"twitter:card\" content=\"summary_large_image\" \/>\n<meta name=\"twitter:site\" content=\"@BasquetGirona\" \/>\n<meta name=\"twitter:label1\" content=\"Tiempo de lectura\" \/>\n\t<meta name=\"twitter:data1\" content=\"2 minutos\" \/>\n<!-- \/ Yoast SEO plugin. -->","yoast_head_json":{"title":"Derrota contra el Madrid - Basquet Girona","robots":{"index":"index","follow":"follow","max-snippet":"max-snippet:-1","max-image-preview":"max-image-preview:large","max-video-preview":"max-video-preview:-1"},"canonical":"https:\/\/basquetgirona.com\/es\/noticia\/derrota-contra-el-madrid\/","og_locale":"es_ES","og_type":"article","og_title":"Derrota contra el Madrid - Basquet Girona","og_description":"El equipo pierde el primer partido de la temporada ante el Real Madrid en Fontajau (74-93)","og_url":"https:\/\/basquetgirona.com\/es\/noticia\/derrota-contra-el-madrid\/","og_site_name":"Basquet Girona","article_publisher":"https:\/\/www.facebook.com\/BasquetGironaOficial","article_modified_time":"2025-04-02T14:21:22+00:00","og_image":[{"width":819,"height":503,"url":"https:\/\/basquetgirona.com\/wp-content\/uploads\/2023\/10\/miniweb-j4-2.png","type":"image\/png"}],"twitter_card":"summary_large_image","twitter_site":"@BasquetGirona","twitter_misc":{"Tiempo de lectura":"2 minutos"},"schema":{"@context":"https:\/\/schema.org","@graph":[{"@type":"NewsArticle","@id":"https:\/\/basquetgirona.com\/es\/noticia\/derrota-contra-el-madrid\/#article","isPartOf":{"@id":"https:\/\/basquetgirona.com\/es\/noticia\/derrota-contra-el-madrid\/"},"author":{"name":"wp6tems","@id":"https:\/\/basquetgirona.com\/es\/#\/schema\/person\/23e2f6077a380ef4bcbafe12c1c99532"},"headline":"Derrota contra el Madrid","datePublished":"2023-10-08T00:00:00+00:00","dateModified":"2025-04-02T14:21:22+00:00","mainEntityOfPage":{"@id":"https:\/\/basquetgirona.com\/es\/noticia\/derrota-contra-el-madrid\/"},"wordCount":181,"publisher":{"@id":"https:\/\/basquetgirona.com\/es\/#organization"},"inLanguage":"es"},{"@type":["WebPage","ItemPage"],"@id":"https:\/\/basquetgirona.com\/es\/noticia\/derrota-contra-el-madrid\/","url":"https:\/\/basquetgirona.com\/es\/noticia\/derrota-contra-el-madrid\/","name":"Derrota contra el Madrid - Basquet Girona","isPartOf":{"@id":"https:\/\/basquetgirona.com\/es\/#website"},"datePublished":"2023-10-08T00:00:00+00:00","dateModified":"2025-04-02T14:21:22+00:00","breadcrumb":{"@id":"https:\/\/basquetgirona.com\/es\/noticia\/derrota-contra-el-madrid\/#breadcrumb"},"inLanguage":"es","potentialAction":[{"@type":"ReadAction","target":["https:\/\/basquetgirona.com\/es\/noticia\/derrota-contra-el-madrid\/"]}]},{"@type":"BreadcrumbList","@id":"https:\/\/basquetgirona.com\/es\/noticia\/derrota-contra-el-madrid\/#breadcrumb","itemListElement":[{"@type":"ListItem","position":1,"name":"Inici","item":"https:\/\/basquetgirona.com\/es\/"},{"@type":"ListItem","position":2,"name":"Derrota contra el Madrid"}]},{"@type":"WebSite","@id":"https:\/\/basquetgirona.com\/es\/#website","url":"https:\/\/basquetgirona.com\/es\/","name":"Basquet Girona","description":"","publisher":{"@id":"https:\/\/basquetgirona.com\/es\/#organization"},"potentialAction":[{"@type":"SearchAction","target":{"@type":"EntryPoint","urlTemplate":"https:\/\/basquetgirona.com\/es\/?s={search_term_string}"},"query-input":"required name=search_term_string"}],"inLanguage":"es"},{"@type":"Organization","@id":"https:\/\/basquetgirona.com\/es\/#organization","name":"Basquet Girona","url":"https:\/\/basquetgirona.com\/es\/","logo":{"@type":"ImageObject","inLanguage":"es","@id":"https:\/\/basquetgirona.com\/es\/#\/schema\/logo\/image\/","url":"https:\/\/basquetgirona.com\/wp-content\/uploads\/2023\/02\/girona-logo1.png","contentUrl":"https:\/\/basquetgirona.com\/wp-content\/uploads\/2023\/02\/girona-logo1.png","width":124,"height":136,"caption":"Basquet Girona"},"image":{"@id":"https:\/\/basquetgirona.com\/es\/#\/schema\/logo\/image\/"},"sameAs":["https:\/\/www.facebook.com\/BasquetGironaOficial","https:\/\/twitter.com\/BasquetGirona","https:\/\/www.instagram.com\/basquetgirona\/","https:\/\/es.linkedin.com\/company\/bsquet-girona","https:\/\/www.tiktok.com\/@basquetgirona"]},{"@type":"Person","@id":"https:\/\/basquetgirona.com\/es\/#\/schema\/person\/23e2f6077a380ef4bcbafe12c1c99532","name":"wp6tems","image":{"@type":"ImageObject","inLanguage":"es","@id":"https:\/\/basquetgirona.com\/es\/#\/schema\/person\/image\/","url":"https:\/\/secure.gravatar.com\/avatar\/bb7e7b41fd75599f16e2481d79259374553199dc2bee29aa20aa615e30729456?s=96&d=mm&r=g","contentUrl":"https:\/\/secure.gravatar.com\/avatar\/bb7e7b41fd75599f16e2481d79259374553199dc2bee29aa20aa615e30729456?s=96&d=mm&r=g","caption":"wp6tems"},"sameAs":["https:\/\/basquetgirona.com"],"url":"https:\/\/basquetgirona.com\/es\/author\/wp6tems\/"}]}},"acf":[],"_links":{"self":[{"href":"https:\/\/basquetgirona.com\/es\/wp-json\/wp\/v2\/noticia\/25218","targetHints":{"allow":["GET"]}}],"collection":[{"href":"https:\/\/basquetgirona.com\/es\/wp-json\/wp\/v2\/noticia"}],"about":[{"href":"https:\/\/basquetgirona.com\/es\/wp-json\/wp\/v2\/types\/noticia"}],"author":[{"embeddable":true,"href":"https:\/\/basquetgirona.com\/es\/wp-json\/wp\/v2\/users\/1"}],"version-history":[{"count":3,"href":"https:\/\/basquetgirona.com\/es\/wp-json\/wp\/v2\/noticia\/25218\/revisions"}],"predecessor-version":[{"id":36780,"href":"https:\/\/basquetgirona.com\/es\/wp-json\/wp\/v2\/noticia\/25218\/revisions\/36780"}],"wp:featuredmedia":[{"embeddable":true,"href":"https:\/\/basquetgirona.com\/es\/wp-json\/wp\/v2\/media\/15855"}],"wp:attachment":[{"href":"https:\/\/basquetgirona.com\/es\/wp-json\/wp\/v2\/media?parent=25218"}],"wp:term":[{"taxonomy":"categoria_noticia","embeddable":true,"href":"https:\/\/basquetgirona.com\/es\/wp-json\/wp\/v2\/categoria_noticia?post=25218"}],"curies":[{"name":"wp","href":"https:\/\/api.w.org\/{rel}","templated":true}]}}