{"id":25407,"date":"2024-01-10T11:06:01","date_gmt":"2024-01-10T11:06:01","guid":{"rendered":"https:\/\/basquetgirona.com\/noticia\/encuesta-a-los-abonados-del-baloncesto-girona\/"},"modified":"2025-10-03T09:43:55","modified_gmt":"2025-10-03T09:43:55","slug":"encuesta-a-los-abonados-del-baloncesto-girona","status":"publish","type":"noticia","link":"https:\/\/basquetgirona.com\/es\/noticia\/encuesta-a-los-abonados-del-baloncesto-girona\/","title":{"rendered":"ENCUESTA A LOS ABONADOS DEL BALONCESTO GIRONA"},"content":{"rendered":"\n<p>El club ha recogido los datos de la encuesta enviada a los abonados del B\u00e0squet Girona que pone en valor informaci\u00f3n como el perfil de la afici\u00f3n, sus motivaciones por ser abonado, los niveles de satisfacci\u00f3n y las \u00e1reas de mejora.  <\/p>\n\n<p>Se ha concluido que la mayor\u00eda de los abonados se encuentran en una horquilla de edad de entre 35 y 44 a\u00f1os con estudios universitarios, son abonados desde 2022 y se identifican con valores fundamentales del club como la familiaridad, el esfuerzo y la proximidad. Adem\u00e1s, residen en la provincia de Girona y fuera de la ciudad, por lo que prefieren desplazarse a Fontajau en coche (58%), pero tambi\u00e9n cabe destacar un uso mayoritario del transporte sostenible.<\/p>\n\n<p>De la encuesta, tambi\u00e9n resaltamos los motivos que les atraen del proyecto como la pasi\u00f3n que comparten por el baloncesto, por la conexi\u00f3n con el club por ser de la ciudad de Girona y por el deseo de presenciar partidos de \u00e9lite. Adem\u00e1s valoran positivamente los valores y atributos de marca del club, junto a la experiencia de ser una forma de entretenimiento \u00fanica.  <\/p>\n\n<p>En cuanto a la satisfacci\u00f3n general, la mayor\u00eda de abonados coinciden en aspectos como el himno del B\u00e0squet Girona, la informaci\u00f3n proporcionada a los partidos y la cantidad y limpieza de los aseos. Sin embargo, echan de menos informaci\u00f3n sobre los jugadores en las pantallas del partido y la habilitaci\u00f3n de zonas de aparcamiento en Fontajau.<\/p>\n\n<p>Por \u00faltimo, han demostrado un gran inter\u00e9s en el contenido multimedia, incluyendo partidos en directo, notificaciones m\u00f3viles relevantes en el B\u00e0squet Girona, highlights de partidos y series documental de baloncesto. Adem\u00e1s, cabe a\u00f1adir el alto reconocimiento de patrocinadores como FIATC, Kave Home y YOSOY.<\/p>\n","protected":false},"excerpt":{"rendered":"<p>El club ha recogido los datos de la encuesta enviada a los abonados del B\u00e0squet Girona que pone en valor informaci\u00f3n como el perfil de la afici\u00f3n, sus motivaciones por ser abonado, los niveles de satisfacci\u00f3n y las \u00e1reas de mejora. Se ha concluido que la mayor\u00eda de los abonados se encuentran en una horquilla [&hellip;]<\/p>\n","protected":false},"author":6,"featured_media":20993,"menu_order":0,"template":"","categoria_noticia":[190,150],"class_list":["post-25407","noticia","type-noticia","status-publish","has-post-thumbnail","hentry","categoria_noticia-equipos","categoria_noticia-partners-es"],"yoast_head":"<!-- This site is optimized with the Yoast SEO plugin v22.0 - https:\/\/yoast.com\/wordpress\/plugins\/seo\/ -->\n<title>ENCUESTA A LOS ABONADOS DEL BALONCESTO GIRONA - Basquet Girona<\/title>\n<meta name=\"robots\" content=\"index, follow, max-snippet:-1, max-image-preview:large, max-video-preview:-1\" \/>\n<link rel=\"canonical\" href=\"https:\/\/basquetgirona.com\/es\/noticia\/encuesta-a-los-abonados-del-baloncesto-girona\/\" \/>\n<meta property=\"og:locale\" content=\"es_ES\" \/>\n<meta property=\"og:type\" content=\"article\" \/>\n<meta property=\"og:title\" content=\"ENCUESTA A LOS ABONADOS DEL BALONCESTO GIRONA - Basquet Girona\" \/>\n<meta property=\"og:description\" content=\"El club ha recogido los datos de la encuesta enviada a los abonados del B\u00e0squet Girona que pone en valor informaci\u00f3n como el perfil de la afici\u00f3n, sus motivaciones por ser abonado, los niveles de satisfacci\u00f3n y las \u00e1reas de mejora. Se ha concluido que la mayor\u00eda de los abonados se encuentran en una horquilla [&hellip;]\" \/>\n<meta property=\"og:url\" content=\"https:\/\/basquetgirona.com\/es\/noticia\/encuesta-a-los-abonados-del-baloncesto-girona\/\" \/>\n<meta property=\"og:site_name\" content=\"Basquet Girona\" \/>\n<meta property=\"article:publisher\" content=\"https:\/\/www.facebook.com\/BasquetGironaOficial\" \/>\n<meta property=\"article:modified_time\" content=\"2025-10-03T09:43:55+00:00\" \/>\n<meta property=\"og:image\" content=\"https:\/\/basquetgirona.com\/wp-content\/uploads\/2024\/01\/Resum-Questionari_1-1-1024x1024.webp\" \/>\n\t<meta property=\"og:image:width\" content=\"1024\" \/>\n\t<meta property=\"og:image:height\" content=\"1024\" \/>\n\t<meta property=\"og:image:type\" content=\"image\/png\" \/>\n<meta name=\"twitter:card\" content=\"summary_large_image\" \/>\n<meta name=\"twitter:site\" content=\"@BasquetGirona\" \/>\n<meta name=\"twitter:label1\" content=\"Tiempo de lectura\" \/>\n\t<meta name=\"twitter:data1\" content=\"2 minutos\" \/>\n<!-- \/ Yoast SEO plugin. -->","yoast_head_json":{"title":"ENCUESTA A LOS ABONADOS DEL BALONCESTO GIRONA - Basquet Girona","robots":{"index":"index","follow":"follow","max-snippet":"max-snippet:-1","max-image-preview":"max-image-preview:large","max-video-preview":"max-video-preview:-1"},"canonical":"https:\/\/basquetgirona.com\/es\/noticia\/encuesta-a-los-abonados-del-baloncesto-girona\/","og_locale":"es_ES","og_type":"article","og_title":"ENCUESTA A LOS ABONADOS DEL BALONCESTO GIRONA - Basquet Girona","og_description":"El club ha recogido los datos de la encuesta enviada a los abonados del B\u00e0squet Girona que pone en valor informaci\u00f3n como el perfil de la afici\u00f3n, sus motivaciones por ser abonado, los niveles de satisfacci\u00f3n y las \u00e1reas de mejora. Se ha concluido que la mayor\u00eda de los abonados se encuentran en una horquilla [&hellip;]","og_url":"https:\/\/basquetgirona.com\/es\/noticia\/encuesta-a-los-abonados-del-baloncesto-girona\/","og_site_name":"Basquet Girona","article_publisher":"https:\/\/www.facebook.com\/BasquetGironaOficial","article_modified_time":"2025-10-03T09:43:55+00:00","og_image":[{"width":1024,"height":1024,"url":"https:\/\/basquetgirona.com\/wp-content\/uploads\/2024\/01\/Resum-Questionari_1-1-1024x1024.webp","type":"image\/png"}],"twitter_card":"summary_large_image","twitter_site":"@BasquetGirona","twitter_misc":{"Tiempo de lectura":"2 minutos"},"schema":{"@context":"https:\/\/schema.org","@graph":[{"@type":"NewsArticle","@id":"https:\/\/basquetgirona.com\/es\/noticia\/encuesta-a-los-abonados-del-baloncesto-girona\/#article","isPartOf":{"@id":"https:\/\/basquetgirona.com\/es\/noticia\/encuesta-a-los-abonados-del-baloncesto-girona\/"},"author":{"name":"Comunicaci\u00f3","@id":"https:\/\/basquetgirona.com\/es\/#\/schema\/person\/9abf84a4edbb0527bc5c07f3e34f630b"},"headline":"ENCUESTA A LOS ABONADOS DEL BALONCESTO GIRONA","datePublished":"2024-01-10T11:06:01+00:00","dateModified":"2025-10-03T09:43:55+00:00","mainEntityOfPage":{"@id":"https:\/\/basquetgirona.com\/es\/noticia\/encuesta-a-los-abonados-del-baloncesto-girona\/"},"wordCount":308,"publisher":{"@id":"https:\/\/basquetgirona.com\/es\/#organization"},"inLanguage":"es"},{"@type":["WebPage","ItemPage"],"@id":"https:\/\/basquetgirona.com\/es\/noticia\/encuesta-a-los-abonados-del-baloncesto-girona\/","url":"https:\/\/basquetgirona.com\/es\/noticia\/encuesta-a-los-abonados-del-baloncesto-girona\/","name":"ENCUESTA A LOS ABONADOS DEL BALONCESTO GIRONA - Basquet Girona","isPartOf":{"@id":"https:\/\/basquetgirona.com\/es\/#website"},"datePublished":"2024-01-10T11:06:01+00:00","dateModified":"2025-10-03T09:43:55+00:00","breadcrumb":{"@id":"https:\/\/basquetgirona.com\/es\/noticia\/encuesta-a-los-abonados-del-baloncesto-girona\/#breadcrumb"},"inLanguage":"es","potentialAction":[{"@type":"ReadAction","target":["https:\/\/basquetgirona.com\/es\/noticia\/encuesta-a-los-abonados-del-baloncesto-girona\/"]}]},{"@type":"BreadcrumbList","@id":"https:\/\/basquetgirona.com\/es\/noticia\/encuesta-a-los-abonados-del-baloncesto-girona\/#breadcrumb","itemListElement":[{"@type":"ListItem","position":1,"name":"Inici","item":"https:\/\/basquetgirona.com\/es\/"},{"@type":"ListItem","position":2,"name":"ENCUESTA A LOS ABONADOS DEL BALONCESTO GIRONA"}]},{"@type":"WebSite","@id":"https:\/\/basquetgirona.com\/es\/#website","url":"https:\/\/basquetgirona.com\/es\/","name":"Basquet Girona","description":"","publisher":{"@id":"https:\/\/basquetgirona.com\/es\/#organization"},"potentialAction":[{"@type":"SearchAction","target":{"@type":"EntryPoint","urlTemplate":"https:\/\/basquetgirona.com\/es\/?s={search_term_string}"},"query-input":"required name=search_term_string"}],"inLanguage":"es"},{"@type":"Organization","@id":"https:\/\/basquetgirona.com\/es\/#organization","name":"Basquet Girona","url":"https:\/\/basquetgirona.com\/es\/","logo":{"@type":"ImageObject","inLanguage":"es","@id":"https:\/\/basquetgirona.com\/es\/#\/schema\/logo\/image\/","url":"https:\/\/basquetgirona.com\/wp-content\/uploads\/2023\/02\/girona-logo1.png","contentUrl":"https:\/\/basquetgirona.com\/wp-content\/uploads\/2023\/02\/girona-logo1.png","width":124,"height":136,"caption":"Basquet Girona"},"image":{"@id":"https:\/\/basquetgirona.com\/es\/#\/schema\/logo\/image\/"},"sameAs":["https:\/\/www.facebook.com\/BasquetGironaOficial","https:\/\/twitter.com\/BasquetGirona","https:\/\/www.instagram.com\/basquetgirona\/","https:\/\/es.linkedin.com\/company\/bsquet-girona","https:\/\/www.tiktok.com\/@basquetgirona"]},{"@type":"Person","@id":"https:\/\/basquetgirona.com\/es\/#\/schema\/person\/9abf84a4edbb0527bc5c07f3e34f630b","name":"Comunicaci\u00f3","image":{"@type":"ImageObject","inLanguage":"es","@id":"https:\/\/basquetgirona.com\/es\/#\/schema\/person\/image\/","url":"https:\/\/secure.gravatar.com\/avatar\/bd2723f0056b157e583d3a56dac5ff13aaf7dde6a86c743971409ef7456ff488?s=96&d=mm&r=g","contentUrl":"https:\/\/secure.gravatar.com\/avatar\/bd2723f0056b157e583d3a56dac5ff13aaf7dde6a86c743971409ef7456ff488?s=96&d=mm&r=g","caption":"Comunicaci\u00f3"},"url":"https:\/\/basquetgirona.com\/es\/author\/comunicacio\/"}]}},"acf":[],"_links":{"self":[{"href":"https:\/\/basquetgirona.com\/es\/wp-json\/wp\/v2\/noticia\/25407","targetHints":{"allow":["GET"]}}],"collection":[{"href":"https:\/\/basquetgirona.com\/es\/wp-json\/wp\/v2\/noticia"}],"about":[{"href":"https:\/\/basquetgirona.com\/es\/wp-json\/wp\/v2\/types\/noticia"}],"author":[{"embeddable":true,"href":"https:\/\/basquetgirona.com\/es\/wp-json\/wp\/v2\/users\/6"}],"version-history":[{"count":3,"href":"https:\/\/basquetgirona.com\/es\/wp-json\/wp\/v2\/noticia\/25407\/revisions"}],"predecessor-version":[{"id":54476,"href":"https:\/\/basquetgirona.com\/es\/wp-json\/wp\/v2\/noticia\/25407\/revisions\/54476"}],"wp:featuredmedia":[{"embeddable":true,"href":"https:\/\/basquetgirona.com\/es\/wp-json\/wp\/v2\/media\/20993"}],"wp:attachment":[{"href":"https:\/\/basquetgirona.com\/es\/wp-json\/wp\/v2\/media?parent=25407"}],"wp:term":[{"taxonomy":"categoria_noticia","embeddable":true,"href":"https:\/\/basquetgirona.com\/es\/wp-json\/wp\/v2\/categoria_noticia?post=25407"}],"curies":[{"name":"wp","href":"https:\/\/api.w.org\/{rel}","templated":true}]}}