{"id":25494,"date":"2024-02-05T10:00:09","date_gmt":"2024-02-05T10:00:09","guid":{"rendered":"https:\/\/basquetgirona.com\/noticia\/khem-birch-ficha-por-el-baloncesto-girona-hasta-final-de-temporada\/"},"modified":"2025-03-27T10:55:25","modified_gmt":"2025-03-27T10:55:25","slug":"khem-birch-ficha-por-el-baloncesto-girona-hasta-final-de-temporada","status":"publish","type":"noticia","link":"https:\/\/basquetgirona.com\/es\/noticia\/khem-birch-ficha-por-el-baloncesto-girona-hasta-final-de-temporada\/","title":{"rendered":"KHEM BIRCH FICHA POR B\u00c0SQUET GIRONA HASTA FINAL DE TEMPORADA"},"content":{"rendered":"\n<p>Khem Birch (Montreal, 1992) es nuevo jugador del primer equipo hasta la conclusi\u00f3n de este curso. El \u00faltimo equipo del p\u00edvot canadiense (205 cm) son los San Antonio Spurs.<\/p>\n\n<p>Tras empezar su trayectoria en la G-League (segunda categor\u00eda estadounidense), el nuevo jugador del conjunto gerundense vivi\u00f3 su primera experiencia en Europa con la camiseta del Muratbey Usak Sportif turco (2015-16). En la siguiente temporada recalar\u00eda en el Olympiacos griego de Euroliga, con quien lleg\u00f3 a disputar la final de la m\u00e1xima competici\u00f3n europea. En 2017 empezar\u00eda su periplo en la NBA con los Orlando Magic durante cuatro temporadas, despu\u00e9s vestir\u00eda la camiseta de los Toronto Raptors (2020-23) para acabar jugando en San Antonio Spurs, su \u00faltimo equipo.<\/p>\n\n<p>Birch tambi\u00e9n ha sido internacional con la Selecci\u00f3n de Canad\u00e1 y, entre otras participaciones, represent\u00f3 al conjunto canadiense en el Mundial de Baloncesto 2019 en China.<\/p>\n","protected":false},"excerpt":{"rendered":"<p>Khem Birch (Montreal, 1992) es nuevo jugador del primer equipo hasta la conclusi\u00f3n de este curso. El \u00faltimo equipo del p\u00edvot canadiense (205 cm) son los San Antonio Spurs. Tras empezar su trayectoria en la G-League (segunda categor\u00eda estadounidense), el nuevo jugador del conjunto gerundense vivi\u00f3 su primera experiencia en Europa con la camiseta del [&hellip;]<\/p>\n","protected":false},"author":4,"featured_media":21425,"menu_order":0,"template":"","categoria_noticia":[190],"class_list":["post-25494","noticia","type-noticia","status-publish","has-post-thumbnail","hentry","categoria_noticia-equipos"],"yoast_head":"<!-- This site is optimized with the Yoast SEO plugin v22.0 - https:\/\/yoast.com\/wordpress\/plugins\/seo\/ -->\n<title>KHEM BIRCH FICHA POR B\u00c0SQUET GIRONA HASTA FINAL DE TEMPORADA - Basquet Girona<\/title>\n<meta name=\"robots\" content=\"index, follow, max-snippet:-1, max-image-preview:large, max-video-preview:-1\" \/>\n<link rel=\"canonical\" href=\"https:\/\/basquetgirona.com\/es\/noticia\/khem-birch-ficha-por-el-baloncesto-girona-hasta-final-de-temporada\/\" \/>\n<meta property=\"og:locale\" content=\"es_ES\" \/>\n<meta property=\"og:type\" content=\"article\" \/>\n<meta property=\"og:title\" content=\"KHEM BIRCH FICHA POR B\u00c0SQUET GIRONA HASTA FINAL DE TEMPORADA - Basquet Girona\" \/>\n<meta property=\"og:description\" content=\"Khem Birch (Montreal, 1992) es nuevo jugador del primer equipo hasta la conclusi\u00f3n de este curso. El \u00faltimo equipo del p\u00edvot canadiense (205 cm) son los San Antonio Spurs. Tras empezar su trayectoria en la G-League (segunda categor\u00eda estadounidense), el nuevo jugador del conjunto gerundense vivi\u00f3 su primera experiencia en Europa con la camiseta del [&hellip;]\" \/>\n<meta property=\"og:url\" content=\"https:\/\/basquetgirona.com\/es\/noticia\/khem-birch-ficha-por-el-baloncesto-girona-hasta-final-de-temporada\/\" \/>\n<meta property=\"og:site_name\" content=\"Basquet Girona\" \/>\n<meta property=\"article:publisher\" content=\"https:\/\/www.facebook.com\/BasquetGironaOficial\" \/>\n<meta property=\"article:modified_time\" content=\"2025-03-27T10:55:25+00:00\" \/>\n<meta property=\"og:image\" content=\"https:\/\/basquetgirona.com\/wp-content\/uploads\/2024\/02\/Khem-Birch-Web_1.png\" \/>\n\t<meta property=\"og:image:width\" content=\"668\" \/>\n\t<meta property=\"og:image:height\" content=\"364\" \/>\n\t<meta property=\"og:image:type\" content=\"image\/png\" \/>\n<meta name=\"twitter:card\" content=\"summary_large_image\" \/>\n<meta name=\"twitter:site\" content=\"@BasquetGirona\" \/>\n<meta name=\"twitter:label1\" content=\"Tiempo de lectura\" \/>\n\t<meta name=\"twitter:data1\" content=\"1 minuto\" \/>\n<!-- \/ Yoast SEO plugin. -->","yoast_head_json":{"title":"KHEM BIRCH FICHA POR B\u00c0SQUET GIRONA HASTA FINAL DE TEMPORADA - Basquet Girona","robots":{"index":"index","follow":"follow","max-snippet":"max-snippet:-1","max-image-preview":"max-image-preview:large","max-video-preview":"max-video-preview:-1"},"canonical":"https:\/\/basquetgirona.com\/es\/noticia\/khem-birch-ficha-por-el-baloncesto-girona-hasta-final-de-temporada\/","og_locale":"es_ES","og_type":"article","og_title":"KHEM BIRCH FICHA POR B\u00c0SQUET GIRONA HASTA FINAL DE TEMPORADA - Basquet Girona","og_description":"Khem Birch (Montreal, 1992) es nuevo jugador del primer equipo hasta la conclusi\u00f3n de este curso. El \u00faltimo equipo del p\u00edvot canadiense (205 cm) son los San Antonio Spurs. Tras empezar su trayectoria en la G-League (segunda categor\u00eda estadounidense), el nuevo jugador del conjunto gerundense vivi\u00f3 su primera experiencia en Europa con la camiseta del [&hellip;]","og_url":"https:\/\/basquetgirona.com\/es\/noticia\/khem-birch-ficha-por-el-baloncesto-girona-hasta-final-de-temporada\/","og_site_name":"Basquet Girona","article_publisher":"https:\/\/www.facebook.com\/BasquetGironaOficial","article_modified_time":"2025-03-27T10:55:25+00:00","og_image":[{"width":668,"height":364,"url":"https:\/\/basquetgirona.com\/wp-content\/uploads\/2024\/02\/Khem-Birch-Web_1.png","type":"image\/png"}],"twitter_card":"summary_large_image","twitter_site":"@BasquetGirona","twitter_misc":{"Tiempo de lectura":"1 minuto"},"schema":{"@context":"https:\/\/schema.org","@graph":[{"@type":"NewsArticle","@id":"https:\/\/basquetgirona.com\/es\/noticia\/khem-birch-ficha-por-el-baloncesto-girona-hasta-final-de-temporada\/#article","isPartOf":{"@id":"https:\/\/basquetgirona.com\/es\/noticia\/khem-birch-ficha-por-el-baloncesto-girona-hasta-final-de-temporada\/"},"author":{"name":"Pau De Castro","@id":"https:\/\/basquetgirona.com\/es\/#\/schema\/person\/9196efe7de3d62004e09ea79cd72b8d5"},"headline":"KHEM BIRCH FICHA POR B\u00c0SQUET GIRONA HASTA FINAL DE TEMPORADA","datePublished":"2024-02-05T10:00:09+00:00","dateModified":"2025-03-27T10:55:25+00:00","mainEntityOfPage":{"@id":"https:\/\/basquetgirona.com\/es\/noticia\/khem-birch-ficha-por-el-baloncesto-girona-hasta-final-de-temporada\/"},"wordCount":161,"publisher":{"@id":"https:\/\/basquetgirona.com\/es\/#organization"},"inLanguage":"es"},{"@type":["WebPage","ItemPage"],"@id":"https:\/\/basquetgirona.com\/es\/noticia\/khem-birch-ficha-por-el-baloncesto-girona-hasta-final-de-temporada\/","url":"https:\/\/basquetgirona.com\/es\/noticia\/khem-birch-ficha-por-el-baloncesto-girona-hasta-final-de-temporada\/","name":"KHEM BIRCH FICHA POR B\u00c0SQUET GIRONA HASTA FINAL DE TEMPORADA - Basquet Girona","isPartOf":{"@id":"https:\/\/basquetgirona.com\/es\/#website"},"datePublished":"2024-02-05T10:00:09+00:00","dateModified":"2025-03-27T10:55:25+00:00","breadcrumb":{"@id":"https:\/\/basquetgirona.com\/es\/noticia\/khem-birch-ficha-por-el-baloncesto-girona-hasta-final-de-temporada\/#breadcrumb"},"inLanguage":"es","potentialAction":[{"@type":"ReadAction","target":["https:\/\/basquetgirona.com\/es\/noticia\/khem-birch-ficha-por-el-baloncesto-girona-hasta-final-de-temporada\/"]}]},{"@type":"BreadcrumbList","@id":"https:\/\/basquetgirona.com\/es\/noticia\/khem-birch-ficha-por-el-baloncesto-girona-hasta-final-de-temporada\/#breadcrumb","itemListElement":[{"@type":"ListItem","position":1,"name":"Inici","item":"https:\/\/basquetgirona.com\/es\/"},{"@type":"ListItem","position":2,"name":"KHEM BIRCH FICHA POR B\u00c0SQUET GIRONA HASTA FINAL DE TEMPORADA"}]},{"@type":"WebSite","@id":"https:\/\/basquetgirona.com\/es\/#website","url":"https:\/\/basquetgirona.com\/es\/","name":"Basquet Girona","description":"","publisher":{"@id":"https:\/\/basquetgirona.com\/es\/#organization"},"potentialAction":[{"@type":"SearchAction","target":{"@type":"EntryPoint","urlTemplate":"https:\/\/basquetgirona.com\/es\/?s={search_term_string}"},"query-input":"required name=search_term_string"}],"inLanguage":"es"},{"@type":"Organization","@id":"https:\/\/basquetgirona.com\/es\/#organization","name":"Basquet Girona","url":"https:\/\/basquetgirona.com\/es\/","logo":{"@type":"ImageObject","inLanguage":"es","@id":"https:\/\/basquetgirona.com\/es\/#\/schema\/logo\/image\/","url":"https:\/\/basquetgirona.com\/wp-content\/uploads\/2023\/02\/girona-logo1.png","contentUrl":"https:\/\/basquetgirona.com\/wp-content\/uploads\/2023\/02\/girona-logo1.png","width":124,"height":136,"caption":"Basquet Girona"},"image":{"@id":"https:\/\/basquetgirona.com\/es\/#\/schema\/logo\/image\/"},"sameAs":["https:\/\/www.facebook.com\/BasquetGironaOficial","https:\/\/twitter.com\/BasquetGirona","https:\/\/www.instagram.com\/basquetgirona\/","https:\/\/es.linkedin.com\/company\/bsquet-girona","https:\/\/www.tiktok.com\/@basquetgirona"]},{"@type":"Person","@id":"https:\/\/basquetgirona.com\/es\/#\/schema\/person\/9196efe7de3d62004e09ea79cd72b8d5","name":"Pau De Castro","image":{"@type":"ImageObject","inLanguage":"es","@id":"https:\/\/basquetgirona.com\/es\/#\/schema\/person\/image\/","url":"https:\/\/secure.gravatar.com\/avatar\/311a301e125ef9f088e17c727474e75fb5b82151095ccfc4b6e27ae4855b5814?s=96&d=mm&r=g","contentUrl":"https:\/\/secure.gravatar.com\/avatar\/311a301e125ef9f088e17c727474e75fb5b82151095ccfc4b6e27ae4855b5814?s=96&d=mm&r=g","caption":"Pau De Castro"},"url":"https:\/\/basquetgirona.com\/es\/author\/pdcastro\/"}]}},"acf":[],"_links":{"self":[{"href":"https:\/\/basquetgirona.com\/es\/wp-json\/wp\/v2\/noticia\/25494","targetHints":{"allow":["GET"]}}],"collection":[{"href":"https:\/\/basquetgirona.com\/es\/wp-json\/wp\/v2\/noticia"}],"about":[{"href":"https:\/\/basquetgirona.com\/es\/wp-json\/wp\/v2\/types\/noticia"}],"author":[{"embeddable":true,"href":"https:\/\/basquetgirona.com\/es\/wp-json\/wp\/v2\/users\/4"}],"version-history":[{"count":4,"href":"https:\/\/basquetgirona.com\/es\/wp-json\/wp\/v2\/noticia\/25494\/revisions"}],"predecessor-version":[{"id":47057,"href":"https:\/\/basquetgirona.com\/es\/wp-json\/wp\/v2\/noticia\/25494\/revisions\/47057"}],"wp:featuredmedia":[{"embeddable":true,"href":"https:\/\/basquetgirona.com\/es\/wp-json\/wp\/v2\/media\/21425"}],"wp:attachment":[{"href":"https:\/\/basquetgirona.com\/es\/wp-json\/wp\/v2\/media?parent=25494"}],"wp:term":[{"taxonomy":"categoria_noticia","embeddable":true,"href":"https:\/\/basquetgirona.com\/es\/wp-json\/wp\/v2\/categoria_noticia?post=25494"}],"curies":[{"name":"wp","href":"https:\/\/api.w.org\/{rel}","templated":true}]}}