{"id":25602,"date":"2024-03-15T09:06:16","date_gmt":"2024-03-15T09:06:16","guid":{"rendered":"https:\/\/basquetgirona.com\/noticia\/celebramos-los-10-anos-del-baloncesto-girona\/"},"modified":"2025-10-03T09:49:54","modified_gmt":"2025-10-03T09:49:54","slug":"celebramos-los-10-anos-del-baloncesto-girona","status":"publish","type":"noticia","link":"https:\/\/basquetgirona.com\/es\/noticia\/celebramos-los-10-anos-del-baloncesto-girona\/","title":{"rendered":"CELEBRAMOS LOS 10 A\u00d1OS DEL BALONCESTO GIRONA"},"content":{"rendered":"\n<p>Para celebrar los 10 a\u00f1os del nacimiento del B\u00e0squet Girona, el club lleva muchos meses preparando una serie de acciones pensadas para todos los aficionados, que se llevar\u00e1n a cabo durante este a\u00f1o. Esto permitir\u00e1 al club poder celebrar esta d\u00e9cada de \u00e9xitos desde su fundaci\u00f3n.<\/p>\n\n<p>Estas acciones estar\u00e1n relacionadas con muchos aspectos distintos. Una de estas iniciativas est\u00e1 relacionada con el dise\u00f1o de una camiseta conmemorativa exclusiva de los 10 a\u00f1os del B\u00e0squet Girona, que ser\u00e1 exhibida durante el partido del 14 de abril ante el Bar\u00e7a, que tendr\u00e1 detalles distintos a la equipaci\u00f3n actual.<\/p>\n\n<p>Cabe destacar que habr\u00e1 una colecci\u00f3n de NFT&#8217;s que saldr\u00e1 en breve. Las acciones relacionadas con la sostenibilidad tambi\u00e9n tendr\u00e1n una gran importancia sobre todo durante el Tiempo de Flores, \u00e9stas estar\u00e1n ligadas con el ICRA y el ciclo del agua.<\/p>\n\n<p>Se har\u00e1 un almuerzo popular con la Base del club que incluir\u00e1 a todos los ni\u00f1os y ni\u00f1as que forman parte.<\/p>\n\n<p>Tambi\u00e9n ya se ha presentado la mona de pascua oficial del B\u00e0squet Girona en colaboraci\u00f3n con la pasteler\u00eda Can Torn\u00e9s y m\u00e1s adelante saldr\u00e1 un helado conmemorativo de los diez a\u00f1os del B\u00e0squet Girona junto con el Rocambolesc.<\/p>\n\n<p>Stefi Batlle \u00abEl \u00faltimo partido de la temporada en Fontajau contra el Casademont Zaragoza, girar\u00e1 en torno a los diez a\u00f1os, habr\u00e1 diferentes actividades y se har\u00e1 un reconocimiento a las personas vinculadas al Club\u00bb. Aunque es el acto central de los diez a\u00f1os, esta celebraci\u00f3n se alarga durante todo el a\u00f1o. Desde el club tambi\u00e9n se est\u00e1 trabajando para tener un partido de pretemporada contra un equipo en ser posible situado en competiciones europeas.<\/p>\n\n<p>Pero esto no es todo, hay otras muchas iniciativas programadas para esta celebraci\u00f3n. Con estas acciones el club quiere celebrar sus logros y hacerlo junto con todos los aficionados que han formado parte de esta d\u00e9cada<\/p>\n","protected":false},"excerpt":{"rendered":"<p>Para celebrar los 10 a\u00f1os del nacimiento del B\u00e0squet Girona, el club lleva muchos meses preparando una serie de acciones pensadas para todos los aficionados, que se llevar\u00e1n a cabo durante este a\u00f1o. Esto permitir\u00e1 al club poder celebrar esta d\u00e9cada de \u00e9xitos desde su fundaci\u00f3n. Estas acciones estar\u00e1n relacionadas con muchos aspectos distintos. Una [&hellip;]<\/p>\n","protected":false},"author":4,"featured_media":22008,"menu_order":0,"template":"","categoria_noticia":[190,307],"class_list":["post-25602","noticia","type-noticia","status-publish","has-post-thumbnail","hentry","categoria_noticia-equipos","categoria_noticia-base-es-2"],"yoast_head":"<!-- This site is optimized with the Yoast SEO plugin v22.0 - https:\/\/yoast.com\/wordpress\/plugins\/seo\/ -->\n<title>CELEBRAMOS LOS 10 A\u00d1OS DEL BALONCESTO GIRONA - Basquet Girona<\/title>\n<meta name=\"robots\" content=\"index, follow, max-snippet:-1, max-image-preview:large, max-video-preview:-1\" \/>\n<link rel=\"canonical\" href=\"https:\/\/basquetgirona.com\/es\/noticia\/celebramos-los-10-anos-del-baloncesto-girona\/\" \/>\n<meta property=\"og:locale\" content=\"es_ES\" \/>\n<meta property=\"og:type\" content=\"article\" \/>\n<meta property=\"og:title\" content=\"CELEBRAMOS LOS 10 A\u00d1OS DEL BALONCESTO GIRONA - Basquet Girona\" \/>\n<meta property=\"og:description\" content=\"Para celebrar los 10 a\u00f1os del nacimiento del B\u00e0squet Girona, el club lleva muchos meses preparando una serie de acciones pensadas para todos los aficionados, que se llevar\u00e1n a cabo durante este a\u00f1o. Esto permitir\u00e1 al club poder celebrar esta d\u00e9cada de \u00e9xitos desde su fundaci\u00f3n. Estas acciones estar\u00e1n relacionadas con muchos aspectos distintos. Una [&hellip;]\" \/>\n<meta property=\"og:url\" content=\"https:\/\/basquetgirona.com\/es\/noticia\/celebramos-los-10-anos-del-baloncesto-girona\/\" \/>\n<meta property=\"og:site_name\" content=\"Basquet Girona\" \/>\n<meta property=\"article:publisher\" content=\"https:\/\/www.facebook.com\/BasquetGironaOficial\" \/>\n<meta property=\"article:modified_time\" content=\"2025-10-03T09:49:54+00:00\" \/>\n<meta property=\"og:image\" content=\"https:\/\/basquetgirona.com\/wp-content\/uploads\/2024\/03\/ClubCreatiu_BasquetGirona_J23-15-2-scaled.webp\" \/>\n\t<meta property=\"og:image:width\" content=\"2560\" \/>\n\t<meta property=\"og:image:height\" content=\"1707\" \/>\n\t<meta property=\"og:image:type\" content=\"image\/jpeg\" \/>\n<meta name=\"twitter:card\" content=\"summary_large_image\" \/>\n<meta name=\"twitter:site\" content=\"@BasquetGirona\" \/>\n<meta name=\"twitter:label1\" content=\"Tiempo de lectura\" \/>\n\t<meta name=\"twitter:data1\" content=\"2 minutos\" \/>\n<!-- \/ Yoast SEO plugin. -->","yoast_head_json":{"title":"CELEBRAMOS LOS 10 A\u00d1OS DEL BALONCESTO GIRONA - Basquet Girona","robots":{"index":"index","follow":"follow","max-snippet":"max-snippet:-1","max-image-preview":"max-image-preview:large","max-video-preview":"max-video-preview:-1"},"canonical":"https:\/\/basquetgirona.com\/es\/noticia\/celebramos-los-10-anos-del-baloncesto-girona\/","og_locale":"es_ES","og_type":"article","og_title":"CELEBRAMOS LOS 10 A\u00d1OS DEL BALONCESTO GIRONA - Basquet Girona","og_description":"Para celebrar los 10 a\u00f1os del nacimiento del B\u00e0squet Girona, el club lleva muchos meses preparando una serie de acciones pensadas para todos los aficionados, que se llevar\u00e1n a cabo durante este a\u00f1o. Esto permitir\u00e1 al club poder celebrar esta d\u00e9cada de \u00e9xitos desde su fundaci\u00f3n. Estas acciones estar\u00e1n relacionadas con muchos aspectos distintos. Una [&hellip;]","og_url":"https:\/\/basquetgirona.com\/es\/noticia\/celebramos-los-10-anos-del-baloncesto-girona\/","og_site_name":"Basquet Girona","article_publisher":"https:\/\/www.facebook.com\/BasquetGironaOficial","article_modified_time":"2025-10-03T09:49:54+00:00","og_image":[{"width":2560,"height":1707,"url":"https:\/\/basquetgirona.com\/wp-content\/uploads\/2024\/03\/ClubCreatiu_BasquetGirona_J23-15-2-scaled.webp","type":"image\/jpeg"}],"twitter_card":"summary_large_image","twitter_site":"@BasquetGirona","twitter_misc":{"Tiempo de lectura":"2 minutos"},"schema":{"@context":"https:\/\/schema.org","@graph":[{"@type":"NewsArticle","@id":"https:\/\/basquetgirona.com\/es\/noticia\/celebramos-los-10-anos-del-baloncesto-girona\/#article","isPartOf":{"@id":"https:\/\/basquetgirona.com\/es\/noticia\/celebramos-los-10-anos-del-baloncesto-girona\/"},"author":{"name":"Pau De Castro","@id":"https:\/\/basquetgirona.com\/es\/#\/schema\/person\/9196efe7de3d62004e09ea79cd72b8d5"},"headline":"CELEBRAMOS LOS 10 A\u00d1OS DEL BALONCESTO GIRONA","datePublished":"2024-03-15T09:06:16+00:00","dateModified":"2025-10-03T09:49:54+00:00","mainEntityOfPage":{"@id":"https:\/\/basquetgirona.com\/es\/noticia\/celebramos-los-10-anos-del-baloncesto-girona\/"},"wordCount":344,"publisher":{"@id":"https:\/\/basquetgirona.com\/es\/#organization"},"inLanguage":"es"},{"@type":["WebPage","ItemPage"],"@id":"https:\/\/basquetgirona.com\/es\/noticia\/celebramos-los-10-anos-del-baloncesto-girona\/","url":"https:\/\/basquetgirona.com\/es\/noticia\/celebramos-los-10-anos-del-baloncesto-girona\/","name":"CELEBRAMOS LOS 10 A\u00d1OS DEL BALONCESTO GIRONA - Basquet Girona","isPartOf":{"@id":"https:\/\/basquetgirona.com\/es\/#website"},"datePublished":"2024-03-15T09:06:16+00:00","dateModified":"2025-10-03T09:49:54+00:00","breadcrumb":{"@id":"https:\/\/basquetgirona.com\/es\/noticia\/celebramos-los-10-anos-del-baloncesto-girona\/#breadcrumb"},"inLanguage":"es","potentialAction":[{"@type":"ReadAction","target":["https:\/\/basquetgirona.com\/es\/noticia\/celebramos-los-10-anos-del-baloncesto-girona\/"]}]},{"@type":"BreadcrumbList","@id":"https:\/\/basquetgirona.com\/es\/noticia\/celebramos-los-10-anos-del-baloncesto-girona\/#breadcrumb","itemListElement":[{"@type":"ListItem","position":1,"name":"Inici","item":"https:\/\/basquetgirona.com\/es\/"},{"@type":"ListItem","position":2,"name":"CELEBRAMOS LOS 10 A\u00d1OS DEL BALONCESTO GIRONA"}]},{"@type":"WebSite","@id":"https:\/\/basquetgirona.com\/es\/#website","url":"https:\/\/basquetgirona.com\/es\/","name":"Basquet Girona","description":"","publisher":{"@id":"https:\/\/basquetgirona.com\/es\/#organization"},"potentialAction":[{"@type":"SearchAction","target":{"@type":"EntryPoint","urlTemplate":"https:\/\/basquetgirona.com\/es\/?s={search_term_string}"},"query-input":"required name=search_term_string"}],"inLanguage":"es"},{"@type":"Organization","@id":"https:\/\/basquetgirona.com\/es\/#organization","name":"Basquet Girona","url":"https:\/\/basquetgirona.com\/es\/","logo":{"@type":"ImageObject","inLanguage":"es","@id":"https:\/\/basquetgirona.com\/es\/#\/schema\/logo\/image\/","url":"https:\/\/basquetgirona.com\/wp-content\/uploads\/2023\/02\/girona-logo1.png","contentUrl":"https:\/\/basquetgirona.com\/wp-content\/uploads\/2023\/02\/girona-logo1.png","width":124,"height":136,"caption":"Basquet Girona"},"image":{"@id":"https:\/\/basquetgirona.com\/es\/#\/schema\/logo\/image\/"},"sameAs":["https:\/\/www.facebook.com\/BasquetGironaOficial","https:\/\/twitter.com\/BasquetGirona","https:\/\/www.instagram.com\/basquetgirona\/","https:\/\/es.linkedin.com\/company\/bsquet-girona","https:\/\/www.tiktok.com\/@basquetgirona"]},{"@type":"Person","@id":"https:\/\/basquetgirona.com\/es\/#\/schema\/person\/9196efe7de3d62004e09ea79cd72b8d5","name":"Pau De Castro","image":{"@type":"ImageObject","inLanguage":"es","@id":"https:\/\/basquetgirona.com\/es\/#\/schema\/person\/image\/","url":"https:\/\/secure.gravatar.com\/avatar\/311a301e125ef9f088e17c727474e75fb5b82151095ccfc4b6e27ae4855b5814?s=96&d=mm&r=g","contentUrl":"https:\/\/secure.gravatar.com\/avatar\/311a301e125ef9f088e17c727474e75fb5b82151095ccfc4b6e27ae4855b5814?s=96&d=mm&r=g","caption":"Pau De Castro"},"url":"https:\/\/basquetgirona.com\/es\/author\/pdcastro\/"}]}},"acf":[],"_links":{"self":[{"href":"https:\/\/basquetgirona.com\/es\/wp-json\/wp\/v2\/noticia\/25602","targetHints":{"allow":["GET"]}}],"collection":[{"href":"https:\/\/basquetgirona.com\/es\/wp-json\/wp\/v2\/noticia"}],"about":[{"href":"https:\/\/basquetgirona.com\/es\/wp-json\/wp\/v2\/types\/noticia"}],"author":[{"embeddable":true,"href":"https:\/\/basquetgirona.com\/es\/wp-json\/wp\/v2\/users\/4"}],"version-history":[{"count":5,"href":"https:\/\/basquetgirona.com\/es\/wp-json\/wp\/v2\/noticia\/25602\/revisions"}],"predecessor-version":[{"id":54555,"href":"https:\/\/basquetgirona.com\/es\/wp-json\/wp\/v2\/noticia\/25602\/revisions\/54555"}],"wp:featuredmedia":[{"embeddable":true,"href":"https:\/\/basquetgirona.com\/es\/wp-json\/wp\/v2\/media\/22008"}],"wp:attachment":[{"href":"https:\/\/basquetgirona.com\/es\/wp-json\/wp\/v2\/media?parent=25602"}],"wp:term":[{"taxonomy":"categoria_noticia","embeddable":true,"href":"https:\/\/basquetgirona.com\/es\/wp-json\/wp\/v2\/categoria_noticia?post=25602"}],"curies":[{"name":"wp","href":"https:\/\/api.w.org\/{rel}","templated":true}]}}