{"id":31099,"date":"2024-04-25T10:35:57","date_gmt":"2024-04-25T10:35:57","guid":{"rendered":"https:\/\/basquetgirona.com\/noticia\/nyam-dunk-el-helado-de-los-10-anos-del-baloncesto-girona-con-jordi-roca-y-rocambolesco\/"},"modified":"2025-10-03T09:49:01","modified_gmt":"2025-10-03T09:49:01","slug":"nyam-dunk-el-helado-de-los-10-anos-del-baloncesto-girona-con-jordi-roca-y-rocambolesco","status":"publish","type":"noticia","link":"https:\/\/basquetgirona.com\/es\/noticia\/nyam-dunk-el-helado-de-los-10-anos-del-baloncesto-girona-con-jordi-roca-y-rocambolesco\/","title":{"rendered":"NYAM DUNK, EL HELADO DE LOS 10 A\u00d1OS DEL BALONCESTO GIRONA, CON JORDI ROCA Y ROCAMBOLESCO"},"content":{"rendered":"\n<p>Una de las principales acciones de la celebraci\u00f3n de los 10 a\u00f1os del club es la creaci\u00f3n de un helado en colaboraci\u00f3n con Jordi Roca y Rocambolesc. Se llama Nyam Dunk y combina dos sabores: la manzana de Girona y la cereza de Sant Boi de Llobregat. El helado tiene una forma redonda de pelota de baloncesto con las escamas y cola identificativas de la Cocollona, \u200b\u200bla mascota del club. El Nyam Dunk estar\u00e1 a la venta en los dos pr\u00f3ximos partidos en Fontajau (s\u00e1bado 27 de abril y domingo 12 de mayo) y tambi\u00e9n en la tienda f\u00edsica de Rocambolesc, en la calle Santa Clara, a partir del \u00faltimo domingo de abril.<\/p>\n","protected":false},"excerpt":{"rendered":"<p>Una de las principales acciones de la celebraci\u00f3n de los 10 a\u00f1os del club es la creaci\u00f3n de un helado en colaboraci\u00f3n con Jordi Roca y Rocambolesc. Se llama Nyam Dunk y combina dos sabores: la manzana de Girona y la cereza de Sant Boi de Llobregat. El helado tiene una forma redonda de pelota [&hellip;]<\/p>\n","protected":false},"author":4,"featured_media":31059,"menu_order":0,"template":"","categoria_noticia":[150],"class_list":["post-31099","noticia","type-noticia","status-publish","has-post-thumbnail","hentry","categoria_noticia-partners-es"],"yoast_head":"<!-- This site is optimized with the Yoast SEO plugin v22.0 - https:\/\/yoast.com\/wordpress\/plugins\/seo\/ -->\n<title>NYAM DUNK, EL HELADO DE LOS 10 A\u00d1OS DEL BALONCESTO GIRONA, CON JORDI ROCA Y ROCAMBOLESCO - Basquet Girona<\/title>\n<meta name=\"robots\" content=\"index, follow, max-snippet:-1, max-image-preview:large, max-video-preview:-1\" \/>\n<link rel=\"canonical\" href=\"https:\/\/basquetgirona.com\/es\/noticia\/nyam-dunk-el-helado-de-los-10-anos-del-baloncesto-girona-con-jordi-roca-y-rocambolesco\/\" \/>\n<meta property=\"og:locale\" content=\"es_ES\" \/>\n<meta property=\"og:type\" content=\"article\" \/>\n<meta property=\"og:title\" content=\"NYAM DUNK, EL HELADO DE LOS 10 A\u00d1OS DEL BALONCESTO GIRONA, CON JORDI ROCA Y ROCAMBOLESCO - Basquet Girona\" \/>\n<meta property=\"og:description\" content=\"Una de las principales acciones de la celebraci\u00f3n de los 10 a\u00f1os del club es la creaci\u00f3n de un helado en colaboraci\u00f3n con Jordi Roca y Rocambolesc. Se llama Nyam Dunk y combina dos sabores: la manzana de Girona y la cereza de Sant Boi de Llobregat. El helado tiene una forma redonda de pelota [&hellip;]\" \/>\n<meta property=\"og:url\" content=\"https:\/\/basquetgirona.com\/es\/noticia\/nyam-dunk-el-helado-de-los-10-anos-del-baloncesto-girona-con-jordi-roca-y-rocambolesco\/\" \/>\n<meta property=\"og:site_name\" content=\"Basquet Girona\" \/>\n<meta property=\"article:publisher\" content=\"https:\/\/www.facebook.com\/BasquetGironaOficial\" \/>\n<meta property=\"article:modified_time\" content=\"2025-10-03T09:49:01+00:00\" \/>\n<meta property=\"og:image\" content=\"https:\/\/basquetgirona.com\/wp-content\/uploads\/2024\/04\/1200x675_Web-NyamDunk_RGB.png\" \/>\n\t<meta property=\"og:image:width\" content=\"1200\" \/>\n\t<meta property=\"og:image:height\" content=\"675\" \/>\n\t<meta property=\"og:image:type\" content=\"image\/png\" \/>\n<meta name=\"twitter:card\" content=\"summary_large_image\" \/>\n<meta name=\"twitter:site\" content=\"@BasquetGirona\" \/>\n<meta name=\"twitter:label1\" content=\"Tiempo de lectura\" \/>\n\t<meta name=\"twitter:data1\" content=\"1 minuto\" \/>\n<!-- \/ Yoast SEO plugin. -->","yoast_head_json":{"title":"NYAM DUNK, EL HELADO DE LOS 10 A\u00d1OS DEL BALONCESTO GIRONA, CON JORDI ROCA Y ROCAMBOLESCO - Basquet Girona","robots":{"index":"index","follow":"follow","max-snippet":"max-snippet:-1","max-image-preview":"max-image-preview:large","max-video-preview":"max-video-preview:-1"},"canonical":"https:\/\/basquetgirona.com\/es\/noticia\/nyam-dunk-el-helado-de-los-10-anos-del-baloncesto-girona-con-jordi-roca-y-rocambolesco\/","og_locale":"es_ES","og_type":"article","og_title":"NYAM DUNK, EL HELADO DE LOS 10 A\u00d1OS DEL BALONCESTO GIRONA, CON JORDI ROCA Y ROCAMBOLESCO - Basquet Girona","og_description":"Una de las principales acciones de la celebraci\u00f3n de los 10 a\u00f1os del club es la creaci\u00f3n de un helado en colaboraci\u00f3n con Jordi Roca y Rocambolesc. Se llama Nyam Dunk y combina dos sabores: la manzana de Girona y la cereza de Sant Boi de Llobregat. El helado tiene una forma redonda de pelota [&hellip;]","og_url":"https:\/\/basquetgirona.com\/es\/noticia\/nyam-dunk-el-helado-de-los-10-anos-del-baloncesto-girona-con-jordi-roca-y-rocambolesco\/","og_site_name":"Basquet Girona","article_publisher":"https:\/\/www.facebook.com\/BasquetGironaOficial","article_modified_time":"2025-10-03T09:49:01+00:00","og_image":[{"width":1200,"height":675,"url":"https:\/\/basquetgirona.com\/wp-content\/uploads\/2024\/04\/1200x675_Web-NyamDunk_RGB.png","type":"image\/png"}],"twitter_card":"summary_large_image","twitter_site":"@BasquetGirona","twitter_misc":{"Tiempo de lectura":"1 minuto"},"schema":{"@context":"https:\/\/schema.org","@graph":[{"@type":"NewsArticle","@id":"https:\/\/basquetgirona.com\/es\/noticia\/nyam-dunk-el-helado-de-los-10-anos-del-baloncesto-girona-con-jordi-roca-y-rocambolesco\/#article","isPartOf":{"@id":"https:\/\/basquetgirona.com\/es\/noticia\/nyam-dunk-el-helado-de-los-10-anos-del-baloncesto-girona-con-jordi-roca-y-rocambolesco\/"},"author":{"name":"Pau De Castro","@id":"https:\/\/basquetgirona.com\/es\/#\/schema\/person\/9196efe7de3d62004e09ea79cd72b8d5"},"headline":"NYAM DUNK, EL HELADO DE LOS 10 A\u00d1OS DEL BALONCESTO GIRONA, CON JORDI ROCA Y ROCAMBOLESCO","datePublished":"2024-04-25T10:35:57+00:00","dateModified":"2025-10-03T09:49:01+00:00","mainEntityOfPage":{"@id":"https:\/\/basquetgirona.com\/es\/noticia\/nyam-dunk-el-helado-de-los-10-anos-del-baloncesto-girona-con-jordi-roca-y-rocambolesco\/"},"wordCount":134,"publisher":{"@id":"https:\/\/basquetgirona.com\/es\/#organization"},"inLanguage":"es"},{"@type":["WebPage","ItemPage"],"@id":"https:\/\/basquetgirona.com\/es\/noticia\/nyam-dunk-el-helado-de-los-10-anos-del-baloncesto-girona-con-jordi-roca-y-rocambolesco\/","url":"https:\/\/basquetgirona.com\/es\/noticia\/nyam-dunk-el-helado-de-los-10-anos-del-baloncesto-girona-con-jordi-roca-y-rocambolesco\/","name":"NYAM DUNK, EL HELADO DE LOS 10 A\u00d1OS DEL BALONCESTO GIRONA, CON JORDI ROCA Y ROCAMBOLESCO - Basquet Girona","isPartOf":{"@id":"https:\/\/basquetgirona.com\/es\/#website"},"datePublished":"2024-04-25T10:35:57+00:00","dateModified":"2025-10-03T09:49:01+00:00","breadcrumb":{"@id":"https:\/\/basquetgirona.com\/es\/noticia\/nyam-dunk-el-helado-de-los-10-anos-del-baloncesto-girona-con-jordi-roca-y-rocambolesco\/#breadcrumb"},"inLanguage":"es","potentialAction":[{"@type":"ReadAction","target":["https:\/\/basquetgirona.com\/es\/noticia\/nyam-dunk-el-helado-de-los-10-anos-del-baloncesto-girona-con-jordi-roca-y-rocambolesco\/"]}]},{"@type":"BreadcrumbList","@id":"https:\/\/basquetgirona.com\/es\/noticia\/nyam-dunk-el-helado-de-los-10-anos-del-baloncesto-girona-con-jordi-roca-y-rocambolesco\/#breadcrumb","itemListElement":[{"@type":"ListItem","position":1,"name":"Inici","item":"https:\/\/basquetgirona.com\/es\/"},{"@type":"ListItem","position":2,"name":"NYAM DUNK, EL HELADO DE LOS 10 A\u00d1OS DEL BALONCESTO GIRONA, CON JORDI ROCA Y ROCAMBOLESCO"}]},{"@type":"WebSite","@id":"https:\/\/basquetgirona.com\/es\/#website","url":"https:\/\/basquetgirona.com\/es\/","name":"Basquet Girona","description":"","publisher":{"@id":"https:\/\/basquetgirona.com\/es\/#organization"},"potentialAction":[{"@type":"SearchAction","target":{"@type":"EntryPoint","urlTemplate":"https:\/\/basquetgirona.com\/es\/?s={search_term_string}"},"query-input":"required name=search_term_string"}],"inLanguage":"es"},{"@type":"Organization","@id":"https:\/\/basquetgirona.com\/es\/#organization","name":"Basquet Girona","url":"https:\/\/basquetgirona.com\/es\/","logo":{"@type":"ImageObject","inLanguage":"es","@id":"https:\/\/basquetgirona.com\/es\/#\/schema\/logo\/image\/","url":"https:\/\/basquetgirona.com\/wp-content\/uploads\/2023\/02\/girona-logo1.png","contentUrl":"https:\/\/basquetgirona.com\/wp-content\/uploads\/2023\/02\/girona-logo1.png","width":124,"height":136,"caption":"Basquet Girona"},"image":{"@id":"https:\/\/basquetgirona.com\/es\/#\/schema\/logo\/image\/"},"sameAs":["https:\/\/www.facebook.com\/BasquetGironaOficial","https:\/\/twitter.com\/BasquetGirona","https:\/\/www.instagram.com\/basquetgirona\/","https:\/\/es.linkedin.com\/company\/bsquet-girona","https:\/\/www.tiktok.com\/@basquetgirona"]},{"@type":"Person","@id":"https:\/\/basquetgirona.com\/es\/#\/schema\/person\/9196efe7de3d62004e09ea79cd72b8d5","name":"Pau De Castro","image":{"@type":"ImageObject","inLanguage":"es","@id":"https:\/\/basquetgirona.com\/es\/#\/schema\/person\/image\/","url":"https:\/\/secure.gravatar.com\/avatar\/311a301e125ef9f088e17c727474e75fb5b82151095ccfc4b6e27ae4855b5814?s=96&d=mm&r=g","contentUrl":"https:\/\/secure.gravatar.com\/avatar\/311a301e125ef9f088e17c727474e75fb5b82151095ccfc4b6e27ae4855b5814?s=96&d=mm&r=g","caption":"Pau De Castro"},"url":"https:\/\/basquetgirona.com\/es\/author\/pdcastro\/"}]}},"acf":[],"_links":{"self":[{"href":"https:\/\/basquetgirona.com\/es\/wp-json\/wp\/v2\/noticia\/31099","targetHints":{"allow":["GET"]}}],"collection":[{"href":"https:\/\/basquetgirona.com\/es\/wp-json\/wp\/v2\/noticia"}],"about":[{"href":"https:\/\/basquetgirona.com\/es\/wp-json\/wp\/v2\/types\/noticia"}],"author":[{"embeddable":true,"href":"https:\/\/basquetgirona.com\/es\/wp-json\/wp\/v2\/users\/4"}],"version-history":[{"count":6,"href":"https:\/\/basquetgirona.com\/es\/wp-json\/wp\/v2\/noticia\/31099\/revisions"}],"predecessor-version":[{"id":54640,"href":"https:\/\/basquetgirona.com\/es\/wp-json\/wp\/v2\/noticia\/31099\/revisions\/54640"}],"wp:featuredmedia":[{"embeddable":true,"href":"https:\/\/basquetgirona.com\/es\/wp-json\/wp\/v2\/media\/31059"}],"wp:attachment":[{"href":"https:\/\/basquetgirona.com\/es\/wp-json\/wp\/v2\/media?parent=31099"}],"wp:term":[{"taxonomy":"categoria_noticia","embeddable":true,"href":"https:\/\/basquetgirona.com\/es\/wp-json\/wp\/v2\/categoria_noticia?post=31099"}],"curies":[{"name":"wp","href":"https:\/\/api.w.org\/{rel}","templated":true}]}}