{"id":31404,"date":"2024-04-30T15:04:44","date_gmt":"2024-04-30T15:04:44","guid":{"rendered":"https:\/\/basquetgirona.com\/noticia\/sponsor-day-del-club\/"},"modified":"2025-10-03T09:51:21","modified_gmt":"2025-10-03T09:51:21","slug":"sponsor-day-del-club","status":"publish","type":"noticia","link":"https:\/\/basquetgirona.com\/es\/noticia\/sponsor-day-del-club\/","title":{"rendered":"SPONSOR DAY DEL CLUB"},"content":{"rendered":"\n<p>Los partners, los miembros de Club Empreses y el primer equipo compartieron el segundo Sponsor Day del club. La jornada comenz\u00f3 con una conferencia del emprendedor Pau Garc\u00eda-Mil\u00e0 sobre Inteligencia Artificial. Tras la charla, empez\u00f3 el cl\u00ednic con los jugadores del primer equipo y el staff en la pista central del pabell\u00f3n. El d\u00eda concluy\u00f3 con una cena en el Hotel Ultonia. \u00a1Gracias a todos por participar!<\/p>\n","protected":false},"excerpt":{"rendered":"<p>Los partners, los miembros de Club Empreses y el primer equipo compartieron el segundo Sponsor Day del club. La jornada comenz\u00f3 con una conferencia del emprendedor Pau Garc\u00eda-Mil\u00e0 sobre Inteligencia Artificial. Tras la charla, empez\u00f3 el cl\u00ednic con los jugadores del primer equipo y el staff en la pista central del pabell\u00f3n. El d\u00eda concluy\u00f3 [&hellip;]<\/p>\n","protected":false},"author":4,"featured_media":31400,"menu_order":0,"template":"","categoria_noticia":[150],"class_list":["post-31404","noticia","type-noticia","status-publish","has-post-thumbnail","hentry","categoria_noticia-partners-es"],"yoast_head":"<!-- This site is optimized with the Yoast SEO plugin v22.0 - https:\/\/yoast.com\/wordpress\/plugins\/seo\/ -->\n<title>SPONSOR DAY DEL CLUB - Basquet Girona<\/title>\n<meta name=\"robots\" content=\"index, follow, max-snippet:-1, max-image-preview:large, max-video-preview:-1\" \/>\n<link rel=\"canonical\" href=\"https:\/\/basquetgirona.com\/es\/noticia\/sponsor-day-del-club\/\" \/>\n<meta property=\"og:locale\" content=\"es_ES\" \/>\n<meta property=\"og:type\" content=\"article\" \/>\n<meta property=\"og:title\" content=\"SPONSOR DAY DEL CLUB - Basquet Girona\" \/>\n<meta property=\"og:description\" content=\"Los partners, los miembros de Club Empreses y el primer equipo compartieron el segundo Sponsor Day del club. La jornada comenz\u00f3 con una conferencia del emprendedor Pau Garc\u00eda-Mil\u00e0 sobre Inteligencia Artificial. Tras la charla, empez\u00f3 el cl\u00ednic con los jugadores del primer equipo y el staff en la pista central del pabell\u00f3n. El d\u00eda concluy\u00f3 [&hellip;]\" \/>\n<meta property=\"og:url\" content=\"https:\/\/basquetgirona.com\/es\/noticia\/sponsor-day-del-club\/\" \/>\n<meta property=\"og:site_name\" content=\"Basquet Girona\" \/>\n<meta property=\"article:publisher\" content=\"https:\/\/www.facebook.com\/BasquetGironaOficial\" \/>\n<meta property=\"article:modified_time\" content=\"2025-10-03T09:51:21+00:00\" \/>\n<meta property=\"og:image\" content=\"https:\/\/basquetgirona.com\/wp-content\/uploads\/2024\/04\/DSC9655-Mejorado-NR-scaled.webp\" \/>\n\t<meta property=\"og:image:width\" content=\"2560\" \/>\n\t<meta property=\"og:image:height\" content=\"1707\" \/>\n\t<meta property=\"og:image:type\" content=\"image\/jpeg\" \/>\n<meta name=\"twitter:card\" content=\"summary_large_image\" \/>\n<meta name=\"twitter:site\" content=\"@BasquetGirona\" \/>\n<meta name=\"twitter:label1\" content=\"Tiempo de lectura\" \/>\n\t<meta name=\"twitter:data1\" content=\"1 minuto\" \/>\n<!-- \/ Yoast SEO plugin. -->","yoast_head_json":{"title":"SPONSOR DAY DEL CLUB - Basquet Girona","robots":{"index":"index","follow":"follow","max-snippet":"max-snippet:-1","max-image-preview":"max-image-preview:large","max-video-preview":"max-video-preview:-1"},"canonical":"https:\/\/basquetgirona.com\/es\/noticia\/sponsor-day-del-club\/","og_locale":"es_ES","og_type":"article","og_title":"SPONSOR DAY DEL CLUB - Basquet Girona","og_description":"Los partners, los miembros de Club Empreses y el primer equipo compartieron el segundo Sponsor Day del club. La jornada comenz\u00f3 con una conferencia del emprendedor Pau Garc\u00eda-Mil\u00e0 sobre Inteligencia Artificial. Tras la charla, empez\u00f3 el cl\u00ednic con los jugadores del primer equipo y el staff en la pista central del pabell\u00f3n. El d\u00eda concluy\u00f3 [&hellip;]","og_url":"https:\/\/basquetgirona.com\/es\/noticia\/sponsor-day-del-club\/","og_site_name":"Basquet Girona","article_publisher":"https:\/\/www.facebook.com\/BasquetGironaOficial","article_modified_time":"2025-10-03T09:51:21+00:00","og_image":[{"width":2560,"height":1707,"url":"https:\/\/basquetgirona.com\/wp-content\/uploads\/2024\/04\/DSC9655-Mejorado-NR-scaled.webp","type":"image\/jpeg"}],"twitter_card":"summary_large_image","twitter_site":"@BasquetGirona","twitter_misc":{"Tiempo de lectura":"1 minuto"},"schema":{"@context":"https:\/\/schema.org","@graph":[{"@type":"NewsArticle","@id":"https:\/\/basquetgirona.com\/es\/noticia\/sponsor-day-del-club\/#article","isPartOf":{"@id":"https:\/\/basquetgirona.com\/es\/noticia\/sponsor-day-del-club\/"},"author":{"name":"Pau De Castro","@id":"https:\/\/basquetgirona.com\/es\/#\/schema\/person\/9196efe7de3d62004e09ea79cd72b8d5"},"headline":"SPONSOR DAY DEL CLUB","datePublished":"2024-04-30T15:04:44+00:00","dateModified":"2025-10-03T09:51:21+00:00","mainEntityOfPage":{"@id":"https:\/\/basquetgirona.com\/es\/noticia\/sponsor-day-del-club\/"},"wordCount":75,"publisher":{"@id":"https:\/\/basquetgirona.com\/es\/#organization"},"inLanguage":"es"},{"@type":["WebPage","ItemPage"],"@id":"https:\/\/basquetgirona.com\/es\/noticia\/sponsor-day-del-club\/","url":"https:\/\/basquetgirona.com\/es\/noticia\/sponsor-day-del-club\/","name":"SPONSOR DAY DEL CLUB - Basquet Girona","isPartOf":{"@id":"https:\/\/basquetgirona.com\/es\/#website"},"datePublished":"2024-04-30T15:04:44+00:00","dateModified":"2025-10-03T09:51:21+00:00","breadcrumb":{"@id":"https:\/\/basquetgirona.com\/es\/noticia\/sponsor-day-del-club\/#breadcrumb"},"inLanguage":"es","potentialAction":[{"@type":"ReadAction","target":["https:\/\/basquetgirona.com\/es\/noticia\/sponsor-day-del-club\/"]}]},{"@type":"BreadcrumbList","@id":"https:\/\/basquetgirona.com\/es\/noticia\/sponsor-day-del-club\/#breadcrumb","itemListElement":[{"@type":"ListItem","position":1,"name":"Inici","item":"https:\/\/basquetgirona.com\/es\/"},{"@type":"ListItem","position":2,"name":"SPONSOR DAY DEL CLUB"}]},{"@type":"WebSite","@id":"https:\/\/basquetgirona.com\/es\/#website","url":"https:\/\/basquetgirona.com\/es\/","name":"Basquet Girona","description":"","publisher":{"@id":"https:\/\/basquetgirona.com\/es\/#organization"},"potentialAction":[{"@type":"SearchAction","target":{"@type":"EntryPoint","urlTemplate":"https:\/\/basquetgirona.com\/es\/?s={search_term_string}"},"query-input":"required name=search_term_string"}],"inLanguage":"es"},{"@type":"Organization","@id":"https:\/\/basquetgirona.com\/es\/#organization","name":"Basquet Girona","url":"https:\/\/basquetgirona.com\/es\/","logo":{"@type":"ImageObject","inLanguage":"es","@id":"https:\/\/basquetgirona.com\/es\/#\/schema\/logo\/image\/","url":"https:\/\/basquetgirona.com\/wp-content\/uploads\/2023\/02\/girona-logo1.png","contentUrl":"https:\/\/basquetgirona.com\/wp-content\/uploads\/2023\/02\/girona-logo1.png","width":124,"height":136,"caption":"Basquet Girona"},"image":{"@id":"https:\/\/basquetgirona.com\/es\/#\/schema\/logo\/image\/"},"sameAs":["https:\/\/www.facebook.com\/BasquetGironaOficial","https:\/\/twitter.com\/BasquetGirona","https:\/\/www.instagram.com\/basquetgirona\/","https:\/\/es.linkedin.com\/company\/bsquet-girona","https:\/\/www.tiktok.com\/@basquetgirona"]},{"@type":"Person","@id":"https:\/\/basquetgirona.com\/es\/#\/schema\/person\/9196efe7de3d62004e09ea79cd72b8d5","name":"Pau De Castro","image":{"@type":"ImageObject","inLanguage":"es","@id":"https:\/\/basquetgirona.com\/es\/#\/schema\/person\/image\/","url":"https:\/\/secure.gravatar.com\/avatar\/311a301e125ef9f088e17c727474e75fb5b82151095ccfc4b6e27ae4855b5814?s=96&d=mm&r=g","contentUrl":"https:\/\/secure.gravatar.com\/avatar\/311a301e125ef9f088e17c727474e75fb5b82151095ccfc4b6e27ae4855b5814?s=96&d=mm&r=g","caption":"Pau De Castro"},"url":"https:\/\/basquetgirona.com\/es\/author\/pdcastro\/"}]}},"acf":[],"_links":{"self":[{"href":"https:\/\/basquetgirona.com\/es\/wp-json\/wp\/v2\/noticia\/31404","targetHints":{"allow":["GET"]}}],"collection":[{"href":"https:\/\/basquetgirona.com\/es\/wp-json\/wp\/v2\/noticia"}],"about":[{"href":"https:\/\/basquetgirona.com\/es\/wp-json\/wp\/v2\/types\/noticia"}],"author":[{"embeddable":true,"href":"https:\/\/basquetgirona.com\/es\/wp-json\/wp\/v2\/users\/4"}],"version-history":[{"count":2,"href":"https:\/\/basquetgirona.com\/es\/wp-json\/wp\/v2\/noticia\/31404\/revisions"}],"predecessor-version":[{"id":31408,"href":"https:\/\/basquetgirona.com\/es\/wp-json\/wp\/v2\/noticia\/31404\/revisions\/31408"}],"wp:featuredmedia":[{"embeddable":true,"href":"https:\/\/basquetgirona.com\/es\/wp-json\/wp\/v2\/media\/31400"}],"wp:attachment":[{"href":"https:\/\/basquetgirona.com\/es\/wp-json\/wp\/v2\/media?parent=31404"}],"wp:term":[{"taxonomy":"categoria_noticia","embeddable":true,"href":"https:\/\/basquetgirona.com\/es\/wp-json\/wp\/v2\/categoria_noticia?post=31404"}],"curies":[{"name":"wp","href":"https:\/\/api.w.org\/{rel}","templated":true}]}}