{"id":31752,"date":"2024-05-10T09:54:40","date_gmt":"2024-05-10T09:54:40","guid":{"rendered":"https:\/\/basquetgirona.com\/noticia\/domingo-de-fan-zone\/"},"modified":"2025-10-03T09:51:02","modified_gmt":"2025-10-03T09:51:02","slug":"domingo-de-fan-zone","status":"publish","type":"noticia","link":"https:\/\/basquetgirona.com\/es\/noticia\/domingo-de-fan-zone\/","title":{"rendered":"DOMINGO DE FAN ZONE"},"content":{"rendered":"\n<p>Este domingo para alargar la experiencia del \u00faltimo partido de la temporada, todos los aficionados est\u00e1n invitados a disfrutar de la Fan Zone que se llevar\u00e1 a cabo en los exteriores del Pabell\u00f3n de Fontajau.<\/p>\n\n<p>Con el apoyo de Estrella Damm, contaremos con una barra para poder disfrutar de refrescos y bebidas antes del partido y el ambiente estar\u00e1 asegurado con un disc-jockey de Platea. Los aficionados tambi\u00e9n tendr\u00e1n la oportunidad de participar en un juego interactivo con la colaboraci\u00f3n de FIATC, donde se realizar\u00e1 el sorteo de una camiseta firmada por los jugadores del primer equipo del B\u00e0squet Girona.<\/p>\n\n<p>Todo esto lo podr\u00e9is encontrar este domingo a las 16.30 en Fontajau<\/p>\n","protected":false},"excerpt":{"rendered":"<p>Este domingo para alargar la experiencia del \u00faltimo partido de la temporada, todos los aficionados est\u00e1n invitados a disfrutar de la Fan Zone que se llevar\u00e1 a cabo en los exteriores del Pabell\u00f3n de Fontajau. Con el apoyo de Estrella Damm, contaremos con una barra para poder disfrutar de refrescos y bebidas antes del partido [&hellip;]<\/p>\n","protected":false},"author":4,"featured_media":31749,"menu_order":0,"template":"","categoria_noticia":[150],"class_list":["post-31752","noticia","type-noticia","status-publish","has-post-thumbnail","hentry","categoria_noticia-partners-es"],"yoast_head":"<!-- This site is optimized with the Yoast SEO plugin v22.0 - https:\/\/yoast.com\/wordpress\/plugins\/seo\/ -->\n<title>DOMINGO DE FAN ZONE - Basquet Girona<\/title>\n<meta name=\"robots\" content=\"index, follow, max-snippet:-1, max-image-preview:large, max-video-preview:-1\" \/>\n<link rel=\"canonical\" href=\"https:\/\/basquetgirona.com\/es\/noticia\/domingo-de-fan-zone\/\" \/>\n<meta property=\"og:locale\" content=\"es_ES\" \/>\n<meta property=\"og:type\" content=\"article\" \/>\n<meta property=\"og:title\" content=\"DOMINGO DE FAN ZONE - Basquet Girona\" \/>\n<meta property=\"og:description\" content=\"Este domingo para alargar la experiencia del \u00faltimo partido de la temporada, todos los aficionados est\u00e1n invitados a disfrutar de la Fan Zone que se llevar\u00e1 a cabo en los exteriores del Pabell\u00f3n de Fontajau. Con el apoyo de Estrella Damm, contaremos con una barra para poder disfrutar de refrescos y bebidas antes del partido [&hellip;]\" \/>\n<meta property=\"og:url\" content=\"https:\/\/basquetgirona.com\/es\/noticia\/domingo-de-fan-zone\/\" \/>\n<meta property=\"og:site_name\" content=\"Basquet Girona\" \/>\n<meta property=\"article:publisher\" content=\"https:\/\/www.facebook.com\/BasquetGironaOficial\" \/>\n<meta property=\"article:modified_time\" content=\"2025-10-03T09:51:02+00:00\" \/>\n<meta property=\"og:image\" content=\"https:\/\/basquetgirona.com\/wp-content\/uploads\/2024\/05\/fanzone-scaled.webp\" \/>\n\t<meta property=\"og:image:width\" content=\"2560\" \/>\n\t<meta property=\"og:image:height\" content=\"1707\" \/>\n\t<meta property=\"og:image:type\" content=\"image\/jpeg\" \/>\n<meta name=\"twitter:card\" content=\"summary_large_image\" \/>\n<meta name=\"twitter:site\" content=\"@BasquetGirona\" \/>\n<meta name=\"twitter:label1\" content=\"Tiempo de lectura\" \/>\n\t<meta name=\"twitter:data1\" content=\"1 minuto\" \/>\n<!-- \/ Yoast SEO plugin. -->","yoast_head_json":{"title":"DOMINGO DE FAN ZONE - Basquet Girona","robots":{"index":"index","follow":"follow","max-snippet":"max-snippet:-1","max-image-preview":"max-image-preview:large","max-video-preview":"max-video-preview:-1"},"canonical":"https:\/\/basquetgirona.com\/es\/noticia\/domingo-de-fan-zone\/","og_locale":"es_ES","og_type":"article","og_title":"DOMINGO DE FAN ZONE - Basquet Girona","og_description":"Este domingo para alargar la experiencia del \u00faltimo partido de la temporada, todos los aficionados est\u00e1n invitados a disfrutar de la Fan Zone que se llevar\u00e1 a cabo en los exteriores del Pabell\u00f3n de Fontajau. Con el apoyo de Estrella Damm, contaremos con una barra para poder disfrutar de refrescos y bebidas antes del partido [&hellip;]","og_url":"https:\/\/basquetgirona.com\/es\/noticia\/domingo-de-fan-zone\/","og_site_name":"Basquet Girona","article_publisher":"https:\/\/www.facebook.com\/BasquetGironaOficial","article_modified_time":"2025-10-03T09:51:02+00:00","og_image":[{"width":2560,"height":1707,"url":"https:\/\/basquetgirona.com\/wp-content\/uploads\/2024\/05\/fanzone-scaled.webp","type":"image\/jpeg"}],"twitter_card":"summary_large_image","twitter_site":"@BasquetGirona","twitter_misc":{"Tiempo de lectura":"1 minuto"},"schema":{"@context":"https:\/\/schema.org","@graph":[{"@type":"NewsArticle","@id":"https:\/\/basquetgirona.com\/es\/noticia\/domingo-de-fan-zone\/#article","isPartOf":{"@id":"https:\/\/basquetgirona.com\/es\/noticia\/domingo-de-fan-zone\/"},"author":{"name":"Pau De Castro","@id":"https:\/\/basquetgirona.com\/es\/#\/schema\/person\/9196efe7de3d62004e09ea79cd72b8d5"},"headline":"DOMINGO DE FAN ZONE","datePublished":"2024-05-10T09:54:40+00:00","dateModified":"2025-10-03T09:51:02+00:00","mainEntityOfPage":{"@id":"https:\/\/basquetgirona.com\/es\/noticia\/domingo-de-fan-zone\/"},"wordCount":122,"publisher":{"@id":"https:\/\/basquetgirona.com\/es\/#organization"},"inLanguage":"es"},{"@type":["WebPage","ItemPage"],"@id":"https:\/\/basquetgirona.com\/es\/noticia\/domingo-de-fan-zone\/","url":"https:\/\/basquetgirona.com\/es\/noticia\/domingo-de-fan-zone\/","name":"DOMINGO DE FAN ZONE - Basquet Girona","isPartOf":{"@id":"https:\/\/basquetgirona.com\/es\/#website"},"datePublished":"2024-05-10T09:54:40+00:00","dateModified":"2025-10-03T09:51:02+00:00","breadcrumb":{"@id":"https:\/\/basquetgirona.com\/es\/noticia\/domingo-de-fan-zone\/#breadcrumb"},"inLanguage":"es","potentialAction":[{"@type":"ReadAction","target":["https:\/\/basquetgirona.com\/es\/noticia\/domingo-de-fan-zone\/"]}]},{"@type":"BreadcrumbList","@id":"https:\/\/basquetgirona.com\/es\/noticia\/domingo-de-fan-zone\/#breadcrumb","itemListElement":[{"@type":"ListItem","position":1,"name":"Inici","item":"https:\/\/basquetgirona.com\/es\/"},{"@type":"ListItem","position":2,"name":"DOMINGO DE FAN ZONE"}]},{"@type":"WebSite","@id":"https:\/\/basquetgirona.com\/es\/#website","url":"https:\/\/basquetgirona.com\/es\/","name":"Basquet Girona","description":"","publisher":{"@id":"https:\/\/basquetgirona.com\/es\/#organization"},"potentialAction":[{"@type":"SearchAction","target":{"@type":"EntryPoint","urlTemplate":"https:\/\/basquetgirona.com\/es\/?s={search_term_string}"},"query-input":"required name=search_term_string"}],"inLanguage":"es"},{"@type":"Organization","@id":"https:\/\/basquetgirona.com\/es\/#organization","name":"Basquet Girona","url":"https:\/\/basquetgirona.com\/es\/","logo":{"@type":"ImageObject","inLanguage":"es","@id":"https:\/\/basquetgirona.com\/es\/#\/schema\/logo\/image\/","url":"https:\/\/basquetgirona.com\/wp-content\/uploads\/2023\/02\/girona-logo1.png","contentUrl":"https:\/\/basquetgirona.com\/wp-content\/uploads\/2023\/02\/girona-logo1.png","width":124,"height":136,"caption":"Basquet Girona"},"image":{"@id":"https:\/\/basquetgirona.com\/es\/#\/schema\/logo\/image\/"},"sameAs":["https:\/\/www.facebook.com\/BasquetGironaOficial","https:\/\/twitter.com\/BasquetGirona","https:\/\/www.instagram.com\/basquetgirona\/","https:\/\/es.linkedin.com\/company\/bsquet-girona","https:\/\/www.tiktok.com\/@basquetgirona"]},{"@type":"Person","@id":"https:\/\/basquetgirona.com\/es\/#\/schema\/person\/9196efe7de3d62004e09ea79cd72b8d5","name":"Pau De Castro","image":{"@type":"ImageObject","inLanguage":"es","@id":"https:\/\/basquetgirona.com\/es\/#\/schema\/person\/image\/","url":"https:\/\/secure.gravatar.com\/avatar\/311a301e125ef9f088e17c727474e75fb5b82151095ccfc4b6e27ae4855b5814?s=96&d=mm&r=g","contentUrl":"https:\/\/secure.gravatar.com\/avatar\/311a301e125ef9f088e17c727474e75fb5b82151095ccfc4b6e27ae4855b5814?s=96&d=mm&r=g","caption":"Pau De Castro"},"url":"https:\/\/basquetgirona.com\/es\/author\/pdcastro\/"}]}},"acf":[],"_links":{"self":[{"href":"https:\/\/basquetgirona.com\/es\/wp-json\/wp\/v2\/noticia\/31752","targetHints":{"allow":["GET"]}}],"collection":[{"href":"https:\/\/basquetgirona.com\/es\/wp-json\/wp\/v2\/noticia"}],"about":[{"href":"https:\/\/basquetgirona.com\/es\/wp-json\/wp\/v2\/types\/noticia"}],"author":[{"embeddable":true,"href":"https:\/\/basquetgirona.com\/es\/wp-json\/wp\/v2\/users\/4"}],"version-history":[{"count":5,"href":"https:\/\/basquetgirona.com\/es\/wp-json\/wp\/v2\/noticia\/31752\/revisions"}],"predecessor-version":[{"id":37085,"href":"https:\/\/basquetgirona.com\/es\/wp-json\/wp\/v2\/noticia\/31752\/revisions\/37085"}],"wp:featuredmedia":[{"embeddable":true,"href":"https:\/\/basquetgirona.com\/es\/wp-json\/wp\/v2\/media\/31749"}],"wp:attachment":[{"href":"https:\/\/basquetgirona.com\/es\/wp-json\/wp\/v2\/media?parent=31752"}],"wp:term":[{"taxonomy":"categoria_noticia","embeddable":true,"href":"https:\/\/basquetgirona.com\/es\/wp-json\/wp\/v2\/categoria_noticia?post=31752"}],"curies":[{"name":"wp","href":"https:\/\/api.w.org\/{rel}","templated":true}]}}