{"id":37185,"date":"2024-06-26T14:12:52","date_gmt":"2024-06-26T14:12:52","guid":{"rendered":"https:\/\/basquetgirona.com\/noticia\/gracias-quino\/"},"modified":"2025-10-03T10:40:17","modified_gmt":"2025-10-03T10:40:17","slug":"gracias-quino","status":"publish","type":"noticia","link":"https:\/\/basquetgirona.com\/es\/noticia\/gracias-quino\/","title":{"rendered":"GRACIAS, QUINO"},"content":{"rendered":"\n<p>Quino Colom no seguir\u00e1 como jugador del B\u00e0squet Girona la pr\u00f3xima temporada.<\/p>\n\n<p>Colom lleg\u00f3 al B\u00e0squet Girona en el 2022 y en sus dos temporadas en las que ha formado parte de nuestro equipo ha jugado 66 partidos de la Liga ACB.<\/p>\n\n<p>El Baloncesto Girona quiere mostrarle todo su agradecimiento por su compromiso y profesionalidad durante el tiempo que ha vestido nuestra camiseta y le desea mucha suerte en su nueva etapa.<\/p>\n","protected":false},"excerpt":{"rendered":"<p>Quino Colom no seguir\u00e1 como jugador del B\u00e0squet Girona la pr\u00f3xima temporada. Colom lleg\u00f3 al B\u00e0squet Girona en el 2022 y en sus dos temporadas en las que ha formado parte de nuestro equipo ha jugado 66 partidos de la Liga ACB. El Baloncesto Girona quiere mostrarle todo su agradecimiento por su compromiso y profesionalidad [&hellip;]<\/p>\n","protected":false},"author":4,"featured_media":36253,"menu_order":0,"template":"","categoria_noticia":[190],"class_list":["post-37185","noticia","type-noticia","status-publish","has-post-thumbnail","hentry","categoria_noticia-equipos"],"yoast_head":"<!-- This site is optimized with the Yoast SEO plugin v22.0 - https:\/\/yoast.com\/wordpress\/plugins\/seo\/ -->\n<title>GRACIAS, QUINO - Basquet Girona<\/title>\n<meta name=\"robots\" content=\"index, follow, max-snippet:-1, max-image-preview:large, max-video-preview:-1\" \/>\n<link rel=\"canonical\" href=\"https:\/\/basquetgirona.com\/es\/noticia\/gracias-quino\/\" \/>\n<meta property=\"og:locale\" content=\"es_ES\" \/>\n<meta property=\"og:type\" content=\"article\" \/>\n<meta property=\"og:title\" content=\"GRACIAS, QUINO - Basquet Girona\" \/>\n<meta property=\"og:description\" content=\"Quino Colom no seguir\u00e1 como jugador del B\u00e0squet Girona la pr\u00f3xima temporada. Colom lleg\u00f3 al B\u00e0squet Girona en el 2022 y en sus dos temporadas en las que ha formado parte de nuestro equipo ha jugado 66 partidos de la Liga ACB. El Baloncesto Girona quiere mostrarle todo su agradecimiento por su compromiso y profesionalidad [&hellip;]\" \/>\n<meta property=\"og:url\" content=\"https:\/\/basquetgirona.com\/es\/noticia\/gracias-quino\/\" \/>\n<meta property=\"og:site_name\" content=\"Basquet Girona\" \/>\n<meta property=\"article:publisher\" content=\"https:\/\/www.facebook.com\/BasquetGironaOficial\" \/>\n<meta property=\"article:modified_time\" content=\"2025-10-03T10:40:17+00:00\" \/>\n<meta property=\"og:image\" content=\"https:\/\/basquetgirona.com\/wp-content\/uploads\/2024\/06\/1350X1080_Post_Quino_RGB-819x1024.webp\" \/>\n\t<meta property=\"og:image:width\" content=\"819\" \/>\n\t<meta property=\"og:image:height\" content=\"1024\" \/>\n\t<meta property=\"og:image:type\" content=\"image\/png\" \/>\n<meta name=\"twitter:card\" content=\"summary_large_image\" \/>\n<meta name=\"twitter:site\" content=\"@BasquetGirona\" \/>\n<!-- \/ Yoast SEO plugin. -->","yoast_head_json":{"title":"GRACIAS, QUINO - Basquet Girona","robots":{"index":"index","follow":"follow","max-snippet":"max-snippet:-1","max-image-preview":"max-image-preview:large","max-video-preview":"max-video-preview:-1"},"canonical":"https:\/\/basquetgirona.com\/es\/noticia\/gracias-quino\/","og_locale":"es_ES","og_type":"article","og_title":"GRACIAS, QUINO - Basquet Girona","og_description":"Quino Colom no seguir\u00e1 como jugador del B\u00e0squet Girona la pr\u00f3xima temporada. Colom lleg\u00f3 al B\u00e0squet Girona en el 2022 y en sus dos temporadas en las que ha formado parte de nuestro equipo ha jugado 66 partidos de la Liga ACB. El Baloncesto Girona quiere mostrarle todo su agradecimiento por su compromiso y profesionalidad [&hellip;]","og_url":"https:\/\/basquetgirona.com\/es\/noticia\/gracias-quino\/","og_site_name":"Basquet Girona","article_publisher":"https:\/\/www.facebook.com\/BasquetGironaOficial","article_modified_time":"2025-10-03T10:40:17+00:00","og_image":[{"width":819,"height":1024,"url":"https:\/\/basquetgirona.com\/wp-content\/uploads\/2024\/06\/1350X1080_Post_Quino_RGB-819x1024.webp","type":"image\/png"}],"twitter_card":"summary_large_image","twitter_site":"@BasquetGirona","schema":{"@context":"https:\/\/schema.org","@graph":[{"@type":"NewsArticle","@id":"https:\/\/basquetgirona.com\/es\/noticia\/gracias-quino\/#article","isPartOf":{"@id":"https:\/\/basquetgirona.com\/es\/noticia\/gracias-quino\/"},"author":{"name":"Pau De Castro","@id":"https:\/\/basquetgirona.com\/es\/#\/schema\/person\/9196efe7de3d62004e09ea79cd72b8d5"},"headline":"GRACIAS, QUINO","datePublished":"2024-06-26T14:12:52+00:00","dateModified":"2025-10-03T10:40:17+00:00","mainEntityOfPage":{"@id":"https:\/\/basquetgirona.com\/es\/noticia\/gracias-quino\/"},"wordCount":75,"publisher":{"@id":"https:\/\/basquetgirona.com\/es\/#organization"},"inLanguage":"es"},{"@type":["WebPage","ItemPage"],"@id":"https:\/\/basquetgirona.com\/es\/noticia\/gracias-quino\/","url":"https:\/\/basquetgirona.com\/es\/noticia\/gracias-quino\/","name":"GRACIAS, QUINO - Basquet Girona","isPartOf":{"@id":"https:\/\/basquetgirona.com\/es\/#website"},"datePublished":"2024-06-26T14:12:52+00:00","dateModified":"2025-10-03T10:40:17+00:00","breadcrumb":{"@id":"https:\/\/basquetgirona.com\/es\/noticia\/gracias-quino\/#breadcrumb"},"inLanguage":"es","potentialAction":[{"@type":"ReadAction","target":["https:\/\/basquetgirona.com\/es\/noticia\/gracias-quino\/"]}]},{"@type":"BreadcrumbList","@id":"https:\/\/basquetgirona.com\/es\/noticia\/gracias-quino\/#breadcrumb","itemListElement":[{"@type":"ListItem","position":1,"name":"Inici","item":"https:\/\/basquetgirona.com\/es\/"},{"@type":"ListItem","position":2,"name":"GRACIAS, QUINO"}]},{"@type":"WebSite","@id":"https:\/\/basquetgirona.com\/es\/#website","url":"https:\/\/basquetgirona.com\/es\/","name":"Basquet Girona","description":"","publisher":{"@id":"https:\/\/basquetgirona.com\/es\/#organization"},"potentialAction":[{"@type":"SearchAction","target":{"@type":"EntryPoint","urlTemplate":"https:\/\/basquetgirona.com\/es\/?s={search_term_string}"},"query-input":"required name=search_term_string"}],"inLanguage":"es"},{"@type":"Organization","@id":"https:\/\/basquetgirona.com\/es\/#organization","name":"Basquet Girona","url":"https:\/\/basquetgirona.com\/es\/","logo":{"@type":"ImageObject","inLanguage":"es","@id":"https:\/\/basquetgirona.com\/es\/#\/schema\/logo\/image\/","url":"https:\/\/basquetgirona.com\/wp-content\/uploads\/2023\/02\/girona-logo1.png","contentUrl":"https:\/\/basquetgirona.com\/wp-content\/uploads\/2023\/02\/girona-logo1.png","width":124,"height":136,"caption":"Basquet Girona"},"image":{"@id":"https:\/\/basquetgirona.com\/es\/#\/schema\/logo\/image\/"},"sameAs":["https:\/\/www.facebook.com\/BasquetGironaOficial","https:\/\/twitter.com\/BasquetGirona","https:\/\/www.instagram.com\/basquetgirona\/","https:\/\/es.linkedin.com\/company\/bsquet-girona","https:\/\/www.tiktok.com\/@basquetgirona"]},{"@type":"Person","@id":"https:\/\/basquetgirona.com\/es\/#\/schema\/person\/9196efe7de3d62004e09ea79cd72b8d5","name":"Pau De Castro","image":{"@type":"ImageObject","inLanguage":"es","@id":"https:\/\/basquetgirona.com\/es\/#\/schema\/person\/image\/","url":"https:\/\/secure.gravatar.com\/avatar\/311a301e125ef9f088e17c727474e75fb5b82151095ccfc4b6e27ae4855b5814?s=96&d=mm&r=g","contentUrl":"https:\/\/secure.gravatar.com\/avatar\/311a301e125ef9f088e17c727474e75fb5b82151095ccfc4b6e27ae4855b5814?s=96&d=mm&r=g","caption":"Pau De Castro"},"url":"https:\/\/basquetgirona.com\/es\/author\/pdcastro\/"}]}},"acf":[],"_links":{"self":[{"href":"https:\/\/basquetgirona.com\/es\/wp-json\/wp\/v2\/noticia\/37185","targetHints":{"allow":["GET"]}}],"collection":[{"href":"https:\/\/basquetgirona.com\/es\/wp-json\/wp\/v2\/noticia"}],"about":[{"href":"https:\/\/basquetgirona.com\/es\/wp-json\/wp\/v2\/types\/noticia"}],"author":[{"embeddable":true,"href":"https:\/\/basquetgirona.com\/es\/wp-json\/wp\/v2\/users\/4"}],"version-history":[{"count":2,"href":"https:\/\/basquetgirona.com\/es\/wp-json\/wp\/v2\/noticia\/37185\/revisions"}],"predecessor-version":[{"id":54722,"href":"https:\/\/basquetgirona.com\/es\/wp-json\/wp\/v2\/noticia\/37185\/revisions\/54722"}],"wp:featuredmedia":[{"embeddable":true,"href":"https:\/\/basquetgirona.com\/es\/wp-json\/wp\/v2\/media\/36253"}],"wp:attachment":[{"href":"https:\/\/basquetgirona.com\/es\/wp-json\/wp\/v2\/media?parent=37185"}],"wp:term":[{"taxonomy":"categoria_noticia","embeddable":true,"href":"https:\/\/basquetgirona.com\/es\/wp-json\/wp\/v2\/categoria_noticia?post=37185"}],"curies":[{"name":"wp","href":"https:\/\/api.w.org\/{rel}","templated":true}]}}