{"id":39069,"date":"2024-10-17T18:29:40","date_gmt":"2024-10-17T18:29:40","guid":{"rendered":"https:\/\/basquetgirona.com\/noticia\/conoce-el-lado-offcourt-de-maxi-fjellerup\/"},"modified":"2025-10-03T10:45:27","modified_gmt":"2025-10-03T10:45:27","slug":"conoce-el-lado-offcourt-de-maxi-fjellerup","status":"publish","type":"noticia","link":"https:\/\/basquetgirona.com\/es\/noticia\/conoce-el-lado-offcourt-de-maxi-fjellerup\/","title":{"rendered":"CONOCE EL LADO #OFFCOURT DE MAXI FJELLERUP"},"content":{"rendered":"\n<p>Acompa\u00f1a a Maxi Fjellerup en un d\u00eda cotidiano. Conoce su rutina desde que va por la ma\u00f1ana en el pabell\u00f3n con Juani mientras toman mate. La sesi\u00f3n de entrenamiento, el nuevo rol como segundo capit\u00e1n, su carrera en el B\u00e0squet Girona, que le gusta hacer para desconectar del d\u00eda a d\u00eda y una de sus actividades preferidas: el asado argentino.    <\/p>\n\n<figure class=\"wp-block-embed is-type-video is-provider-youtube wp-block-embed-youtube wp-embed-aspect-16-9 wp-has-aspect-ratio\"><div class=\"wp-block-embed__wrapper\">\n<iframe loading=\"lazy\" title=\"\ud83c\udfa5 #OffCourt amb en Maxi \ud83e\uddc9\" width=\"500\" height=\"281\" src=\"https:\/\/www.youtube.com\/embed\/dAbhdqlGh2M?feature=oembed\" frameborder=\"0\" allow=\"accelerometer; autoplay; clipboard-write; encrypted-media; gyroscope; picture-in-picture; web-share\" referrerpolicy=\"strict-origin-when-cross-origin\" allowfullscreen><\/iframe>\n<\/div><\/figure>\n","protected":false},"excerpt":{"rendered":"<p>Acompa\u00f1a a Maxi Fjellerup en un d\u00eda cotidiano. Conoce su rutina desde que va por la ma\u00f1ana en el pabell\u00f3n con Juani mientras toman mate. La sesi\u00f3n de entrenamiento, el nuevo rol como segundo capit\u00e1n, su carrera en el B\u00e0squet Girona, que le gusta hacer para desconectar del d\u00eda a d\u00eda y una de sus [&hellip;]<\/p>\n","protected":false},"author":4,"featured_media":39066,"menu_order":0,"template":"","categoria_noticia":[190],"class_list":["post-39069","noticia","type-noticia","status-publish","has-post-thumbnail","hentry","categoria_noticia-equipos"],"yoast_head":"<!-- This site is optimized with the Yoast SEO plugin v22.0 - https:\/\/yoast.com\/wordpress\/plugins\/seo\/ -->\n<title>CONOCE EL LADO #OFFCOURT DE MAXI FJELLERUP - Basquet Girona<\/title>\n<meta name=\"robots\" content=\"index, follow, max-snippet:-1, max-image-preview:large, max-video-preview:-1\" \/>\n<link rel=\"canonical\" href=\"https:\/\/basquetgirona.com\/es\/noticia\/conoce-el-lado-offcourt-de-maxi-fjellerup\/\" \/>\n<meta property=\"og:locale\" content=\"es_ES\" \/>\n<meta property=\"og:type\" content=\"article\" \/>\n<meta property=\"og:title\" content=\"CONOCE EL LADO #OFFCOURT DE MAXI FJELLERUP - Basquet Girona\" \/>\n<meta property=\"og:description\" content=\"Acompa\u00f1a a Maxi Fjellerup en un d\u00eda cotidiano. Conoce su rutina desde que va por la ma\u00f1ana en el pabell\u00f3n con Juani mientras toman mate. La sesi\u00f3n de entrenamiento, el nuevo rol como segundo capit\u00e1n, su carrera en el B\u00e0squet Girona, que le gusta hacer para desconectar del d\u00eda a d\u00eda y una de sus [&hellip;]\" \/>\n<meta property=\"og:url\" content=\"https:\/\/basquetgirona.com\/es\/noticia\/conoce-el-lado-offcourt-de-maxi-fjellerup\/\" \/>\n<meta property=\"og:site_name\" content=\"Basquet Girona\" \/>\n<meta property=\"article:publisher\" content=\"https:\/\/www.facebook.com\/BasquetGironaOficial\" \/>\n<meta property=\"article:modified_time\" content=\"2025-10-03T10:45:27+00:00\" \/>\n<meta property=\"og:image\" content=\"https:\/\/basquetgirona.com\/wp-content\/uploads\/2024\/10\/Captura-de-pantalla-2024-10-17-a-les-18.52.40-scaled.webp\" \/>\n\t<meta property=\"og:image:width\" content=\"2560\" \/>\n\t<meta property=\"og:image:height\" content=\"1440\" \/>\n\t<meta property=\"og:image:type\" content=\"image\/jpeg\" \/>\n<meta name=\"twitter:card\" content=\"summary_large_image\" \/>\n<meta name=\"twitter:site\" content=\"@BasquetGirona\" \/>\n<!-- \/ Yoast SEO plugin. -->","yoast_head_json":{"title":"CONOCE EL LADO #OFFCOURT DE MAXI FJELLERUP - Basquet Girona","robots":{"index":"index","follow":"follow","max-snippet":"max-snippet:-1","max-image-preview":"max-image-preview:large","max-video-preview":"max-video-preview:-1"},"canonical":"https:\/\/basquetgirona.com\/es\/noticia\/conoce-el-lado-offcourt-de-maxi-fjellerup\/","og_locale":"es_ES","og_type":"article","og_title":"CONOCE EL LADO #OFFCOURT DE MAXI FJELLERUP - Basquet Girona","og_description":"Acompa\u00f1a a Maxi Fjellerup en un d\u00eda cotidiano. Conoce su rutina desde que va por la ma\u00f1ana en el pabell\u00f3n con Juani mientras toman mate. La sesi\u00f3n de entrenamiento, el nuevo rol como segundo capit\u00e1n, su carrera en el B\u00e0squet Girona, que le gusta hacer para desconectar del d\u00eda a d\u00eda y una de sus [&hellip;]","og_url":"https:\/\/basquetgirona.com\/es\/noticia\/conoce-el-lado-offcourt-de-maxi-fjellerup\/","og_site_name":"Basquet Girona","article_publisher":"https:\/\/www.facebook.com\/BasquetGironaOficial","article_modified_time":"2025-10-03T10:45:27+00:00","og_image":[{"width":2560,"height":1440,"url":"https:\/\/basquetgirona.com\/wp-content\/uploads\/2024\/10\/Captura-de-pantalla-2024-10-17-a-les-18.52.40-scaled.webp","type":"image\/jpeg"}],"twitter_card":"summary_large_image","twitter_site":"@BasquetGirona","schema":{"@context":"https:\/\/schema.org","@graph":[{"@type":"NewsArticle","@id":"https:\/\/basquetgirona.com\/es\/noticia\/conoce-el-lado-offcourt-de-maxi-fjellerup\/#article","isPartOf":{"@id":"https:\/\/basquetgirona.com\/es\/noticia\/conoce-el-lado-offcourt-de-maxi-fjellerup\/"},"author":{"name":"Pau De Castro","@id":"https:\/\/basquetgirona.com\/es\/#\/schema\/person\/9196efe7de3d62004e09ea79cd72b8d5"},"headline":"CONOCE EL LADO #OFFCOURT DE MAXI FJELLERUP","datePublished":"2024-10-17T18:29:40+00:00","dateModified":"2025-10-03T10:45:27+00:00","mainEntityOfPage":{"@id":"https:\/\/basquetgirona.com\/es\/noticia\/conoce-el-lado-offcourt-de-maxi-fjellerup\/"},"wordCount":84,"publisher":{"@id":"https:\/\/basquetgirona.com\/es\/#organization"},"inLanguage":"es"},{"@type":["WebPage","ItemPage"],"@id":"https:\/\/basquetgirona.com\/es\/noticia\/conoce-el-lado-offcourt-de-maxi-fjellerup\/","url":"https:\/\/basquetgirona.com\/es\/noticia\/conoce-el-lado-offcourt-de-maxi-fjellerup\/","name":"CONOCE EL LADO #OFFCOURT DE MAXI FJELLERUP - Basquet Girona","isPartOf":{"@id":"https:\/\/basquetgirona.com\/es\/#website"},"datePublished":"2024-10-17T18:29:40+00:00","dateModified":"2025-10-03T10:45:27+00:00","breadcrumb":{"@id":"https:\/\/basquetgirona.com\/es\/noticia\/conoce-el-lado-offcourt-de-maxi-fjellerup\/#breadcrumb"},"inLanguage":"es","potentialAction":[{"@type":"ReadAction","target":["https:\/\/basquetgirona.com\/es\/noticia\/conoce-el-lado-offcourt-de-maxi-fjellerup\/"]}]},{"@type":"BreadcrumbList","@id":"https:\/\/basquetgirona.com\/es\/noticia\/conoce-el-lado-offcourt-de-maxi-fjellerup\/#breadcrumb","itemListElement":[{"@type":"ListItem","position":1,"name":"Inici","item":"https:\/\/basquetgirona.com\/es\/"},{"@type":"ListItem","position":2,"name":"CONOCE EL LADO #OFFCOURT DE MAXI FJELLERUP"}]},{"@type":"WebSite","@id":"https:\/\/basquetgirona.com\/es\/#website","url":"https:\/\/basquetgirona.com\/es\/","name":"Basquet Girona","description":"","publisher":{"@id":"https:\/\/basquetgirona.com\/es\/#organization"},"potentialAction":[{"@type":"SearchAction","target":{"@type":"EntryPoint","urlTemplate":"https:\/\/basquetgirona.com\/es\/?s={search_term_string}"},"query-input":"required name=search_term_string"}],"inLanguage":"es"},{"@type":"Organization","@id":"https:\/\/basquetgirona.com\/es\/#organization","name":"Basquet Girona","url":"https:\/\/basquetgirona.com\/es\/","logo":{"@type":"ImageObject","inLanguage":"es","@id":"https:\/\/basquetgirona.com\/es\/#\/schema\/logo\/image\/","url":"https:\/\/basquetgirona.com\/wp-content\/uploads\/2023\/02\/girona-logo1.png","contentUrl":"https:\/\/basquetgirona.com\/wp-content\/uploads\/2023\/02\/girona-logo1.png","width":124,"height":136,"caption":"Basquet Girona"},"image":{"@id":"https:\/\/basquetgirona.com\/es\/#\/schema\/logo\/image\/"},"sameAs":["https:\/\/www.facebook.com\/BasquetGironaOficial","https:\/\/twitter.com\/BasquetGirona","https:\/\/www.instagram.com\/basquetgirona\/","https:\/\/es.linkedin.com\/company\/bsquet-girona","https:\/\/www.tiktok.com\/@basquetgirona"]},{"@type":"Person","@id":"https:\/\/basquetgirona.com\/es\/#\/schema\/person\/9196efe7de3d62004e09ea79cd72b8d5","name":"Pau De Castro","image":{"@type":"ImageObject","inLanguage":"es","@id":"https:\/\/basquetgirona.com\/es\/#\/schema\/person\/image\/","url":"https:\/\/secure.gravatar.com\/avatar\/311a301e125ef9f088e17c727474e75fb5b82151095ccfc4b6e27ae4855b5814?s=96&d=mm&r=g","contentUrl":"https:\/\/secure.gravatar.com\/avatar\/311a301e125ef9f088e17c727474e75fb5b82151095ccfc4b6e27ae4855b5814?s=96&d=mm&r=g","caption":"Pau De Castro"},"url":"https:\/\/basquetgirona.com\/es\/author\/pdcastro\/"}]}},"acf":[],"_links":{"self":[{"href":"https:\/\/basquetgirona.com\/es\/wp-json\/wp\/v2\/noticia\/39069","targetHints":{"allow":["GET"]}}],"collection":[{"href":"https:\/\/basquetgirona.com\/es\/wp-json\/wp\/v2\/noticia"}],"about":[{"href":"https:\/\/basquetgirona.com\/es\/wp-json\/wp\/v2\/types\/noticia"}],"author":[{"embeddable":true,"href":"https:\/\/basquetgirona.com\/es\/wp-json\/wp\/v2\/users\/4"}],"version-history":[{"count":1,"href":"https:\/\/basquetgirona.com\/es\/wp-json\/wp\/v2\/noticia\/39069\/revisions"}],"predecessor-version":[{"id":39071,"href":"https:\/\/basquetgirona.com\/es\/wp-json\/wp\/v2\/noticia\/39069\/revisions\/39071"}],"wp:featuredmedia":[{"embeddable":true,"href":"https:\/\/basquetgirona.com\/es\/wp-json\/wp\/v2\/media\/39066"}],"wp:attachment":[{"href":"https:\/\/basquetgirona.com\/es\/wp-json\/wp\/v2\/media?parent=39069"}],"wp:term":[{"taxonomy":"categoria_noticia","embeddable":true,"href":"https:\/\/basquetgirona.com\/es\/wp-json\/wp\/v2\/categoria_noticia?post=39069"}],"curies":[{"name":"wp","href":"https:\/\/api.w.org\/{rel}","templated":true}]}}