{"id":39200,"date":"2024-10-20T13:19:47","date_gmt":"2024-10-20T13:19:47","guid":{"rendered":"https:\/\/basquetgirona.com\/noticia\/derrota-en-madrid-3\/"},"modified":"2025-10-03T10:45:27","modified_gmt":"2025-10-03T10:45:27","slug":"derrota-en-madrid-3","status":"publish","type":"noticia","link":"https:\/\/basquetgirona.com\/es\/noticia\/derrota-en-madrid-3\/","title":{"rendered":"DERROTA EN MADRID"},"content":{"rendered":"\n<p>El Baloncesto Girona ha perdido ante el Real Madrid en una segunda parte que el equipo blanco ha desequilibrado a su favor (95-67). El primer cuarto lo ha liderado Facundo Campazzo con 10 puntos y 15 cr\u00e9ditos de valoraci\u00f3n en los ocho primeros minutos. El ritmo gerundense iba al comp\u00e1s de Aljami Durham, el mejor de los gerundenses con 21 puntos y 23 de valoraci\u00f3n. La primera m\u00e1xima de doce puntos del Real Madrid la ha logrado en los primeros comicios a partir de una buena defensa que ha cortado las iniciativas ofensivas rojas. El tramo decisivo del partido ha estado en la reanudaci\u00f3n con un 15-0 de parcial blanco siendo mejores en ambos aros. Los gerundenses sobreviv\u00edan con los puntos de Durham, la polivalencia de Fjellerup, el rebote ofensivo y los triples de Guillem Ferrando (5\/8). Al final del tercer cuarto, dos triples de Llull han acabado de dinamitar la ventaja extensa del Madrid, que ha acabado siendo de 28 puntos (95-87).<\/p>\n\n<figure class=\"wp-block-embed is-type-video is-provider-youtube wp-block-embed-youtube wp-embed-aspect-16-9 wp-has-aspect-ratio\"><div class=\"wp-block-embed__wrapper\">\n<iframe loading=\"lazy\" title=\"\ud83c\udfa5 Les millors jugades del #MadridGirona\" width=\"500\" height=\"281\" src=\"https:\/\/www.youtube.com\/embed\/2uq2sO_-UZo?feature=oembed\" frameborder=\"0\" allow=\"accelerometer; autoplay; clipboard-write; encrypted-media; gyroscope; picture-in-picture; web-share\" referrerpolicy=\"strict-origin-when-cross-origin\" allowfullscreen><\/iframe>\n<\/div><\/figure>\n","protected":false},"excerpt":{"rendered":"<p>El Baloncesto Girona ha perdido ante el Real Madrid en una segunda parte que el equipo blanco ha desequilibrado a su favor (95-67). El primer cuarto lo ha liderado Facundo Campazzo con 10 puntos y 15 cr\u00e9ditos de valoraci\u00f3n en los ocho primeros minutos. El ritmo gerundense iba al comp\u00e1s de Aljami Durham, el mejor [&hellip;]<\/p>\n","protected":false},"author":4,"featured_media":39198,"menu_order":0,"template":"","categoria_noticia":[190],"class_list":["post-39200","noticia","type-noticia","status-publish","has-post-thumbnail","hentry","categoria_noticia-equipos"],"yoast_head":"<!-- This site is optimized with the Yoast SEO plugin v22.0 - https:\/\/yoast.com\/wordpress\/plugins\/seo\/ -->\n<title>DERROTA EN MADRID - Basquet Girona<\/title>\n<meta name=\"robots\" content=\"index, follow, max-snippet:-1, max-image-preview:large, max-video-preview:-1\" \/>\n<link rel=\"canonical\" href=\"https:\/\/basquetgirona.com\/es\/noticia\/derrota-en-madrid-3\/\" \/>\n<meta property=\"og:locale\" content=\"es_ES\" \/>\n<meta property=\"og:type\" content=\"article\" \/>\n<meta property=\"og:title\" content=\"DERROTA EN MADRID - Basquet Girona\" \/>\n<meta property=\"og:description\" content=\"El Baloncesto Girona ha perdido ante el Real Madrid en una segunda parte que el equipo blanco ha desequilibrado a su favor (95-67). El primer cuarto lo ha liderado Facundo Campazzo con 10 puntos y 15 cr\u00e9ditos de valoraci\u00f3n en los ocho primeros minutos. El ritmo gerundense iba al comp\u00e1s de Aljami Durham, el mejor [&hellip;]\" \/>\n<meta property=\"og:url\" content=\"https:\/\/basquetgirona.com\/es\/noticia\/derrota-en-madrid-3\/\" \/>\n<meta property=\"og:site_name\" content=\"Basquet Girona\" \/>\n<meta property=\"article:publisher\" content=\"https:\/\/www.facebook.com\/BasquetGironaOficial\" \/>\n<meta property=\"article:modified_time\" content=\"2025-10-03T10:45:27+00:00\" \/>\n<meta property=\"og:image\" content=\"https:\/\/basquetgirona.com\/wp-content\/uploads\/2024\/10\/RS593737_J04-RMB-GIR-Firmar-acb-Photo-Sara-Gordon-1-scaled.webp\" \/>\n\t<meta property=\"og:image:width\" content=\"2048\" \/>\n\t<meta property=\"og:image:height\" content=\"2560\" \/>\n\t<meta property=\"og:image:type\" content=\"image\/jpeg\" \/>\n<meta name=\"twitter:card\" content=\"summary_large_image\" \/>\n<meta name=\"twitter:site\" content=\"@BasquetGirona\" \/>\n<meta name=\"twitter:label1\" content=\"Tiempo de lectura\" \/>\n\t<meta name=\"twitter:data1\" content=\"1 minuto\" \/>\n<!-- \/ Yoast SEO plugin. -->","yoast_head_json":{"title":"DERROTA EN MADRID - Basquet Girona","robots":{"index":"index","follow":"follow","max-snippet":"max-snippet:-1","max-image-preview":"max-image-preview:large","max-video-preview":"max-video-preview:-1"},"canonical":"https:\/\/basquetgirona.com\/es\/noticia\/derrota-en-madrid-3\/","og_locale":"es_ES","og_type":"article","og_title":"DERROTA EN MADRID - Basquet Girona","og_description":"El Baloncesto Girona ha perdido ante el Real Madrid en una segunda parte que el equipo blanco ha desequilibrado a su favor (95-67). El primer cuarto lo ha liderado Facundo Campazzo con 10 puntos y 15 cr\u00e9ditos de valoraci\u00f3n en los ocho primeros minutos. El ritmo gerundense iba al comp\u00e1s de Aljami Durham, el mejor [&hellip;]","og_url":"https:\/\/basquetgirona.com\/es\/noticia\/derrota-en-madrid-3\/","og_site_name":"Basquet Girona","article_publisher":"https:\/\/www.facebook.com\/BasquetGironaOficial","article_modified_time":"2025-10-03T10:45:27+00:00","og_image":[{"width":2048,"height":2560,"url":"https:\/\/basquetgirona.com\/wp-content\/uploads\/2024\/10\/RS593737_J04-RMB-GIR-Firmar-acb-Photo-Sara-Gordon-1-scaled.webp","type":"image\/jpeg"}],"twitter_card":"summary_large_image","twitter_site":"@BasquetGirona","twitter_misc":{"Tiempo de lectura":"1 minuto"},"schema":{"@context":"https:\/\/schema.org","@graph":[{"@type":"NewsArticle","@id":"https:\/\/basquetgirona.com\/es\/noticia\/derrota-en-madrid-3\/#article","isPartOf":{"@id":"https:\/\/basquetgirona.com\/es\/noticia\/derrota-en-madrid-3\/"},"author":{"name":"Pau De Castro","@id":"https:\/\/basquetgirona.com\/es\/#\/schema\/person\/9196efe7de3d62004e09ea79cd72b8d5"},"headline":"DERROTA EN MADRID","datePublished":"2024-10-20T13:19:47+00:00","dateModified":"2025-10-03T10:45:27+00:00","mainEntityOfPage":{"@id":"https:\/\/basquetgirona.com\/es\/noticia\/derrota-en-madrid-3\/"},"wordCount":173,"publisher":{"@id":"https:\/\/basquetgirona.com\/es\/#organization"},"inLanguage":"es"},{"@type":["WebPage","ItemPage"],"@id":"https:\/\/basquetgirona.com\/es\/noticia\/derrota-en-madrid-3\/","url":"https:\/\/basquetgirona.com\/es\/noticia\/derrota-en-madrid-3\/","name":"DERROTA EN MADRID - Basquet Girona","isPartOf":{"@id":"https:\/\/basquetgirona.com\/es\/#website"},"datePublished":"2024-10-20T13:19:47+00:00","dateModified":"2025-10-03T10:45:27+00:00","breadcrumb":{"@id":"https:\/\/basquetgirona.com\/es\/noticia\/derrota-en-madrid-3\/#breadcrumb"},"inLanguage":"es","potentialAction":[{"@type":"ReadAction","target":["https:\/\/basquetgirona.com\/es\/noticia\/derrota-en-madrid-3\/"]}]},{"@type":"BreadcrumbList","@id":"https:\/\/basquetgirona.com\/es\/noticia\/derrota-en-madrid-3\/#breadcrumb","itemListElement":[{"@type":"ListItem","position":1,"name":"Inici","item":"https:\/\/basquetgirona.com\/es\/"},{"@type":"ListItem","position":2,"name":"DERROTA EN MADRID"}]},{"@type":"WebSite","@id":"https:\/\/basquetgirona.com\/es\/#website","url":"https:\/\/basquetgirona.com\/es\/","name":"Basquet Girona","description":"","publisher":{"@id":"https:\/\/basquetgirona.com\/es\/#organization"},"potentialAction":[{"@type":"SearchAction","target":{"@type":"EntryPoint","urlTemplate":"https:\/\/basquetgirona.com\/es\/?s={search_term_string}"},"query-input":"required name=search_term_string"}],"inLanguage":"es"},{"@type":"Organization","@id":"https:\/\/basquetgirona.com\/es\/#organization","name":"Basquet Girona","url":"https:\/\/basquetgirona.com\/es\/","logo":{"@type":"ImageObject","inLanguage":"es","@id":"https:\/\/basquetgirona.com\/es\/#\/schema\/logo\/image\/","url":"https:\/\/basquetgirona.com\/wp-content\/uploads\/2023\/02\/girona-logo1.png","contentUrl":"https:\/\/basquetgirona.com\/wp-content\/uploads\/2023\/02\/girona-logo1.png","width":124,"height":136,"caption":"Basquet Girona"},"image":{"@id":"https:\/\/basquetgirona.com\/es\/#\/schema\/logo\/image\/"},"sameAs":["https:\/\/www.facebook.com\/BasquetGironaOficial","https:\/\/twitter.com\/BasquetGirona","https:\/\/www.instagram.com\/basquetgirona\/","https:\/\/es.linkedin.com\/company\/bsquet-girona","https:\/\/www.tiktok.com\/@basquetgirona"]},{"@type":"Person","@id":"https:\/\/basquetgirona.com\/es\/#\/schema\/person\/9196efe7de3d62004e09ea79cd72b8d5","name":"Pau De Castro","image":{"@type":"ImageObject","inLanguage":"es","@id":"https:\/\/basquetgirona.com\/es\/#\/schema\/person\/image\/","url":"https:\/\/secure.gravatar.com\/avatar\/311a301e125ef9f088e17c727474e75fb5b82151095ccfc4b6e27ae4855b5814?s=96&d=mm&r=g","contentUrl":"https:\/\/secure.gravatar.com\/avatar\/311a301e125ef9f088e17c727474e75fb5b82151095ccfc4b6e27ae4855b5814?s=96&d=mm&r=g","caption":"Pau De Castro"},"url":"https:\/\/basquetgirona.com\/es\/author\/pdcastro\/"}]}},"acf":[],"_links":{"self":[{"href":"https:\/\/basquetgirona.com\/es\/wp-json\/wp\/v2\/noticia\/39200","targetHints":{"allow":["GET"]}}],"collection":[{"href":"https:\/\/basquetgirona.com\/es\/wp-json\/wp\/v2\/noticia"}],"about":[{"href":"https:\/\/basquetgirona.com\/es\/wp-json\/wp\/v2\/types\/noticia"}],"author":[{"embeddable":true,"href":"https:\/\/basquetgirona.com\/es\/wp-json\/wp\/v2\/users\/4"}],"version-history":[{"count":9,"href":"https:\/\/basquetgirona.com\/es\/wp-json\/wp\/v2\/noticia\/39200\/revisions"}],"predecessor-version":[{"id":55995,"href":"https:\/\/basquetgirona.com\/es\/wp-json\/wp\/v2\/noticia\/39200\/revisions\/55995"}],"wp:featuredmedia":[{"embeddable":true,"href":"https:\/\/basquetgirona.com\/es\/wp-json\/wp\/v2\/media\/39198"}],"wp:attachment":[{"href":"https:\/\/basquetgirona.com\/es\/wp-json\/wp\/v2\/media?parent=39200"}],"wp:term":[{"taxonomy":"categoria_noticia","embeddable":true,"href":"https:\/\/basquetgirona.com\/es\/wp-json\/wp\/v2\/categoria_noticia?post=39200"}],"curies":[{"name":"wp","href":"https:\/\/api.w.org\/{rel}","templated":true}]}}