{"id":39541,"date":"2024-10-23T13:28:31","date_gmt":"2024-10-23T13:28:31","guid":{"rendered":"https:\/\/basquetgirona.com\/noticia\/elige-el-nombre-del-grupo-de-animacion\/"},"modified":"2025-10-03T10:45:16","modified_gmt":"2025-10-03T10:45:16","slug":"elige-el-nombre-del-grupo-de-animacion","status":"publish","type":"noticia","link":"https:\/\/basquetgirona.com\/es\/noticia\/elige-el-nombre-del-grupo-de-animacion\/","title":{"rendered":"ELIGE EL NOMBRE DEL GRUPO DE ANIMACI\u00d3N"},"content":{"rendered":"\n<p>A partir de esta temporada tenemos un grupo de animaci\u00f3n del B\u00e0squet Girona y queremos darle un nombre para darse a conocer en sus actuaciones en los partidos de Fontajau. En este momento es donde aparece usted. Queremos que los aficionados sean los encargados de darle un nombre.    <\/p>\n\n<p>Para participar rellene este formulario clicando <a href=\"http:\/\/bit.ly\/3UmNv3z.\">aqu\u00ed<\/a> .<\/p>\n\n<p>Tiene tiempo hasta el mi\u00e9rcoles 30 de octubre a las 23:59 para poder decir el nombre que m\u00e1s te gusta. De toda la lista de nombres se har\u00e1 una selecci\u00f3n, de los cuales abriremos una nueva votaci\u00f3n para decidir el definitivo. \u00a1Estamos afici\u00f3n!    <\/p>\n","protected":false},"excerpt":{"rendered":"<p>A partir de esta temporada tenemos un grupo de animaci\u00f3n del B\u00e0squet Girona y queremos darle un nombre para darse a conocer en sus actuaciones en los partidos de Fontajau. En este momento es donde aparece usted. Queremos que los aficionados sean los encargados de darle un nombre. Para participar rellene este formulario clicando aqu\u00ed [&hellip;]<\/p>\n","protected":false},"author":4,"featured_media":39537,"menu_order":0,"template":"","categoria_noticia":[190],"class_list":["post-39541","noticia","type-noticia","status-publish","has-post-thumbnail","hentry","categoria_noticia-equipos"],"yoast_head":"<!-- This site is optimized with the Yoast SEO plugin v22.0 - https:\/\/yoast.com\/wordpress\/plugins\/seo\/ -->\n<title>ELIGE EL NOMBRE DEL GRUPO DE ANIMACI\u00d3N - Basquet Girona<\/title>\n<meta name=\"robots\" content=\"index, follow, max-snippet:-1, max-image-preview:large, max-video-preview:-1\" \/>\n<link rel=\"canonical\" href=\"https:\/\/basquetgirona.com\/es\/noticia\/elige-el-nombre-del-grupo-de-animacion\/\" \/>\n<meta property=\"og:locale\" content=\"es_ES\" \/>\n<meta property=\"og:type\" content=\"article\" \/>\n<meta property=\"og:title\" content=\"ELIGE EL NOMBRE DEL GRUPO DE ANIMACI\u00d3N - Basquet Girona\" \/>\n<meta property=\"og:description\" content=\"A partir de esta temporada tenemos un grupo de animaci\u00f3n del B\u00e0squet Girona y queremos darle un nombre para darse a conocer en sus actuaciones en los partidos de Fontajau. En este momento es donde aparece usted. Queremos que los aficionados sean los encargados de darle un nombre. Para participar rellene este formulario clicando aqu\u00ed [&hellip;]\" \/>\n<meta property=\"og:url\" content=\"https:\/\/basquetgirona.com\/es\/noticia\/elige-el-nombre-del-grupo-de-animacion\/\" \/>\n<meta property=\"og:site_name\" content=\"Basquet Girona\" \/>\n<meta property=\"article:publisher\" content=\"https:\/\/www.facebook.com\/BasquetGironaOficial\" \/>\n<meta property=\"article:modified_time\" content=\"2025-10-03T10:45:16+00:00\" \/>\n<meta property=\"og:image\" content=\"https:\/\/basquetgirona.com\/wp-content\/uploads\/2024\/10\/DSC3759-Mejorado-NR-copia-min-1.jpg\" \/>\n\t<meta property=\"og:image:width\" content=\"2500\" \/>\n\t<meta property=\"og:image:height\" content=\"1667\" \/>\n\t<meta property=\"og:image:type\" content=\"image\/jpeg\" \/>\n<meta name=\"twitter:card\" content=\"summary_large_image\" \/>\n<meta name=\"twitter:site\" content=\"@BasquetGirona\" \/>\n<meta name=\"twitter:label1\" content=\"Tiempo de lectura\" \/>\n\t<meta name=\"twitter:data1\" content=\"1 minuto\" \/>\n<!-- \/ Yoast SEO plugin. -->","yoast_head_json":{"title":"ELIGE EL NOMBRE DEL GRUPO DE ANIMACI\u00d3N - Basquet Girona","robots":{"index":"index","follow":"follow","max-snippet":"max-snippet:-1","max-image-preview":"max-image-preview:large","max-video-preview":"max-video-preview:-1"},"canonical":"https:\/\/basquetgirona.com\/es\/noticia\/elige-el-nombre-del-grupo-de-animacion\/","og_locale":"es_ES","og_type":"article","og_title":"ELIGE EL NOMBRE DEL GRUPO DE ANIMACI\u00d3N - Basquet Girona","og_description":"A partir de esta temporada tenemos un grupo de animaci\u00f3n del B\u00e0squet Girona y queremos darle un nombre para darse a conocer en sus actuaciones en los partidos de Fontajau. En este momento es donde aparece usted. Queremos que los aficionados sean los encargados de darle un nombre. Para participar rellene este formulario clicando aqu\u00ed [&hellip;]","og_url":"https:\/\/basquetgirona.com\/es\/noticia\/elige-el-nombre-del-grupo-de-animacion\/","og_site_name":"Basquet Girona","article_publisher":"https:\/\/www.facebook.com\/BasquetGironaOficial","article_modified_time":"2025-10-03T10:45:16+00:00","og_image":[{"width":2500,"height":1667,"url":"https:\/\/basquetgirona.com\/wp-content\/uploads\/2024\/10\/DSC3759-Mejorado-NR-copia-min-1.jpg","type":"image\/jpeg"}],"twitter_card":"summary_large_image","twitter_site":"@BasquetGirona","twitter_misc":{"Tiempo de lectura":"1 minuto"},"schema":{"@context":"https:\/\/schema.org","@graph":[{"@type":"NewsArticle","@id":"https:\/\/basquetgirona.com\/es\/noticia\/elige-el-nombre-del-grupo-de-animacion\/#article","isPartOf":{"@id":"https:\/\/basquetgirona.com\/es\/noticia\/elige-el-nombre-del-grupo-de-animacion\/"},"author":{"name":"Pau De Castro","@id":"https:\/\/basquetgirona.com\/es\/#\/schema\/person\/9196efe7de3d62004e09ea79cd72b8d5"},"headline":"ELIGE EL NOMBRE DEL GRUPO DE ANIMACI\u00d3N","datePublished":"2024-10-23T13:28:31+00:00","dateModified":"2025-10-03T10:45:16+00:00","mainEntityOfPage":{"@id":"https:\/\/basquetgirona.com\/es\/noticia\/elige-el-nombre-del-grupo-de-animacion\/"},"wordCount":111,"publisher":{"@id":"https:\/\/basquetgirona.com\/es\/#organization"},"inLanguage":"es"},{"@type":["WebPage","ItemPage"],"@id":"https:\/\/basquetgirona.com\/es\/noticia\/elige-el-nombre-del-grupo-de-animacion\/","url":"https:\/\/basquetgirona.com\/es\/noticia\/elige-el-nombre-del-grupo-de-animacion\/","name":"ELIGE EL NOMBRE DEL GRUPO DE ANIMACI\u00d3N - Basquet Girona","isPartOf":{"@id":"https:\/\/basquetgirona.com\/es\/#website"},"datePublished":"2024-10-23T13:28:31+00:00","dateModified":"2025-10-03T10:45:16+00:00","breadcrumb":{"@id":"https:\/\/basquetgirona.com\/es\/noticia\/elige-el-nombre-del-grupo-de-animacion\/#breadcrumb"},"inLanguage":"es","potentialAction":[{"@type":"ReadAction","target":["https:\/\/basquetgirona.com\/es\/noticia\/elige-el-nombre-del-grupo-de-animacion\/"]}]},{"@type":"BreadcrumbList","@id":"https:\/\/basquetgirona.com\/es\/noticia\/elige-el-nombre-del-grupo-de-animacion\/#breadcrumb","itemListElement":[{"@type":"ListItem","position":1,"name":"Inici","item":"https:\/\/basquetgirona.com\/es\/"},{"@type":"ListItem","position":2,"name":"ELIGE EL NOMBRE DEL GRUPO DE ANIMACI\u00d3N"}]},{"@type":"WebSite","@id":"https:\/\/basquetgirona.com\/es\/#website","url":"https:\/\/basquetgirona.com\/es\/","name":"Basquet Girona","description":"","publisher":{"@id":"https:\/\/basquetgirona.com\/es\/#organization"},"potentialAction":[{"@type":"SearchAction","target":{"@type":"EntryPoint","urlTemplate":"https:\/\/basquetgirona.com\/es\/?s={search_term_string}"},"query-input":"required name=search_term_string"}],"inLanguage":"es"},{"@type":"Organization","@id":"https:\/\/basquetgirona.com\/es\/#organization","name":"Basquet Girona","url":"https:\/\/basquetgirona.com\/es\/","logo":{"@type":"ImageObject","inLanguage":"es","@id":"https:\/\/basquetgirona.com\/es\/#\/schema\/logo\/image\/","url":"https:\/\/basquetgirona.com\/wp-content\/uploads\/2023\/02\/girona-logo1.png","contentUrl":"https:\/\/basquetgirona.com\/wp-content\/uploads\/2023\/02\/girona-logo1.png","width":124,"height":136,"caption":"Basquet Girona"},"image":{"@id":"https:\/\/basquetgirona.com\/es\/#\/schema\/logo\/image\/"},"sameAs":["https:\/\/www.facebook.com\/BasquetGironaOficial","https:\/\/twitter.com\/BasquetGirona","https:\/\/www.instagram.com\/basquetgirona\/","https:\/\/es.linkedin.com\/company\/bsquet-girona","https:\/\/www.tiktok.com\/@basquetgirona"]},{"@type":"Person","@id":"https:\/\/basquetgirona.com\/es\/#\/schema\/person\/9196efe7de3d62004e09ea79cd72b8d5","name":"Pau De Castro","image":{"@type":"ImageObject","inLanguage":"es","@id":"https:\/\/basquetgirona.com\/es\/#\/schema\/person\/image\/","url":"https:\/\/secure.gravatar.com\/avatar\/311a301e125ef9f088e17c727474e75fb5b82151095ccfc4b6e27ae4855b5814?s=96&d=mm&r=g","contentUrl":"https:\/\/secure.gravatar.com\/avatar\/311a301e125ef9f088e17c727474e75fb5b82151095ccfc4b6e27ae4855b5814?s=96&d=mm&r=g","caption":"Pau De Castro"},"url":"https:\/\/basquetgirona.com\/es\/author\/pdcastro\/"}]}},"acf":[],"_links":{"self":[{"href":"https:\/\/basquetgirona.com\/es\/wp-json\/wp\/v2\/noticia\/39541","targetHints":{"allow":["GET"]}}],"collection":[{"href":"https:\/\/basquetgirona.com\/es\/wp-json\/wp\/v2\/noticia"}],"about":[{"href":"https:\/\/basquetgirona.com\/es\/wp-json\/wp\/v2\/types\/noticia"}],"author":[{"embeddable":true,"href":"https:\/\/basquetgirona.com\/es\/wp-json\/wp\/v2\/users\/4"}],"version-history":[{"count":3,"href":"https:\/\/basquetgirona.com\/es\/wp-json\/wp\/v2\/noticia\/39541\/revisions"}],"predecessor-version":[{"id":39545,"href":"https:\/\/basquetgirona.com\/es\/wp-json\/wp\/v2\/noticia\/39541\/revisions\/39545"}],"wp:featuredmedia":[{"embeddable":true,"href":"https:\/\/basquetgirona.com\/es\/wp-json\/wp\/v2\/media\/39537"}],"wp:attachment":[{"href":"https:\/\/basquetgirona.com\/es\/wp-json\/wp\/v2\/media?parent=39541"}],"wp:term":[{"taxonomy":"categoria_noticia","embeddable":true,"href":"https:\/\/basquetgirona.com\/es\/wp-json\/wp\/v2\/categoria_noticia?post=39541"}],"curies":[{"name":"wp","href":"https:\/\/api.w.org\/{rel}","templated":true}]}}