{"id":42702,"date":"2024-11-10T14:53:13","date_gmt":"2024-11-10T14:53:13","guid":{"rendered":"https:\/\/basquetgirona.com\/noticia\/victoria-ante-el-surne-bilbao-basket\/"},"modified":"2025-10-03T10:47:18","modified_gmt":"2025-10-03T10:47:18","slug":"victoria-ante-el-surne-bilbao-basket","status":"publish","type":"noticia","link":"https:\/\/basquetgirona.com\/es\/noticia\/victoria-ante-el-surne-bilbao-basket\/","title":{"rendered":"VICTORIA ANTE EL SURNE BILBAO BASKET"},"content":{"rendered":"\n<p>Los primeros minutos de partido igualado, pero un buen ataque individual y las perdidas de posesi\u00f3n de bal\u00f3n han perjudicado en el primer cuarto (17-23). En el segundo cuarto el conjunto vasco, empez\u00f3 muy acertado, pero un buen parcial del Baloncesto Girona con un Nike Sibande enchufado redujo la distancia en el marcador (36-39).   <\/p>\n\n<p>Dos triples del Bilbao nada m\u00e1s empezar el tercer cuarto, ha ampliado la ventaja del equipo visitante. La afici\u00f3n no ha fallado, ayudando al equipo a seguir al Surne Bilbao Basket en todo el rato en el marcador. (58-61)  <\/p>\n\n<p>El \u00faltimo cuarto el Girona ha salido a pista decidido a llevarse la victoria. Ambos equipos se centraron m\u00e1s en el ataque que en la defensa, en el que Durham con 22 puntos y Nike con 21 puntos llevaron el partido hasta la pr\u00f3rroga. (88-88)  <\/p>\n\n<p><br\/>En los cinco minutos extras, el Girona ha salido con mucho hambre, donde ha estado por delante en todo momento de la pr\u00f3rroga. El conjunto gerundense ha demostrado ser un equipo muy s\u00f3lido, en el que Fontajau y la afici\u00f3n han dado el nivel que necesitaba el equipo. El equipo con gran acierto en tiros libres, ha llegado a los 100 puntos (100-94).    <\/p>\n\n<p>Fotis Katsikaris: \u201cdar gracias a la afici\u00f3n, no ha perdido la fe con nosotros ni cuando \u00edbamos 8 puntos por debajo. Somos un equipo muy joven y la afici\u00f3n lo entiende y nos apoya. Vamos a seguir luchando hasta el final&#8221;.    <\/p>\n","protected":false},"excerpt":{"rendered":"<p>Los primeros minutos de partido igualado, pero un buen ataque individual y las perdidas de posesi\u00f3n de bal\u00f3n han perjudicado en el primer cuarto (17-23). En el segundo cuarto el conjunto vasco, empez\u00f3 muy acertado, pero un buen parcial del Baloncesto Girona con un Nike Sibande enchufado redujo la distancia en el marcador (36-39). Dos [&hellip;]<\/p>\n","protected":false},"author":4,"featured_media":42699,"menu_order":0,"template":"","categoria_noticia":[190],"class_list":["post-42702","noticia","type-noticia","status-publish","has-post-thumbnail","hentry","categoria_noticia-equipos"],"yoast_head":"<!-- This site is optimized with the Yoast SEO plugin v22.0 - https:\/\/yoast.com\/wordpress\/plugins\/seo\/ -->\n<title>VICTORIA ANTE EL SURNE BILBAO BASKET - Basquet Girona<\/title>\n<meta name=\"robots\" content=\"index, follow, max-snippet:-1, max-image-preview:large, max-video-preview:-1\" \/>\n<link rel=\"canonical\" href=\"https:\/\/basquetgirona.com\/es\/noticia\/victoria-ante-el-surne-bilbao-basket\/\" \/>\n<meta property=\"og:locale\" content=\"es_ES\" \/>\n<meta property=\"og:type\" content=\"article\" \/>\n<meta property=\"og:title\" content=\"VICTORIA ANTE EL SURNE BILBAO BASKET - Basquet Girona\" \/>\n<meta property=\"og:description\" content=\"Los primeros minutos de partido igualado, pero un buen ataque individual y las perdidas de posesi\u00f3n de bal\u00f3n han perjudicado en el primer cuarto (17-23). En el segundo cuarto el conjunto vasco, empez\u00f3 muy acertado, pero un buen parcial del Baloncesto Girona con un Nike Sibande enchufado redujo la distancia en el marcador (36-39). Dos [&hellip;]\" \/>\n<meta property=\"og:url\" content=\"https:\/\/basquetgirona.com\/es\/noticia\/victoria-ante-el-surne-bilbao-basket\/\" \/>\n<meta property=\"og:site_name\" content=\"Basquet Girona\" \/>\n<meta property=\"article:publisher\" content=\"https:\/\/www.facebook.com\/BasquetGironaOficial\" \/>\n<meta property=\"article:modified_time\" content=\"2025-10-03T10:47:18+00:00\" \/>\n<meta property=\"og:image\" content=\"https:\/\/basquetgirona.com\/wp-content\/uploads\/2024\/11\/DSC4944-Mejorado-NR-1-1.png\" \/>\n\t<meta property=\"og:image:width\" content=\"1000\" \/>\n\t<meta property=\"og:image:height\" content=\"667\" \/>\n\t<meta property=\"og:image:type\" content=\"image\/png\" \/>\n<meta name=\"twitter:card\" content=\"summary_large_image\" \/>\n<meta name=\"twitter:site\" content=\"@BasquetGirona\" \/>\n<meta name=\"twitter:label1\" content=\"Tiempo de lectura\" \/>\n\t<meta name=\"twitter:data1\" content=\"1 minuto\" \/>\n<!-- \/ Yoast SEO plugin. -->","yoast_head_json":{"title":"VICTORIA ANTE EL SURNE BILBAO BASKET - Basquet Girona","robots":{"index":"index","follow":"follow","max-snippet":"max-snippet:-1","max-image-preview":"max-image-preview:large","max-video-preview":"max-video-preview:-1"},"canonical":"https:\/\/basquetgirona.com\/es\/noticia\/victoria-ante-el-surne-bilbao-basket\/","og_locale":"es_ES","og_type":"article","og_title":"VICTORIA ANTE EL SURNE BILBAO BASKET - Basquet Girona","og_description":"Los primeros minutos de partido igualado, pero un buen ataque individual y las perdidas de posesi\u00f3n de bal\u00f3n han perjudicado en el primer cuarto (17-23). En el segundo cuarto el conjunto vasco, empez\u00f3 muy acertado, pero un buen parcial del Baloncesto Girona con un Nike Sibande enchufado redujo la distancia en el marcador (36-39). Dos [&hellip;]","og_url":"https:\/\/basquetgirona.com\/es\/noticia\/victoria-ante-el-surne-bilbao-basket\/","og_site_name":"Basquet Girona","article_publisher":"https:\/\/www.facebook.com\/BasquetGironaOficial","article_modified_time":"2025-10-03T10:47:18+00:00","og_image":[{"width":1000,"height":667,"url":"https:\/\/basquetgirona.com\/wp-content\/uploads\/2024\/11\/DSC4944-Mejorado-NR-1-1.png","type":"image\/png"}],"twitter_card":"summary_large_image","twitter_site":"@BasquetGirona","twitter_misc":{"Tiempo de lectura":"1 minuto"},"schema":{"@context":"https:\/\/schema.org","@graph":[{"@type":"NewsArticle","@id":"https:\/\/basquetgirona.com\/es\/noticia\/victoria-ante-el-surne-bilbao-basket\/#article","isPartOf":{"@id":"https:\/\/basquetgirona.com\/es\/noticia\/victoria-ante-el-surne-bilbao-basket\/"},"author":{"name":"Pau De Castro","@id":"https:\/\/basquetgirona.com\/es\/#\/schema\/person\/9196efe7de3d62004e09ea79cd72b8d5"},"headline":"VICTORIA ANTE EL SURNE BILBAO BASKET","datePublished":"2024-11-10T14:53:13+00:00","dateModified":"2025-10-03T10:47:18+00:00","mainEntityOfPage":{"@id":"https:\/\/basquetgirona.com\/es\/noticia\/victoria-ante-el-surne-bilbao-basket\/"},"wordCount":255,"publisher":{"@id":"https:\/\/basquetgirona.com\/es\/#organization"},"inLanguage":"es"},{"@type":["WebPage","ItemPage"],"@id":"https:\/\/basquetgirona.com\/es\/noticia\/victoria-ante-el-surne-bilbao-basket\/","url":"https:\/\/basquetgirona.com\/es\/noticia\/victoria-ante-el-surne-bilbao-basket\/","name":"VICTORIA ANTE EL SURNE BILBAO BASKET - Basquet Girona","isPartOf":{"@id":"https:\/\/basquetgirona.com\/es\/#website"},"datePublished":"2024-11-10T14:53:13+00:00","dateModified":"2025-10-03T10:47:18+00:00","breadcrumb":{"@id":"https:\/\/basquetgirona.com\/es\/noticia\/victoria-ante-el-surne-bilbao-basket\/#breadcrumb"},"inLanguage":"es","potentialAction":[{"@type":"ReadAction","target":["https:\/\/basquetgirona.com\/es\/noticia\/victoria-ante-el-surne-bilbao-basket\/"]}]},{"@type":"BreadcrumbList","@id":"https:\/\/basquetgirona.com\/es\/noticia\/victoria-ante-el-surne-bilbao-basket\/#breadcrumb","itemListElement":[{"@type":"ListItem","position":1,"name":"Inici","item":"https:\/\/basquetgirona.com\/es\/"},{"@type":"ListItem","position":2,"name":"VICTORIA ANTE EL SURNE BILBAO BASKET"}]},{"@type":"WebSite","@id":"https:\/\/basquetgirona.com\/es\/#website","url":"https:\/\/basquetgirona.com\/es\/","name":"Basquet Girona","description":"","publisher":{"@id":"https:\/\/basquetgirona.com\/es\/#organization"},"potentialAction":[{"@type":"SearchAction","target":{"@type":"EntryPoint","urlTemplate":"https:\/\/basquetgirona.com\/es\/?s={search_term_string}"},"query-input":"required name=search_term_string"}],"inLanguage":"es"},{"@type":"Organization","@id":"https:\/\/basquetgirona.com\/es\/#organization","name":"Basquet Girona","url":"https:\/\/basquetgirona.com\/es\/","logo":{"@type":"ImageObject","inLanguage":"es","@id":"https:\/\/basquetgirona.com\/es\/#\/schema\/logo\/image\/","url":"https:\/\/basquetgirona.com\/wp-content\/uploads\/2023\/02\/girona-logo1.png","contentUrl":"https:\/\/basquetgirona.com\/wp-content\/uploads\/2023\/02\/girona-logo1.png","width":124,"height":136,"caption":"Basquet Girona"},"image":{"@id":"https:\/\/basquetgirona.com\/es\/#\/schema\/logo\/image\/"},"sameAs":["https:\/\/www.facebook.com\/BasquetGironaOficial","https:\/\/twitter.com\/BasquetGirona","https:\/\/www.instagram.com\/basquetgirona\/","https:\/\/es.linkedin.com\/company\/bsquet-girona","https:\/\/www.tiktok.com\/@basquetgirona"]},{"@type":"Person","@id":"https:\/\/basquetgirona.com\/es\/#\/schema\/person\/9196efe7de3d62004e09ea79cd72b8d5","name":"Pau De Castro","image":{"@type":"ImageObject","inLanguage":"es","@id":"https:\/\/basquetgirona.com\/es\/#\/schema\/person\/image\/","url":"https:\/\/secure.gravatar.com\/avatar\/311a301e125ef9f088e17c727474e75fb5b82151095ccfc4b6e27ae4855b5814?s=96&d=mm&r=g","contentUrl":"https:\/\/secure.gravatar.com\/avatar\/311a301e125ef9f088e17c727474e75fb5b82151095ccfc4b6e27ae4855b5814?s=96&d=mm&r=g","caption":"Pau De Castro"},"url":"https:\/\/basquetgirona.com\/es\/author\/pdcastro\/"}]}},"acf":[],"_links":{"self":[{"href":"https:\/\/basquetgirona.com\/es\/wp-json\/wp\/v2\/noticia\/42702","targetHints":{"allow":["GET"]}}],"collection":[{"href":"https:\/\/basquetgirona.com\/es\/wp-json\/wp\/v2\/noticia"}],"about":[{"href":"https:\/\/basquetgirona.com\/es\/wp-json\/wp\/v2\/types\/noticia"}],"author":[{"embeddable":true,"href":"https:\/\/basquetgirona.com\/es\/wp-json\/wp\/v2\/users\/4"}],"version-history":[{"count":1,"href":"https:\/\/basquetgirona.com\/es\/wp-json\/wp\/v2\/noticia\/42702\/revisions"}],"predecessor-version":[{"id":42703,"href":"https:\/\/basquetgirona.com\/es\/wp-json\/wp\/v2\/noticia\/42702\/revisions\/42703"}],"wp:featuredmedia":[{"embeddable":true,"href":"https:\/\/basquetgirona.com\/es\/wp-json\/wp\/v2\/media\/42699"}],"wp:attachment":[{"href":"https:\/\/basquetgirona.com\/es\/wp-json\/wp\/v2\/media?parent=42702"}],"wp:term":[{"taxonomy":"categoria_noticia","embeddable":true,"href":"https:\/\/basquetgirona.com\/es\/wp-json\/wp\/v2\/categoria_noticia?post=42702"}],"curies":[{"name":"wp","href":"https:\/\/api.w.org\/{rel}","templated":true}]}}