{"id":43293,"date":"2024-12-16T18:57:11","date_gmt":"2024-12-16T18:57:11","guid":{"rendered":"https:\/\/basquetgirona.com\/noticia\/moncho-presentado\/"},"modified":"2025-10-03T10:56:58","modified_gmt":"2025-10-03T10:56:58","slug":"moncho-presentado","status":"publish","type":"noticia","link":"https:\/\/basquetgirona.com\/es\/noticia\/moncho-presentado\/","title":{"rendered":"MONCHO, PRESENTADO"},"content":{"rendered":"\n<p>Moncho Fern\u00e1ndez ha sido presentado esta tarde como nuevo entrenador del B\u00e0squet Girona. El t\u00e9cnico de Santiago de Compostela, que llega a la ciudad con el objetivo de revertir la trayectoria de resultados del equipo, compareci\u00f3 ante los medios y los aficionados con un discurso que reflej\u00f3 su ilusi\u00f3n y compromiso con el proyecto. <\/p>\n\n<p>Moncho Fern\u00e1ndez, que en su trayectoria ha destacado por su capacidad para construir equipos competitivos y con gran identidad, ha comenzado su intervenci\u00f3n con un mensaje claro y contundente. &#8220;Estoy convencido de que todos juntos lo conseguiremos&#8221;, ha asegurado con firmeza, refiri\u00e9ndose al reto colectivo que tiene por delante con el B\u00e0squet Girona. El gallego, que ya lleva tiempo siguiendo la trayectoria del club, ha destacado que su objetivo principal es trabajar en la construcci\u00f3n de un proyecto a largo plazo, pero que esto s\u00f3lo se puede conseguir con el esfuerzo de todos los miembros de la organizaci\u00f3n.  <\/p>\n\n<p>El t\u00e9cnico ha a\u00f1adido que, para \u00e9l, lo importante es &#8220;involucrarse al m\u00e1ximo&#8221; en la cultura, la tierra y la ciudad de Girona. &#8220;Quiero formar parte de esta comunidad y contribuir al m\u00e1ximo al crecimiento del club, tanto dentro como fuera de la pista&#8221;, ha expresado Moncho, quien tambi\u00e9n ha prometido mejorar su catal\u00e1n para poder comunicarse mejor con la afici\u00f3n y entorno al club. Este gesto, que demuestra su compromiso con la integraci\u00f3n en la ciudad, ha sido muy bien valorado por todos los presentes.  <\/p>\n\n<p>Moncho Fern\u00e1ndez concluy\u00f3 su presentaci\u00f3n hablando del primer reto inmediato, que es el primer entrenamiento del d\u00eda siguiente. &#8220;El primer objetivo es hacerlo lo mejor posible ma\u00f1ana, en el primer entrenamiento&#8221;, ha dicho. Con esta met\u00e1fora que compara un proyecto con un marat\u00f3n, ha subrayado la importancia de empezar con fuerza y \u200b\u200bdeterminaci\u00f3n. &#8220;Un marat\u00f3n se empieza por el primer paso&#8221;, ha a\u00f1adido con una sonrisa, transmitiendo una sensaci\u00f3n de confianza y optimismo.   <\/p>\n\n<figure class=\"wp-block-embed is-type-video is-provider-youtube wp-block-embed-youtube wp-embed-aspect-16-9 wp-has-aspect-ratio\"><div class=\"wp-block-embed__wrapper\">\n<iframe loading=\"lazy\" title=\"Roda de premsa presentaci\u00f3 |\u00a0Moncho Fern\u00e1ndez\" width=\"500\" height=\"281\" src=\"https:\/\/www.youtube.com\/embed\/6LtOihH9Mz0?feature=oembed\" frameborder=\"0\" allow=\"accelerometer; autoplay; clipboard-write; encrypted-media; gyroscope; picture-in-picture; web-share\" referrerpolicy=\"strict-origin-when-cross-origin\" allowfullscreen><\/iframe>\n<\/div><\/figure>\n","protected":false},"excerpt":{"rendered":"<p>Moncho Fern\u00e1ndez ha sido presentado esta tarde como nuevo entrenador del B\u00e0squet Girona. El t\u00e9cnico de Santiago de Compostela, que llega a la ciudad con el objetivo de revertir la trayectoria de resultados del equipo, compareci\u00f3 ante los medios y los aficionados con un discurso que reflej\u00f3 su ilusi\u00f3n y compromiso con el proyecto. Moncho [&hellip;]<\/p>\n","protected":false},"author":4,"featured_media":43289,"menu_order":0,"template":"","categoria_noticia":[],"class_list":["post-43293","noticia","type-noticia","status-publish","has-post-thumbnail","hentry"],"yoast_head":"<!-- This site is optimized with the Yoast SEO plugin v22.0 - https:\/\/yoast.com\/wordpress\/plugins\/seo\/ -->\n<title>MONCHO, PRESENTADO - Basquet Girona<\/title>\n<meta name=\"robots\" content=\"index, follow, max-snippet:-1, max-image-preview:large, max-video-preview:-1\" \/>\n<link rel=\"canonical\" href=\"https:\/\/basquetgirona.com\/es\/noticia\/moncho-presentado\/\" \/>\n<meta property=\"og:locale\" content=\"es_ES\" \/>\n<meta property=\"og:type\" content=\"article\" \/>\n<meta property=\"og:title\" content=\"MONCHO, PRESENTADO - Basquet Girona\" \/>\n<meta property=\"og:description\" content=\"Moncho Fern\u00e1ndez ha sido presentado esta tarde como nuevo entrenador del B\u00e0squet Girona. El t\u00e9cnico de Santiago de Compostela, que llega a la ciudad con el objetivo de revertir la trayectoria de resultados del equipo, compareci\u00f3 ante los medios y los aficionados con un discurso que reflej\u00f3 su ilusi\u00f3n y compromiso con el proyecto. Moncho [&hellip;]\" \/>\n<meta property=\"og:url\" content=\"https:\/\/basquetgirona.com\/es\/noticia\/moncho-presentado\/\" \/>\n<meta property=\"og:site_name\" content=\"Basquet Girona\" \/>\n<meta property=\"article:publisher\" content=\"https:\/\/www.facebook.com\/BasquetGironaOficial\" \/>\n<meta property=\"article:modified_time\" content=\"2025-10-03T10:56:58+00:00\" \/>\n<meta property=\"og:image\" content=\"https:\/\/basquetgirona.com\/wp-content\/uploads\/2024\/12\/DSC1503-Mejorado-NR-1.jpg\" \/>\n\t<meta property=\"og:image:width\" content=\"2000\" \/>\n\t<meta property=\"og:image:height\" content=\"1333\" \/>\n\t<meta property=\"og:image:type\" content=\"image\/jpeg\" \/>\n<meta name=\"twitter:card\" content=\"summary_large_image\" \/>\n<meta name=\"twitter:site\" content=\"@BasquetGirona\" \/>\n<meta name=\"twitter:label1\" content=\"Tiempo de lectura\" \/>\n\t<meta name=\"twitter:data1\" content=\"2 minutos\" \/>\n<!-- \/ Yoast SEO plugin. -->","yoast_head_json":{"title":"MONCHO, PRESENTADO - Basquet Girona","robots":{"index":"index","follow":"follow","max-snippet":"max-snippet:-1","max-image-preview":"max-image-preview:large","max-video-preview":"max-video-preview:-1"},"canonical":"https:\/\/basquetgirona.com\/es\/noticia\/moncho-presentado\/","og_locale":"es_ES","og_type":"article","og_title":"MONCHO, PRESENTADO - Basquet Girona","og_description":"Moncho Fern\u00e1ndez ha sido presentado esta tarde como nuevo entrenador del B\u00e0squet Girona. El t\u00e9cnico de Santiago de Compostela, que llega a la ciudad con el objetivo de revertir la trayectoria de resultados del equipo, compareci\u00f3 ante los medios y los aficionados con un discurso que reflej\u00f3 su ilusi\u00f3n y compromiso con el proyecto. Moncho [&hellip;]","og_url":"https:\/\/basquetgirona.com\/es\/noticia\/moncho-presentado\/","og_site_name":"Basquet Girona","article_publisher":"https:\/\/www.facebook.com\/BasquetGironaOficial","article_modified_time":"2025-10-03T10:56:58+00:00","og_image":[{"width":2000,"height":1333,"url":"https:\/\/basquetgirona.com\/wp-content\/uploads\/2024\/12\/DSC1503-Mejorado-NR-1.jpg","type":"image\/jpeg"}],"twitter_card":"summary_large_image","twitter_site":"@BasquetGirona","twitter_misc":{"Tiempo de lectura":"2 minutos"},"schema":{"@context":"https:\/\/schema.org","@graph":[{"@type":"NewsArticle","@id":"https:\/\/basquetgirona.com\/es\/noticia\/moncho-presentado\/#article","isPartOf":{"@id":"https:\/\/basquetgirona.com\/es\/noticia\/moncho-presentado\/"},"author":{"name":"Pau De Castro","@id":"https:\/\/basquetgirona.com\/es\/#\/schema\/person\/9196efe7de3d62004e09ea79cd72b8d5"},"headline":"MONCHO, PRESENTADO","datePublished":"2024-12-16T18:57:11+00:00","dateModified":"2025-10-03T10:56:58+00:00","mainEntityOfPage":{"@id":"https:\/\/basquetgirona.com\/es\/noticia\/moncho-presentado\/"},"wordCount":349,"publisher":{"@id":"https:\/\/basquetgirona.com\/es\/#organization"},"inLanguage":"es"},{"@type":["WebPage","ItemPage"],"@id":"https:\/\/basquetgirona.com\/es\/noticia\/moncho-presentado\/","url":"https:\/\/basquetgirona.com\/es\/noticia\/moncho-presentado\/","name":"MONCHO, PRESENTADO - Basquet Girona","isPartOf":{"@id":"https:\/\/basquetgirona.com\/es\/#website"},"datePublished":"2024-12-16T18:57:11+00:00","dateModified":"2025-10-03T10:56:58+00:00","breadcrumb":{"@id":"https:\/\/basquetgirona.com\/es\/noticia\/moncho-presentado\/#breadcrumb"},"inLanguage":"es","potentialAction":[{"@type":"ReadAction","target":["https:\/\/basquetgirona.com\/es\/noticia\/moncho-presentado\/"]}]},{"@type":"BreadcrumbList","@id":"https:\/\/basquetgirona.com\/es\/noticia\/moncho-presentado\/#breadcrumb","itemListElement":[{"@type":"ListItem","position":1,"name":"Inici","item":"https:\/\/basquetgirona.com\/es\/"},{"@type":"ListItem","position":2,"name":"MONCHO, PRESENTADO"}]},{"@type":"WebSite","@id":"https:\/\/basquetgirona.com\/es\/#website","url":"https:\/\/basquetgirona.com\/es\/","name":"Basquet Girona","description":"","publisher":{"@id":"https:\/\/basquetgirona.com\/es\/#organization"},"potentialAction":[{"@type":"SearchAction","target":{"@type":"EntryPoint","urlTemplate":"https:\/\/basquetgirona.com\/es\/?s={search_term_string}"},"query-input":"required name=search_term_string"}],"inLanguage":"es"},{"@type":"Organization","@id":"https:\/\/basquetgirona.com\/es\/#organization","name":"Basquet Girona","url":"https:\/\/basquetgirona.com\/es\/","logo":{"@type":"ImageObject","inLanguage":"es","@id":"https:\/\/basquetgirona.com\/es\/#\/schema\/logo\/image\/","url":"https:\/\/basquetgirona.com\/wp-content\/uploads\/2023\/02\/girona-logo1.png","contentUrl":"https:\/\/basquetgirona.com\/wp-content\/uploads\/2023\/02\/girona-logo1.png","width":124,"height":136,"caption":"Basquet Girona"},"image":{"@id":"https:\/\/basquetgirona.com\/es\/#\/schema\/logo\/image\/"},"sameAs":["https:\/\/www.facebook.com\/BasquetGironaOficial","https:\/\/twitter.com\/BasquetGirona","https:\/\/www.instagram.com\/basquetgirona\/","https:\/\/es.linkedin.com\/company\/bsquet-girona","https:\/\/www.tiktok.com\/@basquetgirona"]},{"@type":"Person","@id":"https:\/\/basquetgirona.com\/es\/#\/schema\/person\/9196efe7de3d62004e09ea79cd72b8d5","name":"Pau De Castro","image":{"@type":"ImageObject","inLanguage":"es","@id":"https:\/\/basquetgirona.com\/es\/#\/schema\/person\/image\/","url":"https:\/\/secure.gravatar.com\/avatar\/311a301e125ef9f088e17c727474e75fb5b82151095ccfc4b6e27ae4855b5814?s=96&d=mm&r=g","contentUrl":"https:\/\/secure.gravatar.com\/avatar\/311a301e125ef9f088e17c727474e75fb5b82151095ccfc4b6e27ae4855b5814?s=96&d=mm&r=g","caption":"Pau De Castro"},"url":"https:\/\/basquetgirona.com\/es\/author\/pdcastro\/"}]}},"acf":[],"_links":{"self":[{"href":"https:\/\/basquetgirona.com\/es\/wp-json\/wp\/v2\/noticia\/43293","targetHints":{"allow":["GET"]}}],"collection":[{"href":"https:\/\/basquetgirona.com\/es\/wp-json\/wp\/v2\/noticia"}],"about":[{"href":"https:\/\/basquetgirona.com\/es\/wp-json\/wp\/v2\/types\/noticia"}],"author":[{"embeddable":true,"href":"https:\/\/basquetgirona.com\/es\/wp-json\/wp\/v2\/users\/4"}],"version-history":[{"count":2,"href":"https:\/\/basquetgirona.com\/es\/wp-json\/wp\/v2\/noticia\/43293\/revisions"}],"predecessor-version":[{"id":54845,"href":"https:\/\/basquetgirona.com\/es\/wp-json\/wp\/v2\/noticia\/43293\/revisions\/54845"}],"wp:featuredmedia":[{"embeddable":true,"href":"https:\/\/basquetgirona.com\/es\/wp-json\/wp\/v2\/media\/43289"}],"wp:attachment":[{"href":"https:\/\/basquetgirona.com\/es\/wp-json\/wp\/v2\/media?parent=43293"}],"wp:term":[{"taxonomy":"categoria_noticia","embeddable":true,"href":"https:\/\/basquetgirona.com\/es\/wp-json\/wp\/v2\/categoria_noticia?post=43293"}],"curies":[{"name":"wp","href":"https:\/\/api.w.org\/{rel}","templated":true}]}}