{"id":43541,"date":"2025-01-07T22:18:14","date_gmt":"2025-01-07T22:18:14","guid":{"rendered":"https:\/\/basquetgirona.com\/noticia\/el-derbi-se-queda-en-casa\/"},"modified":"2025-10-03T10:56:21","modified_gmt":"2025-10-03T10:56:21","slug":"el-derbi-se-queda-en-casa","status":"publish","type":"noticia","link":"https:\/\/basquetgirona.com\/es\/noticia\/el-derbi-se-queda-en-casa\/","title":{"rendered":"\u00a1EL DERBI SE QUEDA EN CASA!"},"content":{"rendered":"\n<p>El partido ha iniciado con mucha igualdad en la que tres triples del conjunto gerundense les ha dado la ventaja en el marcador. Los siguientes minutos de partido, se ha convertido en un duelo de t\u00fa a t\u00fa en el que el acierto en la zona exterior y la penetraci\u00f3n a canasta del B\u00e0squet Girona les ha permitido tomar ventaja en el marcador (28-20). El inicio del segundo cuarto fue fren\u00e9tico, en el que ambos equipos estuvieron acertados, donde Fontajau se convirti\u00f3 en el ambiente que los locales necesitaba. A\u00fan as\u00ed, los gerundenses han terminado el cuarto con una ventaja de siete puntos (51-44).     <\/p>\n\n<p>Un mal inicio del tercer cuarto por parte del B\u00e0squet Girona, ha permitido a los visitantes a reducir la diferencia en el marcador en el marcador. El equipo local ha pagado los errores individuales y el Bar\u00e7a ha logrado un parcial de (5-13). El club azulgrana ha estado m\u00e1s acertado en los minutos finales del tercer cuarto, en los que ha logrado una ventaja de seis puntos (64-71).  <\/p>\n\n<p>La afici\u00f3n ha sido inmejorable, no perdiendo la esperanza en el equipo. Todos los jugadores quisieron el protagonismo del partido, haciendo que en los primeros tres minutos de partido hayan podido reducir la diferencia en el marcador. A 30 segundos por el final de partido el B\u00e0squet Girona se ha adelantado en el marcador. Los \u00faltimos dos puntos a falta de dos segundos por el final del MVP del conjunto gerundense Ike Iroegbu da la victoria a los locales (91-90).   <\/p>\n\n<p>Moncho Fern\u00e1ndez: &#8220;estoy muy contento de la evoluci\u00f3n del equipo en el tiempo que llevo aqu\u00ed&#8221;, &#8220;los jugadores llevan el escudo tatuado en el pecho y lo demuestran todos los d\u00edas en los entrenamientos&#8221;.  <\/p>\n","protected":false},"excerpt":{"rendered":"<p>El partido ha iniciado con mucha igualdad en la que tres triples del conjunto gerundense les ha dado la ventaja en el marcador. Los siguientes minutos de partido, se ha convertido en un duelo de t\u00fa a t\u00fa en el que el acierto en la zona exterior y la penetraci\u00f3n a canasta del B\u00e0squet Girona [&hellip;]<\/p>\n","protected":false},"author":4,"featured_media":43539,"menu_order":0,"template":"","categoria_noticia":[190],"class_list":["post-43541","noticia","type-noticia","status-publish","has-post-thumbnail","hentry","categoria_noticia-equipos"],"yoast_head":"<!-- This site is optimized with the Yoast SEO plugin v22.0 - https:\/\/yoast.com\/wordpress\/plugins\/seo\/ -->\n<title>\u00a1EL DERBI SE QUEDA EN CASA! - Basquet Girona<\/title>\n<meta name=\"robots\" content=\"index, follow, max-snippet:-1, max-image-preview:large, max-video-preview:-1\" \/>\n<link rel=\"canonical\" href=\"https:\/\/basquetgirona.com\/es\/noticia\/el-derbi-se-queda-en-casa\/\" \/>\n<meta property=\"og:locale\" content=\"es_ES\" \/>\n<meta property=\"og:type\" content=\"article\" \/>\n<meta property=\"og:title\" content=\"\u00a1EL DERBI SE QUEDA EN CASA! - Basquet Girona\" \/>\n<meta property=\"og:description\" content=\"El partido ha iniciado con mucha igualdad en la que tres triples del conjunto gerundense les ha dado la ventaja en el marcador. Los siguientes minutos de partido, se ha convertido en un duelo de t\u00fa a t\u00fa en el que el acierto en la zona exterior y la penetraci\u00f3n a canasta del B\u00e0squet Girona [&hellip;]\" \/>\n<meta property=\"og:url\" content=\"https:\/\/basquetgirona.com\/es\/noticia\/el-derbi-se-queda-en-casa\/\" \/>\n<meta property=\"og:site_name\" content=\"Basquet Girona\" \/>\n<meta property=\"article:publisher\" content=\"https:\/\/www.facebook.com\/BasquetGironaOficial\" \/>\n<meta property=\"article:modified_time\" content=\"2025-10-03T10:56:21+00:00\" \/>\n<meta property=\"og:image\" content=\"https:\/\/basquetgirona.com\/wp-content\/uploads\/2025\/01\/DSC0289-Mejorado-NR-1.png\" \/>\n\t<meta property=\"og:image:width\" content=\"1000\" \/>\n\t<meta property=\"og:image:height\" content=\"667\" \/>\n\t<meta property=\"og:image:type\" content=\"image\/png\" \/>\n<meta name=\"twitter:card\" content=\"summary_large_image\" \/>\n<meta name=\"twitter:site\" content=\"@BasquetGirona\" \/>\n<meta name=\"twitter:label1\" content=\"Tiempo de lectura\" \/>\n\t<meta name=\"twitter:data1\" content=\"1 minuto\" \/>\n<!-- \/ Yoast SEO plugin. -->","yoast_head_json":{"title":"\u00a1EL DERBI SE QUEDA EN CASA! - Basquet Girona","robots":{"index":"index","follow":"follow","max-snippet":"max-snippet:-1","max-image-preview":"max-image-preview:large","max-video-preview":"max-video-preview:-1"},"canonical":"https:\/\/basquetgirona.com\/es\/noticia\/el-derbi-se-queda-en-casa\/","og_locale":"es_ES","og_type":"article","og_title":"\u00a1EL DERBI SE QUEDA EN CASA! - Basquet Girona","og_description":"El partido ha iniciado con mucha igualdad en la que tres triples del conjunto gerundense les ha dado la ventaja en el marcador. Los siguientes minutos de partido, se ha convertido en un duelo de t\u00fa a t\u00fa en el que el acierto en la zona exterior y la penetraci\u00f3n a canasta del B\u00e0squet Girona [&hellip;]","og_url":"https:\/\/basquetgirona.com\/es\/noticia\/el-derbi-se-queda-en-casa\/","og_site_name":"Basquet Girona","article_publisher":"https:\/\/www.facebook.com\/BasquetGironaOficial","article_modified_time":"2025-10-03T10:56:21+00:00","og_image":[{"width":1000,"height":667,"url":"https:\/\/basquetgirona.com\/wp-content\/uploads\/2025\/01\/DSC0289-Mejorado-NR-1.png","type":"image\/png"}],"twitter_card":"summary_large_image","twitter_site":"@BasquetGirona","twitter_misc":{"Tiempo de lectura":"1 minuto"},"schema":{"@context":"https:\/\/schema.org","@graph":[{"@type":"NewsArticle","@id":"https:\/\/basquetgirona.com\/es\/noticia\/el-derbi-se-queda-en-casa\/#article","isPartOf":{"@id":"https:\/\/basquetgirona.com\/es\/noticia\/el-derbi-se-queda-en-casa\/"},"author":{"name":"Pau De Castro","@id":"https:\/\/basquetgirona.com\/es\/#\/schema\/person\/9196efe7de3d62004e09ea79cd72b8d5"},"headline":"\u00a1EL DERBI SE QUEDA EN CASA!","datePublished":"2025-01-07T22:18:14+00:00","dateModified":"2025-10-03T10:56:21+00:00","mainEntityOfPage":{"@id":"https:\/\/basquetgirona.com\/es\/noticia\/el-derbi-se-queda-en-casa\/"},"wordCount":303,"publisher":{"@id":"https:\/\/basquetgirona.com\/es\/#organization"},"inLanguage":"es"},{"@type":["WebPage","ItemPage"],"@id":"https:\/\/basquetgirona.com\/es\/noticia\/el-derbi-se-queda-en-casa\/","url":"https:\/\/basquetgirona.com\/es\/noticia\/el-derbi-se-queda-en-casa\/","name":"\u00a1EL DERBI SE QUEDA EN CASA! - Basquet Girona","isPartOf":{"@id":"https:\/\/basquetgirona.com\/es\/#website"},"datePublished":"2025-01-07T22:18:14+00:00","dateModified":"2025-10-03T10:56:21+00:00","breadcrumb":{"@id":"https:\/\/basquetgirona.com\/es\/noticia\/el-derbi-se-queda-en-casa\/#breadcrumb"},"inLanguage":"es","potentialAction":[{"@type":"ReadAction","target":["https:\/\/basquetgirona.com\/es\/noticia\/el-derbi-se-queda-en-casa\/"]}]},{"@type":"BreadcrumbList","@id":"https:\/\/basquetgirona.com\/es\/noticia\/el-derbi-se-queda-en-casa\/#breadcrumb","itemListElement":[{"@type":"ListItem","position":1,"name":"Inici","item":"https:\/\/basquetgirona.com\/es\/"},{"@type":"ListItem","position":2,"name":"\u00a1EL DERBI SE QUEDA EN CASA!"}]},{"@type":"WebSite","@id":"https:\/\/basquetgirona.com\/es\/#website","url":"https:\/\/basquetgirona.com\/es\/","name":"Basquet Girona","description":"","publisher":{"@id":"https:\/\/basquetgirona.com\/es\/#organization"},"potentialAction":[{"@type":"SearchAction","target":{"@type":"EntryPoint","urlTemplate":"https:\/\/basquetgirona.com\/es\/?s={search_term_string}"},"query-input":"required name=search_term_string"}],"inLanguage":"es"},{"@type":"Organization","@id":"https:\/\/basquetgirona.com\/es\/#organization","name":"Basquet Girona","url":"https:\/\/basquetgirona.com\/es\/","logo":{"@type":"ImageObject","inLanguage":"es","@id":"https:\/\/basquetgirona.com\/es\/#\/schema\/logo\/image\/","url":"https:\/\/basquetgirona.com\/wp-content\/uploads\/2023\/02\/girona-logo1.png","contentUrl":"https:\/\/basquetgirona.com\/wp-content\/uploads\/2023\/02\/girona-logo1.png","width":124,"height":136,"caption":"Basquet Girona"},"image":{"@id":"https:\/\/basquetgirona.com\/es\/#\/schema\/logo\/image\/"},"sameAs":["https:\/\/www.facebook.com\/BasquetGironaOficial","https:\/\/twitter.com\/BasquetGirona","https:\/\/www.instagram.com\/basquetgirona\/","https:\/\/es.linkedin.com\/company\/bsquet-girona","https:\/\/www.tiktok.com\/@basquetgirona"]},{"@type":"Person","@id":"https:\/\/basquetgirona.com\/es\/#\/schema\/person\/9196efe7de3d62004e09ea79cd72b8d5","name":"Pau De Castro","image":{"@type":"ImageObject","inLanguage":"es","@id":"https:\/\/basquetgirona.com\/es\/#\/schema\/person\/image\/","url":"https:\/\/secure.gravatar.com\/avatar\/311a301e125ef9f088e17c727474e75fb5b82151095ccfc4b6e27ae4855b5814?s=96&d=mm&r=g","contentUrl":"https:\/\/secure.gravatar.com\/avatar\/311a301e125ef9f088e17c727474e75fb5b82151095ccfc4b6e27ae4855b5814?s=96&d=mm&r=g","caption":"Pau De Castro"},"url":"https:\/\/basquetgirona.com\/es\/author\/pdcastro\/"}]}},"acf":[],"_links":{"self":[{"href":"https:\/\/basquetgirona.com\/es\/wp-json\/wp\/v2\/noticia\/43541","targetHints":{"allow":["GET"]}}],"collection":[{"href":"https:\/\/basquetgirona.com\/es\/wp-json\/wp\/v2\/noticia"}],"about":[{"href":"https:\/\/basquetgirona.com\/es\/wp-json\/wp\/v2\/types\/noticia"}],"author":[{"embeddable":true,"href":"https:\/\/basquetgirona.com\/es\/wp-json\/wp\/v2\/users\/4"}],"version-history":[{"count":2,"href":"https:\/\/basquetgirona.com\/es\/wp-json\/wp\/v2\/noticia\/43541\/revisions"}],"predecessor-version":[{"id":54871,"href":"https:\/\/basquetgirona.com\/es\/wp-json\/wp\/v2\/noticia\/43541\/revisions\/54871"}],"wp:featuredmedia":[{"embeddable":true,"href":"https:\/\/basquetgirona.com\/es\/wp-json\/wp\/v2\/media\/43539"}],"wp:attachment":[{"href":"https:\/\/basquetgirona.com\/es\/wp-json\/wp\/v2\/media?parent=43541"}],"wp:term":[{"taxonomy":"categoria_noticia","embeddable":true,"href":"https:\/\/basquetgirona.com\/es\/wp-json\/wp\/v2\/categoria_noticia?post=43541"}],"curies":[{"name":"wp","href":"https:\/\/api.w.org\/{rel}","templated":true}]}}