{"id":44060,"date":"2024-08-04T09:53:38","date_gmt":"2024-08-04T09:53:38","guid":{"rendered":"https:\/\/basquetgirona.com\/noticia\/james-nnaji-ficha-por-el-baloncesto-girona\/"},"modified":"2025-10-03T10:46:58","modified_gmt":"2025-10-03T10:46:58","slug":"james-nnaji-ficha-por-el-baloncesto-girona","status":"publish","type":"noticia","link":"https:\/\/basquetgirona.com\/es\/noticia\/james-nnaji-ficha-por-el-baloncesto-girona\/","title":{"rendered":"JAMES NNAJI FICHA POR EL BALONCESTO GIRONA"},"content":{"rendered":"\n<p>James Nnaji (Makurdi, 2004) es el nuevo jugador del primer equipo del B\u00e0squet Girona que llega en calidad de cedido por el FC Barcelona donde ha disputado las \u00faltimas dos temporadas. La llegada de Nnaji sigue la estrategia del equipo gerundense de trabajar con jugadores j\u00f3venes con proyecci\u00f3n para seguir creciendo y con un futuro prometedor. <\/p>\n\n<p>El p\u00edvot, con una altura de 212cm, lleg\u00f3 al FC Barcelona en 2020 procedente de la Rajeber Academy de Pecs, en Hungr\u00eda. Durante la temporada 2020\/21 jug\u00f3 en el equipo junior y debut\u00f3 en el equipo de LEB Plata. La temporada siguiente altern\u00f3 entre el equipo junior y el equipo de Liga EBA. El 9 de enero de 2022 debut\u00f3 en la liga ACB con el FC Barcelona.   <\/p>\n\n<p>En estas dos \u00faltimas temporadas con el primer equipo del FC Barcelona, \u200b\u200bel jugador nigeriano ha disputado 61 partidos en la ACB y 38 en la Euroliga. una media de 2,2 rebotes en 8 minutos en la ACB. <\/p>\n\n<p>Fernando San Emeterio, director deportivo, \u201cJames es un jugador perfecto para nosotros. nos dar\u00e1 rebotes y tambi\u00e9n nos aportar\u00e1 mucho f\u00edsico en ataque. Adem\u00e1s, es un jugador joven, y esto es precisamente lo que queremos: que los jugadores j\u00f3venes mejoren con nosotros y, al mismo tiempo, que su mejora nos ayude a mejorar como equipo. Creo que es una oportunidad muy buena tanto para nosotros como para \u00e9l. \u00c9l lo ha elegido. James Nnaji y de mejorar juntos\u201d.       <\/p>\n\n<p>James Nnaji, <em>&#8220;Me defino como un jugador que juega dentro de la pintura y por encima de la canasta adem\u00e1s dando mucha intensidad al equipo tanto ofensiva como defensivamente. Tambi\u00e9n me gusta estar presente en defensa sobre todo intimidando cerca de canasta y ayudando a los compa\u00f1eros en los cambios defensivos. Estoy feliz de jugar en Girona porque creo que ahora mismo es lo que me hace falta para acabar de coger experiencia y sobre todo poder jugar en momentos importantes. De esta forma podr\u00e9 mejorar y crecer como jugador.&#8221;<\/em><\/p>\n","protected":false},"excerpt":{"rendered":"<p>James Nnaji (Makurdi, 2004) es el nuevo jugador del primer equipo del B\u00e0squet Girona que llega en calidad de cedido por el FC Barcelona donde ha disputado las \u00faltimas dos temporadas. La llegada de Nnaji sigue la estrategia del equipo gerundense de trabajar con jugadores j\u00f3venes con proyecci\u00f3n para seguir creciendo y con un futuro [&hellip;]<\/p>\n","protected":false},"author":4,"featured_media":37552,"menu_order":0,"template":"","categoria_noticia":[],"class_list":["post-44060","noticia","type-noticia","status-publish","has-post-thumbnail","hentry"],"yoast_head":"<!-- This site is optimized with the Yoast SEO plugin v22.0 - https:\/\/yoast.com\/wordpress\/plugins\/seo\/ -->\n<title>JAMES NNAJI FICHA POR EL BALONCESTO GIRONA - Basquet Girona<\/title>\n<meta name=\"robots\" content=\"index, follow, max-snippet:-1, max-image-preview:large, max-video-preview:-1\" \/>\n<link rel=\"canonical\" href=\"https:\/\/basquetgirona.com\/es\/noticia\/james-nnaji-ficha-por-el-baloncesto-girona\/\" \/>\n<meta property=\"og:locale\" content=\"es_ES\" \/>\n<meta property=\"og:type\" content=\"article\" \/>\n<meta property=\"og:title\" content=\"JAMES NNAJI FICHA POR EL BALONCESTO GIRONA - Basquet Girona\" \/>\n<meta property=\"og:description\" content=\"James Nnaji (Makurdi, 2004) es el nuevo jugador del primer equipo del B\u00e0squet Girona que llega en calidad de cedido por el FC Barcelona donde ha disputado las \u00faltimas dos temporadas. La llegada de Nnaji sigue la estrategia del equipo gerundense de trabajar con jugadores j\u00f3venes con proyecci\u00f3n para seguir creciendo y con un futuro [&hellip;]\" \/>\n<meta property=\"og:url\" content=\"https:\/\/basquetgirona.com\/es\/noticia\/james-nnaji-ficha-por-el-baloncesto-girona\/\" \/>\n<meta property=\"og:site_name\" content=\"Basquet Girona\" \/>\n<meta property=\"article:publisher\" content=\"https:\/\/www.facebook.com\/BasquetGironaOficial\" \/>\n<meta property=\"article:modified_time\" content=\"2025-10-03T10:46:58+00:00\" \/>\n<meta property=\"og:image\" content=\"https:\/\/basquetgirona.com\/wp-content\/uploads\/2024\/08\/NNAJICEDIT.jpg\" \/>\n\t<meta property=\"og:image:width\" content=\"1000\" \/>\n\t<meta property=\"og:image:height\" content=\"563\" \/>\n\t<meta property=\"og:image:type\" content=\"image\/jpeg\" \/>\n<meta name=\"twitter:card\" content=\"summary_large_image\" \/>\n<meta name=\"twitter:site\" content=\"@BasquetGirona\" \/>\n<meta name=\"twitter:label1\" content=\"Tiempo de lectura\" \/>\n\t<meta name=\"twitter:data1\" content=\"2 minutos\" \/>\n<!-- \/ Yoast SEO plugin. -->","yoast_head_json":{"title":"JAMES NNAJI FICHA POR EL BALONCESTO GIRONA - Basquet Girona","robots":{"index":"index","follow":"follow","max-snippet":"max-snippet:-1","max-image-preview":"max-image-preview:large","max-video-preview":"max-video-preview:-1"},"canonical":"https:\/\/basquetgirona.com\/es\/noticia\/james-nnaji-ficha-por-el-baloncesto-girona\/","og_locale":"es_ES","og_type":"article","og_title":"JAMES NNAJI FICHA POR EL BALONCESTO GIRONA - Basquet Girona","og_description":"James Nnaji (Makurdi, 2004) es el nuevo jugador del primer equipo del B\u00e0squet Girona que llega en calidad de cedido por el FC Barcelona donde ha disputado las \u00faltimas dos temporadas. La llegada de Nnaji sigue la estrategia del equipo gerundense de trabajar con jugadores j\u00f3venes con proyecci\u00f3n para seguir creciendo y con un futuro [&hellip;]","og_url":"https:\/\/basquetgirona.com\/es\/noticia\/james-nnaji-ficha-por-el-baloncesto-girona\/","og_site_name":"Basquet Girona","article_publisher":"https:\/\/www.facebook.com\/BasquetGironaOficial","article_modified_time":"2025-10-03T10:46:58+00:00","og_image":[{"width":1000,"height":563,"url":"https:\/\/basquetgirona.com\/wp-content\/uploads\/2024\/08\/NNAJICEDIT.jpg","type":"image\/jpeg"}],"twitter_card":"summary_large_image","twitter_site":"@BasquetGirona","twitter_misc":{"Tiempo de lectura":"2 minutos"},"schema":{"@context":"https:\/\/schema.org","@graph":[{"@type":"NewsArticle","@id":"https:\/\/basquetgirona.com\/es\/noticia\/james-nnaji-ficha-por-el-baloncesto-girona\/#article","isPartOf":{"@id":"https:\/\/basquetgirona.com\/es\/noticia\/james-nnaji-ficha-por-el-baloncesto-girona\/"},"author":{"name":"Pau De Castro","@id":"https:\/\/basquetgirona.com\/es\/#\/schema\/person\/9196efe7de3d62004e09ea79cd72b8d5"},"headline":"JAMES NNAJI FICHA POR EL BALONCESTO GIRONA","datePublished":"2024-08-04T09:53:38+00:00","dateModified":"2025-10-03T10:46:58+00:00","mainEntityOfPage":{"@id":"https:\/\/basquetgirona.com\/es\/noticia\/james-nnaji-ficha-por-el-baloncesto-girona\/"},"wordCount":340,"publisher":{"@id":"https:\/\/basquetgirona.com\/es\/#organization"},"inLanguage":"es"},{"@type":["WebPage","ItemPage"],"@id":"https:\/\/basquetgirona.com\/es\/noticia\/james-nnaji-ficha-por-el-baloncesto-girona\/","url":"https:\/\/basquetgirona.com\/es\/noticia\/james-nnaji-ficha-por-el-baloncesto-girona\/","name":"JAMES NNAJI FICHA POR EL BALONCESTO GIRONA - Basquet Girona","isPartOf":{"@id":"https:\/\/basquetgirona.com\/es\/#website"},"datePublished":"2024-08-04T09:53:38+00:00","dateModified":"2025-10-03T10:46:58+00:00","breadcrumb":{"@id":"https:\/\/basquetgirona.com\/es\/noticia\/james-nnaji-ficha-por-el-baloncesto-girona\/#breadcrumb"},"inLanguage":"es","potentialAction":[{"@type":"ReadAction","target":["https:\/\/basquetgirona.com\/es\/noticia\/james-nnaji-ficha-por-el-baloncesto-girona\/"]}]},{"@type":"BreadcrumbList","@id":"https:\/\/basquetgirona.com\/es\/noticia\/james-nnaji-ficha-por-el-baloncesto-girona\/#breadcrumb","itemListElement":[{"@type":"ListItem","position":1,"name":"Inici","item":"https:\/\/basquetgirona.com\/es\/"},{"@type":"ListItem","position":2,"name":"JAMES NNAJI FICHA POR EL BALONCESTO GIRONA"}]},{"@type":"WebSite","@id":"https:\/\/basquetgirona.com\/es\/#website","url":"https:\/\/basquetgirona.com\/es\/","name":"Basquet Girona","description":"","publisher":{"@id":"https:\/\/basquetgirona.com\/es\/#organization"},"potentialAction":[{"@type":"SearchAction","target":{"@type":"EntryPoint","urlTemplate":"https:\/\/basquetgirona.com\/es\/?s={search_term_string}"},"query-input":"required name=search_term_string"}],"inLanguage":"es"},{"@type":"Organization","@id":"https:\/\/basquetgirona.com\/es\/#organization","name":"Basquet Girona","url":"https:\/\/basquetgirona.com\/es\/","logo":{"@type":"ImageObject","inLanguage":"es","@id":"https:\/\/basquetgirona.com\/es\/#\/schema\/logo\/image\/","url":"https:\/\/basquetgirona.com\/wp-content\/uploads\/2023\/02\/girona-logo1.png","contentUrl":"https:\/\/basquetgirona.com\/wp-content\/uploads\/2023\/02\/girona-logo1.png","width":124,"height":136,"caption":"Basquet Girona"},"image":{"@id":"https:\/\/basquetgirona.com\/es\/#\/schema\/logo\/image\/"},"sameAs":["https:\/\/www.facebook.com\/BasquetGironaOficial","https:\/\/twitter.com\/BasquetGirona","https:\/\/www.instagram.com\/basquetgirona\/","https:\/\/es.linkedin.com\/company\/bsquet-girona","https:\/\/www.tiktok.com\/@basquetgirona"]},{"@type":"Person","@id":"https:\/\/basquetgirona.com\/es\/#\/schema\/person\/9196efe7de3d62004e09ea79cd72b8d5","name":"Pau De Castro","image":{"@type":"ImageObject","inLanguage":"es","@id":"https:\/\/basquetgirona.com\/es\/#\/schema\/person\/image\/","url":"https:\/\/secure.gravatar.com\/avatar\/311a301e125ef9f088e17c727474e75fb5b82151095ccfc4b6e27ae4855b5814?s=96&d=mm&r=g","contentUrl":"https:\/\/secure.gravatar.com\/avatar\/311a301e125ef9f088e17c727474e75fb5b82151095ccfc4b6e27ae4855b5814?s=96&d=mm&r=g","caption":"Pau De Castro"},"url":"https:\/\/basquetgirona.com\/es\/author\/pdcastro\/"}]}},"acf":[],"_links":{"self":[{"href":"https:\/\/basquetgirona.com\/es\/wp-json\/wp\/v2\/noticia\/44060","targetHints":{"allow":["GET"]}}],"collection":[{"href":"https:\/\/basquetgirona.com\/es\/wp-json\/wp\/v2\/noticia"}],"about":[{"href":"https:\/\/basquetgirona.com\/es\/wp-json\/wp\/v2\/types\/noticia"}],"author":[{"embeddable":true,"href":"https:\/\/basquetgirona.com\/es\/wp-json\/wp\/v2\/users\/4"}],"version-history":[{"count":3,"href":"https:\/\/basquetgirona.com\/es\/wp-json\/wp\/v2\/noticia\/44060\/revisions"}],"predecessor-version":[{"id":54752,"href":"https:\/\/basquetgirona.com\/es\/wp-json\/wp\/v2\/noticia\/44060\/revisions\/54752"}],"wp:featuredmedia":[{"embeddable":true,"href":"https:\/\/basquetgirona.com\/es\/wp-json\/wp\/v2\/media\/37552"}],"wp:attachment":[{"href":"https:\/\/basquetgirona.com\/es\/wp-json\/wp\/v2\/media?parent=44060"}],"wp:term":[{"taxonomy":"categoria_noticia","embeddable":true,"href":"https:\/\/basquetgirona.com\/es\/wp-json\/wp\/v2\/categoria_noticia?post=44060"}],"curies":[{"name":"wp","href":"https:\/\/api.w.org\/{rel}","templated":true}]}}