{"id":46509,"date":"2025-03-11T14:30:43","date_gmt":"2025-03-11T14:30:43","guid":{"rendered":"https:\/\/basquetgirona.com\/noticia\/own-the-momento-participa-en-la-rifa-de-las-camisetas-de-juego-de-martinas-geben-y-mindaugas-susinskas-contra-la-pena\/"},"modified":"2025-10-03T18:44:33","modified_gmt":"2025-10-03T18:44:33","slug":"own-the-momento-participa-en-la-rifa-de-las-camisetas-de-juego-de-martinas-geben-y-mindaugas-susinskas-contra-la-pena","status":"publish","type":"noticia","link":"https:\/\/basquetgirona.com\/es\/noticia\/own-the-momento-participa-en-la-rifa-de-las-camisetas-de-juego-de-martinas-geben-y-mindaugas-susinskas-contra-la-pena\/","title":{"rendered":"OWN THE MOMENT: participa en la rifa de las camisetas de juego de Martinas Geben y Mindaugas Su\u0161inskas contra la pe\u00f1a."},"content":{"rendered":"\n<p>El pasado fin de semana el B\u00e0squet Girona gan\u00f3 al Joventut de Badalona haciendo un partido muy completo de principio a fin. Por eso, tiene la oportunidad de ganar las camisetas de juego de Martinas Geben y Mindaugas Su\u0161inskas que hicieron un partido para enmarcar. <\/p>\n\n<p>Para participar en el sorteo debe comprar boletos mediante la comunidad de Overgie del B\u00e0squet Girona. Puede comprar tantos boletos como desee por s\u00f3lo 2 euros. Cuanto m\u00e1s boletos compre, m\u00e1s posibilidades tiene de ganar las camisetas. La fecha l\u00edmite para participar es el lunes 24 de marzo a las 12.00 horas.  <\/p>\n\n<p>Los jugadores de Lituania hicieron un partidazo, en el que Su\u0161inskas realiz\u00f3 11 puntos, 100% en tiros de dos y tres y 14 de valoraci\u00f3n. Mientras Geben, logr\u00f3 19 de valoraci\u00f3n, 11 puntos y 9 rebotes.<\/p>\n\n<p><a href=\"https:\/\/app.overgie.com\/posts\/722924046\">PARTICIPA EN EL SORTEO AQU\u00cd  <\/a><\/p>\n\n<p><\/p>\n","protected":false},"excerpt":{"rendered":"<p>El pasado fin de semana el B\u00e0squet Girona gan\u00f3 al Joventut de Badalona haciendo un partido muy completo de principio a fin. Por eso, tiene la oportunidad de ganar las camisetas de juego de Martinas Geben y Mindaugas Su\u0161inskas que hicieron un partido para enmarcar. Para participar en el sorteo debe comprar boletos mediante la [&hellip;]<\/p>\n","protected":false},"author":4,"featured_media":46506,"menu_order":0,"template":"","categoria_noticia":[190],"class_list":["post-46509","noticia","type-noticia","status-publish","has-post-thumbnail","hentry","categoria_noticia-equipos"],"yoast_head":"<!-- This site is optimized with the Yoast SEO plugin v22.0 - https:\/\/yoast.com\/wordpress\/plugins\/seo\/ -->\n<title>Sorteo de las camisetas de juego de Geben y Su\u0161inskas<\/title>\n<meta name=\"description\" content=\"Participa en el sorteo de las camisetas de juego de Geben y Su\u0161inskas contra la pe\u00f1a a trav\u00e9s de la comunidad Overgie.\" \/>\n<meta name=\"robots\" content=\"index, follow, max-snippet:-1, max-image-preview:large, max-video-preview:-1\" \/>\n<link rel=\"canonical\" href=\"https:\/\/basquetgirona.com\/es\/noticia\/own-the-momento-participa-en-la-rifa-de-las-camisetas-de-juego-de-martinas-geben-y-mindaugas-susinskas-contra-la-pena\/\" \/>\n<meta property=\"og:locale\" content=\"es_ES\" \/>\n<meta property=\"og:type\" content=\"article\" \/>\n<meta property=\"og:title\" content=\"Sorteo de las camisetas de juego de Geben y Su\u0161inskas\" \/>\n<meta property=\"og:description\" content=\"Participa en el sorteo de las camisetas de juego de Geben y Su\u0161inskas contra la pe\u00f1a a trav\u00e9s de la comunidad Overgie.\" \/>\n<meta property=\"og:url\" content=\"https:\/\/basquetgirona.com\/es\/noticia\/own-the-momento-participa-en-la-rifa-de-las-camisetas-de-juego-de-martinas-geben-y-mindaugas-susinskas-contra-la-pena\/\" \/>\n<meta property=\"og:site_name\" content=\"Basquet Girona\" \/>\n<meta property=\"article:publisher\" content=\"https:\/\/www.facebook.com\/BasquetGironaOficial\" \/>\n<meta property=\"article:modified_time\" content=\"2025-10-03T18:44:33+00:00\" \/>\n<meta property=\"og:image\" content=\"https:\/\/basquetgirona.com\/wp-content\/uploads\/2025\/03\/DSC6001-Mejorado-NR-1-scaled.webp\" \/>\n\t<meta property=\"og:image:width\" content=\"1920\" \/>\n\t<meta property=\"og:image:height\" content=\"1280\" \/>\n\t<meta property=\"og:image:type\" content=\"image\/jpeg\" \/>\n<meta name=\"twitter:card\" content=\"summary_large_image\" \/>\n<meta name=\"twitter:site\" content=\"@BasquetGirona\" \/>\n<meta name=\"twitter:label1\" content=\"Tiempo de lectura\" \/>\n\t<meta name=\"twitter:data1\" content=\"1 minuto\" \/>\n<!-- \/ Yoast SEO plugin. -->","yoast_head_json":{"title":"Sorteo de las camisetas de juego de Geben y Su\u0161inskas","description":"Participa en el sorteo de las camisetas de juego de Geben y Su\u0161inskas contra la pe\u00f1a a trav\u00e9s de la comunidad Overgie.","robots":{"index":"index","follow":"follow","max-snippet":"max-snippet:-1","max-image-preview":"max-image-preview:large","max-video-preview":"max-video-preview:-1"},"canonical":"https:\/\/basquetgirona.com\/es\/noticia\/own-the-momento-participa-en-la-rifa-de-las-camisetas-de-juego-de-martinas-geben-y-mindaugas-susinskas-contra-la-pena\/","og_locale":"es_ES","og_type":"article","og_title":"Sorteo de las camisetas de juego de Geben y Su\u0161inskas","og_description":"Participa en el sorteo de las camisetas de juego de Geben y Su\u0161inskas contra la pe\u00f1a a trav\u00e9s de la comunidad Overgie.","og_url":"https:\/\/basquetgirona.com\/es\/noticia\/own-the-momento-participa-en-la-rifa-de-las-camisetas-de-juego-de-martinas-geben-y-mindaugas-susinskas-contra-la-pena\/","og_site_name":"Basquet Girona","article_publisher":"https:\/\/www.facebook.com\/BasquetGironaOficial","article_modified_time":"2025-10-03T18:44:33+00:00","og_image":[{"width":1920,"height":1280,"url":"https:\/\/basquetgirona.com\/wp-content\/uploads\/2025\/03\/DSC6001-Mejorado-NR-1-scaled.webp","type":"image\/jpeg"}],"twitter_card":"summary_large_image","twitter_site":"@BasquetGirona","twitter_misc":{"Tiempo de lectura":"1 minuto"},"schema":{"@context":"https:\/\/schema.org","@graph":[{"@type":"NewsArticle","@id":"https:\/\/basquetgirona.com\/es\/noticia\/own-the-momento-participa-en-la-rifa-de-las-camisetas-de-juego-de-martinas-geben-y-mindaugas-susinskas-contra-la-pena\/#article","isPartOf":{"@id":"https:\/\/basquetgirona.com\/es\/noticia\/own-the-momento-participa-en-la-rifa-de-las-camisetas-de-juego-de-martinas-geben-y-mindaugas-susinskas-contra-la-pena\/"},"author":{"name":"Pau De Castro","@id":"https:\/\/basquetgirona.com\/es\/#\/schema\/person\/9196efe7de3d62004e09ea79cd72b8d5"},"headline":"OWN THE MOMENT: participa en la rifa de las camisetas de juego de Martinas Geben y Mindaugas Su\u0161inskas contra la pe\u00f1a.","datePublished":"2025-03-11T14:30:43+00:00","dateModified":"2025-10-03T18:44:33+00:00","mainEntityOfPage":{"@id":"https:\/\/basquetgirona.com\/es\/noticia\/own-the-momento-participa-en-la-rifa-de-las-camisetas-de-juego-de-martinas-geben-y-mindaugas-susinskas-contra-la-pena\/"},"wordCount":162,"publisher":{"@id":"https:\/\/basquetgirona.com\/es\/#organization"},"inLanguage":"es"},{"@type":["WebPage","ItemPage"],"@id":"https:\/\/basquetgirona.com\/es\/noticia\/own-the-momento-participa-en-la-rifa-de-las-camisetas-de-juego-de-martinas-geben-y-mindaugas-susinskas-contra-la-pena\/","url":"https:\/\/basquetgirona.com\/es\/noticia\/own-the-momento-participa-en-la-rifa-de-las-camisetas-de-juego-de-martinas-geben-y-mindaugas-susinskas-contra-la-pena\/","name":"Sorteo de las camisetas de juego de Geben y Su\u0161inskas","isPartOf":{"@id":"https:\/\/basquetgirona.com\/es\/#website"},"datePublished":"2025-03-11T14:30:43+00:00","dateModified":"2025-10-03T18:44:33+00:00","description":"Participa en el sorteo de las camisetas de juego de Geben y Su\u0161inskas contra la pe\u00f1a a trav\u00e9s de la comunidad Overgie.","breadcrumb":{"@id":"https:\/\/basquetgirona.com\/es\/noticia\/own-the-momento-participa-en-la-rifa-de-las-camisetas-de-juego-de-martinas-geben-y-mindaugas-susinskas-contra-la-pena\/#breadcrumb"},"inLanguage":"es","potentialAction":[{"@type":"ReadAction","target":["https:\/\/basquetgirona.com\/es\/noticia\/own-the-momento-participa-en-la-rifa-de-las-camisetas-de-juego-de-martinas-geben-y-mindaugas-susinskas-contra-la-pena\/"]}]},{"@type":"BreadcrumbList","@id":"https:\/\/basquetgirona.com\/es\/noticia\/own-the-momento-participa-en-la-rifa-de-las-camisetas-de-juego-de-martinas-geben-y-mindaugas-susinskas-contra-la-pena\/#breadcrumb","itemListElement":[{"@type":"ListItem","position":1,"name":"Inici","item":"https:\/\/basquetgirona.com\/es\/"},{"@type":"ListItem","position":2,"name":"OWN THE MOMENT: participa en la rifa de las camisetas de juego de Martinas Geben y Mindaugas Su\u0161inskas contra la pe\u00f1a."}]},{"@type":"WebSite","@id":"https:\/\/basquetgirona.com\/es\/#website","url":"https:\/\/basquetgirona.com\/es\/","name":"Basquet Girona","description":"","publisher":{"@id":"https:\/\/basquetgirona.com\/es\/#organization"},"potentialAction":[{"@type":"SearchAction","target":{"@type":"EntryPoint","urlTemplate":"https:\/\/basquetgirona.com\/es\/?s={search_term_string}"},"query-input":"required name=search_term_string"}],"inLanguage":"es"},{"@type":"Organization","@id":"https:\/\/basquetgirona.com\/es\/#organization","name":"Basquet Girona","url":"https:\/\/basquetgirona.com\/es\/","logo":{"@type":"ImageObject","inLanguage":"es","@id":"https:\/\/basquetgirona.com\/es\/#\/schema\/logo\/image\/","url":"https:\/\/basquetgirona.com\/wp-content\/uploads\/2023\/02\/girona-logo1.png","contentUrl":"https:\/\/basquetgirona.com\/wp-content\/uploads\/2023\/02\/girona-logo1.png","width":124,"height":136,"caption":"Basquet Girona"},"image":{"@id":"https:\/\/basquetgirona.com\/es\/#\/schema\/logo\/image\/"},"sameAs":["https:\/\/www.facebook.com\/BasquetGironaOficial","https:\/\/twitter.com\/BasquetGirona","https:\/\/www.instagram.com\/basquetgirona\/","https:\/\/es.linkedin.com\/company\/bsquet-girona","https:\/\/www.tiktok.com\/@basquetgirona"]},{"@type":"Person","@id":"https:\/\/basquetgirona.com\/es\/#\/schema\/person\/9196efe7de3d62004e09ea79cd72b8d5","name":"Pau De Castro","image":{"@type":"ImageObject","inLanguage":"es","@id":"https:\/\/basquetgirona.com\/es\/#\/schema\/person\/image\/","url":"https:\/\/secure.gravatar.com\/avatar\/311a301e125ef9f088e17c727474e75fb5b82151095ccfc4b6e27ae4855b5814?s=96&d=mm&r=g","contentUrl":"https:\/\/secure.gravatar.com\/avatar\/311a301e125ef9f088e17c727474e75fb5b82151095ccfc4b6e27ae4855b5814?s=96&d=mm&r=g","caption":"Pau De Castro"},"url":"https:\/\/basquetgirona.com\/es\/author\/pdcastro\/"}]}},"acf":[],"_links":{"self":[{"href":"https:\/\/basquetgirona.com\/es\/wp-json\/wp\/v2\/noticia\/46509","targetHints":{"allow":["GET"]}}],"collection":[{"href":"https:\/\/basquetgirona.com\/es\/wp-json\/wp\/v2\/noticia"}],"about":[{"href":"https:\/\/basquetgirona.com\/es\/wp-json\/wp\/v2\/types\/noticia"}],"author":[{"embeddable":true,"href":"https:\/\/basquetgirona.com\/es\/wp-json\/wp\/v2\/users\/4"}],"version-history":[{"count":5,"href":"https:\/\/basquetgirona.com\/es\/wp-json\/wp\/v2\/noticia\/46509\/revisions"}],"predecessor-version":[{"id":56152,"href":"https:\/\/basquetgirona.com\/es\/wp-json\/wp\/v2\/noticia\/46509\/revisions\/56152"}],"wp:featuredmedia":[{"embeddable":true,"href":"https:\/\/basquetgirona.com\/es\/wp-json\/wp\/v2\/media\/46506"}],"wp:attachment":[{"href":"https:\/\/basquetgirona.com\/es\/wp-json\/wp\/v2\/media?parent=46509"}],"wp:term":[{"taxonomy":"categoria_noticia","embeddable":true,"href":"https:\/\/basquetgirona.com\/es\/wp-json\/wp\/v2\/categoria_noticia?post=46509"}],"curies":[{"name":"wp","href":"https:\/\/api.w.org\/{rel}","templated":true}]}}