{"id":47218,"date":"2025-03-20T19:45:13","date_gmt":"2025-03-20T19:45:13","guid":{"rendered":"https:\/\/basquetgirona.com\/noticia\/fontajau-on-tour\/"},"modified":"2025-10-03T18:45:07","modified_gmt":"2025-10-03T18:45:07","slug":"fontajau-on-tour","status":"publish","type":"noticia","link":"https:\/\/basquetgirona.com\/es\/noticia\/fontajau-on-tour\/","title":{"rendered":"FONTAJAU ON TOUR"},"content":{"rendered":"\n<p>El club te da la oportunidad de disfrutar de los partidos como visitante con un exclusivo plan de viaje. Hasta final de temporada, el primer equipo disputar\u00e1 los pr\u00f3ximos partidos lejos de Fontajau: <\/p>\n\n<p>Leyma Coru\u00f1a (s 29\/3, 20:45h)<\/p>\n\n<p>Baskonia (dg 6\/4, 17h)<\/p>\n\n<p>BAXI Manresa (s 19\/4, 18h)<\/p>\n\n<p>MoraBanc Andorra (s 10\/5, 19:30h)<\/p>\n\n<p>FC Barcelona (dg 25\/5, 17h)<\/p>\n\n<p>A continuaci\u00f3n, exponemos los precios, los plazos de inscripci\u00f3n y los planes de viaje de cada uno de los desplazamientos mencionados:<\/p>\n\n<p><strong>DESPLAZAMIENTO EN &#8216;A CORU\u00d1A&#8217;<\/strong><\/p>\n\n<p>Para el viaje a A Coru\u00f1a hay dos opciones<\/p>\n\n<p>La primera opci\u00f3n es viajar en avi\u00f3n <strong>.<\/strong> Los abonados pueden comprar su entrada a trav\u00e9s del apartado de &#8216;Desplazamientos&#8217; de la APP. Los no abonados pueden comprar su entrada <a href=\"https:\/\/forms.basquetgirona.com\/form\/b3521c94-9a68-484c-b116-6645768c9147\">aqu\u00ed<\/a> . <\/p>\n\n<p>Incluye por 450\u20ac:  <\/p>\n\n<p>+ El vuelo de ida y vuelta a A Coru\u00f1a<\/p>\n\n<ul class=\"wp-block-list\">\n<li>El vuelo de ida sale el s\u00e1bado de Barcelona a las 6.50 h. y llega aproximadamente a las 8:50 h. en A Coru\u00f1a.  <\/li>\n\n\n\n<li>El vuelo de regreso sale el domingo de A Coru\u00f1a a las 14:55 h. y llega aproximadamente a las 16:35 h. en Barcelona.  <\/li>\n<\/ul>\n\n<p><\/p>\n\n<p>+ Una noche de hotel con desayuno<\/p>\n\n<p>+ El transporte del aeropuerto al hotel<\/p>\n\n<p>+ Entradas del partido<\/p>\n\n<p><em>El plazo de inscripci\u00f3n es el domingo 23 de marzo a las 12.00 horas.<\/em><\/p>\n\n<p>La segunda opci\u00f3n s\u00f3lo contempla la compra de las entradas del partido por 25\u20ac sin incluir el transporte. Los abonados pueden comprar su entrada a trav\u00e9s del apartado de &#8216;Desplazamientos&#8217; de la APP. Los no abonados pueden comprar su entrada <a href=\"https:\/\/forms.basquetgirona.com\/form\/0a0470f5-6a0f-4a4f-830a-d671aa30b641\">aqu\u00ed<\/a> .  <\/p>\n\n<p><em>El plazo de inscripci\u00f3n es el mi\u00e9rcoles 26 de marzo a las 12.00 horas.<\/em><\/p>\n\n<p><strong>DESPLAZAMIENTO EN VITORIA-GASTEIZ<\/strong><\/p>\n\n<p>El trayecto a Vitoria se realizar\u00e1 en autob\u00fas el mismo domingo de partido y la compra de la entrada incluir\u00e1 el transporte.  <\/p>\n\n<p>PRECIO: 28\u20ac.  <\/p>\n\n<p>Los abonados pueden comprar la entrada a trav\u00e9s del apartado de &#8216;Desplazamientos&#8217; de la APP. Los no abonados pueden comprar la entrada <a href=\"https:\/\/forms.basquetgirona.com\/form\/f77a46b6-2709-40a0-8331-d63a431bae4a\">aqu\u00ed<\/a> . <\/p>\n\n<p>PLAN DE VIAJE:<\/p>\n\n<p>06.00 h &#8211; Salida de Girona (Fontajau)<\/p>\n\n<p>13:00 h &#8211; Llegada a Vitoria (Pabell\u00f3n Buesa Arena)<\/p>\n\n<p>20:00 h &#8211; Salida de Vitoria (Pabell\u00f3n Buesa Arena)<\/p>\n\n<p>03:00 h &#8211; Llegada a Girona (Fontajau)<\/p>\n\n<p><em>El plazo de inscripci\u00f3n es el martes 1 de abril a las 12.00 horas.<\/em><\/p>\n\n<p><strong>DESPLAZAMIENTO EN MANRESA* (exclusivo para abonados)<\/strong><\/p>\n\n<p>El desplazamiento a Manresa es exclusivo para abonados. Si las inscripciones superan el l\u00edmite prestablert, las personas desplazadas se escoger\u00e1n a trav\u00e9s de sorteo. <\/p>\n\n<p>El trayecto a Manresa se realizar\u00e1 en autob\u00fas el mismo s\u00e1bado de partido y la compra de la entrada incluir\u00e1 el transporte.  <\/p>\n\n<p>PRECIO: 38\u20ac.  <\/p>\n\n<p>Los abonados pueden comprar la entrada a trav\u00e9s del apartado de &#8216;Desplazamientos&#8217; de la APP.<\/p>\n\n<p>PLAN DE VIAJE:<\/p>\n\n<p>15.00 h &#8211; Salida de Girona (Fontajau)<\/p>\n\n<p>16:30 h &#8211; Llegada a Manresa (Pabell\u00f3n Nou Congost)<\/p>\n\n<p>21:00 h &#8211; Salida de Manresa (Pabell\u00f3n Nou Congost)<\/p>\n\n<p>22:30 h &#8211; Llegada a Girona (Fontajau)<\/p>\n\n<p><em>El plazo de inscripci\u00f3n es el mi\u00e9rcoles 9 de abril a las 12.00 horas.<\/em><\/p>\n\n<p><strong>DESPLAZAMIENTO EN ANDORRA* (exclusivo para abonados)<\/strong><\/p>\n\n<p>El desplazamiento a Andorra es exclusivo para abonados. Si las inscripciones superan el l\u00edmite prestablert, las personas desplazadas se escoger\u00e1n a trav\u00e9s de sorteo. <\/p>\n\n<p>El trayecto a Andorra se realizar\u00e1 en autob\u00fas el mismo s\u00e1bado de partido y la compra de la entrada incluir\u00e1 el transporte.  <\/p>\n\n<p>PRECIO: 23\u20ac.  <\/p>\n\n<p>Los abonados pueden comprar la entrada a trav\u00e9s del apartado de &#8216;Desplazamientos&#8217; de la APP.<\/p>\n\n<p>El veh\u00edculo empezar\u00e1 el trayecto desde Fontajau el s\u00e1bado 10 de mayo a las 9:00 h. y llegar\u00e1 a Andorra a las 12:00 h. aproximadamente. La salida desde el pabell\u00f3n andorrano se realizar\u00e1 despu\u00e9s del partido a las 22:30 h. para llegar en territorio gerundense a las 0:30 h. de la madrugada.       <\/p>\n\n<p>PLAN DE VIAJE:<\/p>\n\n<p>09.00 h &#8211; Salida de Girona (Fontajau)<\/p>\n\n<p>12:00 h &#8211; Llegada a Andorra (Pabell\u00f3n Toni Mart\u00ed)<\/p>\n\n<p>22:30 h &#8211; Salida de Andorra (Pabell\u00f3n Toni Mart\u00ed)<\/p>\n\n<p>00:30 h &#8211; Llegada a Girona (Fontajau)<\/p>\n\n<p><em>El plazo de inscripci\u00f3n es el lunes 5 de mayo a las 12.00 horas.<\/em><\/p>\n\n<p><strong>DESPLAZAMIENTO EN BARCELONA<\/strong><\/p>\n\n<p>El trayecto a Barcelona se realizar\u00e1 en autob\u00fas el mismo domingo de partido y la compra de la entrada incluir\u00e1 el transporte.  <\/p>\n\n<p>PRECIO: 33\u20ac.  <\/p>\n\n<p>Los abonados pueden comprar la entrada a trav\u00e9s del apartado de &#8216;Desplazamientos&#8217; de la APP. Los no abonados pueden comprar la entrada <a href=\"https:\/\/forms.basquetgirona.com\/form\/f580ddaf-1d5e-4d1a-aceb-a819346f2c60\">aqu\u00ed<\/a> . <\/p>\n\n<p>PLAN DE VIAJE:<\/p>\n\n<p>14.00 h &#8211; Salida de Girona (Fontajau)<\/p>\n\n<p>15:30 h &#8211; Llegada a Barcelona (Palau Blaugrana)<\/p>\n\n<p>19:30 h &#8211; Salida de Barcelona (Palau Blaugrana)<\/p>\n\n<p>21:00 h &#8211; Llegada a Girona (Fontajau)<\/p>\n\n<p><em>El plazo de inscripci\u00f3n es el jueves 8 de mayo a las 12.00 horas.<\/em><\/p>\n","protected":false},"excerpt":{"rendered":"<p>El club te da la oportunidad de disfrutar de los partidos como visitante con un exclusivo plan de viaje. Hasta final de temporada, el primer equipo disputar\u00e1 los pr\u00f3ximos partidos lejos de Fontajau: Leyma Coru\u00f1a (s 29\/3, 20:45h) Baskonia (dg 6\/4, 17h) BAXI Manresa (s 19\/4, 18h) MoraBanc Andorra (s 10\/5, 19:30h) FC Barcelona (dg [&hellip;]<\/p>\n","protected":false},"author":4,"featured_media":47216,"menu_order":0,"template":"","categoria_noticia":[190],"class_list":["post-47218","noticia","type-noticia","status-publish","has-post-thumbnail","hentry","categoria_noticia-equipos"],"yoast_head":"<!-- This site is optimized with the Yoast SEO plugin v22.0 - https:\/\/yoast.com\/wordpress\/plugins\/seo\/ -->\n<title>FONTAJAU ON TOUR - Basquet Girona<\/title>\n<meta name=\"description\" content=\"El Baloncesto Girona disputar\u00e1 el desenlace de la temporada lejos de Fontajau. Acompa\u00f1a al equipo a los partidos como visitante.\" \/>\n<meta name=\"robots\" content=\"index, follow, max-snippet:-1, max-image-preview:large, max-video-preview:-1\" \/>\n<link rel=\"canonical\" href=\"https:\/\/basquetgirona.com\/es\/noticia\/fontajau-on-tour\/\" \/>\n<meta property=\"og:locale\" content=\"es_ES\" \/>\n<meta property=\"og:type\" content=\"article\" \/>\n<meta property=\"og:title\" content=\"FONTAJAU ON TOUR - Basquet Girona\" \/>\n<meta property=\"og:description\" content=\"El Baloncesto Girona disputar\u00e1 el desenlace de la temporada lejos de Fontajau. Acompa\u00f1a al equipo a los partidos como visitante.\" \/>\n<meta property=\"og:url\" content=\"https:\/\/basquetgirona.com\/es\/noticia\/fontajau-on-tour\/\" \/>\n<meta property=\"og:site_name\" content=\"Basquet Girona\" \/>\n<meta property=\"article:publisher\" content=\"https:\/\/www.facebook.com\/BasquetGironaOficial\" \/>\n<meta property=\"article:modified_time\" content=\"2025-10-03T18:45:07+00:00\" \/>\n<meta property=\"og:image\" content=\"https:\/\/basquetgirona.com\/wp-content\/uploads\/2025\/03\/2-8.webp\" \/>\n\t<meta property=\"og:image:width\" content=\"1012\" \/>\n\t<meta property=\"og:image:height\" content=\"571\" \/>\n\t<meta property=\"og:image:type\" content=\"image\/jpeg\" \/>\n<meta name=\"twitter:card\" content=\"summary_large_image\" \/>\n<meta name=\"twitter:site\" content=\"@BasquetGirona\" \/>\n<meta name=\"twitter:label1\" content=\"Tiempo de lectura\" \/>\n\t<meta name=\"twitter:data1\" content=\"4 minutos\" \/>\n<!-- \/ Yoast SEO plugin. -->","yoast_head_json":{"title":"FONTAJAU ON TOUR - Basquet Girona","description":"El Baloncesto Girona disputar\u00e1 el desenlace de la temporada lejos de Fontajau. Acompa\u00f1a al equipo a los partidos como visitante.","robots":{"index":"index","follow":"follow","max-snippet":"max-snippet:-1","max-image-preview":"max-image-preview:large","max-video-preview":"max-video-preview:-1"},"canonical":"https:\/\/basquetgirona.com\/es\/noticia\/fontajau-on-tour\/","og_locale":"es_ES","og_type":"article","og_title":"FONTAJAU ON TOUR - Basquet Girona","og_description":"El Baloncesto Girona disputar\u00e1 el desenlace de la temporada lejos de Fontajau. Acompa\u00f1a al equipo a los partidos como visitante.","og_url":"https:\/\/basquetgirona.com\/es\/noticia\/fontajau-on-tour\/","og_site_name":"Basquet Girona","article_publisher":"https:\/\/www.facebook.com\/BasquetGironaOficial","article_modified_time":"2025-10-03T18:45:07+00:00","og_image":[{"width":1012,"height":571,"url":"https:\/\/basquetgirona.com\/wp-content\/uploads\/2025\/03\/2-8.webp","type":"image\/jpeg"}],"twitter_card":"summary_large_image","twitter_site":"@BasquetGirona","twitter_misc":{"Tiempo de lectura":"4 minutos"},"schema":{"@context":"https:\/\/schema.org","@graph":[{"@type":"NewsArticle","@id":"https:\/\/basquetgirona.com\/es\/noticia\/fontajau-on-tour\/#article","isPartOf":{"@id":"https:\/\/basquetgirona.com\/es\/noticia\/fontajau-on-tour\/"},"author":{"name":"Pau De Castro","@id":"https:\/\/basquetgirona.com\/es\/#\/schema\/person\/9196efe7de3d62004e09ea79cd72b8d5"},"headline":"FONTAJAU ON TOUR","datePublished":"2025-03-20T19:45:13+00:00","dateModified":"2025-10-03T18:45:07+00:00","mainEntityOfPage":{"@id":"https:\/\/basquetgirona.com\/es\/noticia\/fontajau-on-tour\/"},"wordCount":752,"publisher":{"@id":"https:\/\/basquetgirona.com\/es\/#organization"},"inLanguage":"es"},{"@type":["WebPage","ItemPage"],"@id":"https:\/\/basquetgirona.com\/es\/noticia\/fontajau-on-tour\/","url":"https:\/\/basquetgirona.com\/es\/noticia\/fontajau-on-tour\/","name":"FONTAJAU ON TOUR - Basquet Girona","isPartOf":{"@id":"https:\/\/basquetgirona.com\/es\/#website"},"datePublished":"2025-03-20T19:45:13+00:00","dateModified":"2025-10-03T18:45:07+00:00","description":"El Baloncesto Girona disputar\u00e1 el desenlace de la temporada lejos de Fontajau. Acompa\u00f1a al equipo a los partidos como visitante.","breadcrumb":{"@id":"https:\/\/basquetgirona.com\/es\/noticia\/fontajau-on-tour\/#breadcrumb"},"inLanguage":"es","potentialAction":[{"@type":"ReadAction","target":["https:\/\/basquetgirona.com\/es\/noticia\/fontajau-on-tour\/"]}]},{"@type":"BreadcrumbList","@id":"https:\/\/basquetgirona.com\/es\/noticia\/fontajau-on-tour\/#breadcrumb","itemListElement":[{"@type":"ListItem","position":1,"name":"Inici","item":"https:\/\/basquetgirona.com\/es\/"},{"@type":"ListItem","position":2,"name":"FONTAJAU ON TOUR"}]},{"@type":"WebSite","@id":"https:\/\/basquetgirona.com\/es\/#website","url":"https:\/\/basquetgirona.com\/es\/","name":"Basquet Girona","description":"","publisher":{"@id":"https:\/\/basquetgirona.com\/es\/#organization"},"potentialAction":[{"@type":"SearchAction","target":{"@type":"EntryPoint","urlTemplate":"https:\/\/basquetgirona.com\/es\/?s={search_term_string}"},"query-input":"required name=search_term_string"}],"inLanguage":"es"},{"@type":"Organization","@id":"https:\/\/basquetgirona.com\/es\/#organization","name":"Basquet Girona","url":"https:\/\/basquetgirona.com\/es\/","logo":{"@type":"ImageObject","inLanguage":"es","@id":"https:\/\/basquetgirona.com\/es\/#\/schema\/logo\/image\/","url":"https:\/\/basquetgirona.com\/wp-content\/uploads\/2023\/02\/girona-logo1.png","contentUrl":"https:\/\/basquetgirona.com\/wp-content\/uploads\/2023\/02\/girona-logo1.png","width":124,"height":136,"caption":"Basquet Girona"},"image":{"@id":"https:\/\/basquetgirona.com\/es\/#\/schema\/logo\/image\/"},"sameAs":["https:\/\/www.facebook.com\/BasquetGironaOficial","https:\/\/twitter.com\/BasquetGirona","https:\/\/www.instagram.com\/basquetgirona\/","https:\/\/es.linkedin.com\/company\/bsquet-girona","https:\/\/www.tiktok.com\/@basquetgirona"]},{"@type":"Person","@id":"https:\/\/basquetgirona.com\/es\/#\/schema\/person\/9196efe7de3d62004e09ea79cd72b8d5","name":"Pau De Castro","image":{"@type":"ImageObject","inLanguage":"es","@id":"https:\/\/basquetgirona.com\/es\/#\/schema\/person\/image\/","url":"https:\/\/secure.gravatar.com\/avatar\/311a301e125ef9f088e17c727474e75fb5b82151095ccfc4b6e27ae4855b5814?s=96&d=mm&r=g","contentUrl":"https:\/\/secure.gravatar.com\/avatar\/311a301e125ef9f088e17c727474e75fb5b82151095ccfc4b6e27ae4855b5814?s=96&d=mm&r=g","caption":"Pau De Castro"},"url":"https:\/\/basquetgirona.com\/es\/author\/pdcastro\/"}]}},"acf":[],"_links":{"self":[{"href":"https:\/\/basquetgirona.com\/es\/wp-json\/wp\/v2\/noticia\/47218","targetHints":{"allow":["GET"]}}],"collection":[{"href":"https:\/\/basquetgirona.com\/es\/wp-json\/wp\/v2\/noticia"}],"about":[{"href":"https:\/\/basquetgirona.com\/es\/wp-json\/wp\/v2\/types\/noticia"}],"author":[{"embeddable":true,"href":"https:\/\/basquetgirona.com\/es\/wp-json\/wp\/v2\/users\/4"}],"version-history":[{"count":10,"href":"https:\/\/basquetgirona.com\/es\/wp-json\/wp\/v2\/noticia\/47218\/revisions"}],"predecessor-version":[{"id":47245,"href":"https:\/\/basquetgirona.com\/es\/wp-json\/wp\/v2\/noticia\/47218\/revisions\/47245"}],"wp:featuredmedia":[{"embeddable":true,"href":"https:\/\/basquetgirona.com\/es\/wp-json\/wp\/v2\/media\/47216"}],"wp:attachment":[{"href":"https:\/\/basquetgirona.com\/es\/wp-json\/wp\/v2\/media?parent=47218"}],"wp:term":[{"taxonomy":"categoria_noticia","embeddable":true,"href":"https:\/\/basquetgirona.com\/es\/wp-json\/wp\/v2\/categoria_noticia?post=47218"}],"curies":[{"name":"wp","href":"https:\/\/api.w.org\/{rel}","templated":true}]}}