{"id":47608,"date":"2025-04-09T10:38:56","date_gmt":"2025-04-09T10:38:56","guid":{"rendered":"https:\/\/basquetgirona.com\/noticia\/sabado-de-fan-zone-rojo-gironi-y-fontashow\/"},"modified":"2025-10-03T18:46:35","modified_gmt":"2025-10-03T18:46:35","slug":"sabado-de-fan-zone-rojo-gironi-y-fontashow","status":"publish","type":"noticia","link":"https:\/\/basquetgirona.com\/es\/noticia\/sabado-de-fan-zone-rojo-gironi-y-fontashow\/","title":{"rendered":"S\u00e1bado de Fan Zone, Rojo Giron\u00ed y FontaShow"},"content":{"rendered":"\n<p>El Club ha vivido una temporada en la que la afici\u00f3n ha estado m\u00e1s presente que nunca en Fontajau, una respuesta que va m\u00e1s all\u00e1 de los resultados deportivos. La gran asistencia de p\u00fablico, jornada a jornada, fue una de las claves del \u00e9xito de la temporada. Esta respuesta de la afici\u00f3n nos motiva a seguir trabajando para seguir construyendo fuertes v\u00ednculos ya largo plazo con nuestros seguidores.  <\/p>\n\n<p>Desde los inicios del Club, sabemos que el \u00e9xito no s\u00f3lo depende del rendimiento del equipo, sino tambi\u00e9n del apoyo incondicional de nuestros seguidores. Por eso, nuestra apuesta siempre ha sido crear experiencias que involucren y hagan sentir a cada aficionado como parte esencial del proyecto. As\u00ed, queremos que cada persona que nos siga sea parte activa de nuestro camino hacia el \u00e9xito.  <\/p>\n\n<p>En este sentido, y de cara a la recta final de la temporada, el Club ha tomado una decisi\u00f3n importante: realizar un esfuerzo econ\u00f3mico para seguir reforzando los v\u00ednculos con la afici\u00f3n. Hemos puesto en marcha dos campa\u00f1as pensadas para ofrecerle m\u00e1s experiencias y nuevas oportunidades de apoyo al equipo. <\/p>\n\n<p>Una de estas iniciativas es \u201cFontajau On Tour\u201d. Esta campa\u00f1a nace de un compromiso con la afici\u00f3n por responder a una petici\u00f3n que hac\u00eda tiempo que nos ped\u00edan: dar la oportunidad a nuestros seguidores de seguir y animar al equipo en los partidos fuera de casa durante la recta final de la temporada. La campa\u00f1a empez\u00f3 con el partido ante el Bilbao, y pese a que la previsi\u00f3n era complicada por la proximidad de las fechas, somos conscientes de que los desplazamientos a Coru\u00f1a y Vitoria, por la distancia y los horarios, no han sido f\u00e1ciles de llenar. Sin embargo, esperamos que los partidos que quedan conseguimos movilizar m\u00e1s afici\u00f3n.   <\/p>\n\n<p><br\/>Por otra parte, la campa\u00f1a &#8220;Somos un Equipo. Una Voz&#8221; es un llamamiento a hacer sentir la fuerza de la afici\u00f3n en Fontajau. A trav\u00e9s de esta campa\u00f1a, queremos que la grada sea una, una \u00fanica voz y un \u00fanico color, el rojo, que transmita todo el soporte al equipo. Nuestra meta es convertir la grada en el 6\u00ba jugador, aqu\u00e9l que nos da una ventaja competitiva en la pista. As\u00ed, en la recta final de la temporada, queremos te\u00f1ir a Fontajau de rojo y hacer sentir que, m\u00e1s que nunca, somos un \u00fanico equipo, con un solo coraz\u00f3n.   <\/p>\n\n<p>Esta acci\u00f3n incluye la creaci\u00f3n de camisetas que quieren motivar a la afici\u00f3n a unirse y llamar juntos por el mismo objetivo. Adem\u00e1s, el ambiente en Fontajau ser\u00e1 inolvidable, con la Fan Zone m\u00e1s larga de la temporada, donde habr\u00e1 actividades para toda la familia. Aprovechando el buen tiempo y los d\u00edas m\u00e1s largos, los aficionados podr\u00e1n disfrutar de una tarde completa de baloncesto gerundense.  <\/p>\n\n<p>La previa del partido contar\u00e1 con un concierto a cargo de El Foment, con la participaci\u00f3n de Mar\u00eda Lamata, servicio de bar y actividades infantiles. Al finalizar el partido celebraremos una Butifarrada, m\u00fasica en vivo y servicio de bar. No olvide que es importante comprar los tickets anticipados a trav\u00e9s de la APP para garantizar el acceso y participar de esta gran fiesta.  <\/p>\n\n<p>Con estas iniciativas, el Club reafirma su compromiso con su afici\u00f3n y se prepara para afrontar la recta final de temporada con la energ\u00eda y el apoyo de todos nuestros seguidores.<\/p>\n","protected":false},"excerpt":{"rendered":"<p>El Club ha vivido una temporada en la que la afici\u00f3n ha estado m\u00e1s presente que nunca en Fontajau, una respuesta que va m\u00e1s all\u00e1 de los resultados deportivos. La gran asistencia de p\u00fablico, jornada a jornada, fue una de las claves del \u00e9xito de la temporada. Esta respuesta de la afici\u00f3n nos motiva a [&hellip;]<\/p>\n","protected":false},"author":4,"featured_media":47606,"menu_order":0,"template":"","categoria_noticia":[],"class_list":["post-47608","noticia","type-noticia","status-publish","has-post-thumbnail","hentry"],"yoast_head":"<!-- This site is optimized with the Yoast SEO plugin v22.0 - https:\/\/yoast.com\/wordpress\/plugins\/seo\/ -->\n<title>S\u00e1bado de Fan Zone, Rojo Giron\u00ed y FontaShow - Basquet Girona<\/title>\n<meta name=\"robots\" content=\"index, follow, max-snippet:-1, max-image-preview:large, max-video-preview:-1\" \/>\n<link rel=\"canonical\" href=\"https:\/\/basquetgirona.com\/es\/noticia\/sabado-de-fan-zone-rojo-gironi-y-fontashow\/\" \/>\n<meta property=\"og:locale\" content=\"es_ES\" \/>\n<meta property=\"og:type\" content=\"article\" \/>\n<meta property=\"og:title\" content=\"S\u00e1bado de Fan Zone, Rojo Giron\u00ed y FontaShow - Basquet Girona\" \/>\n<meta property=\"og:description\" content=\"El Club ha vivido una temporada en la que la afici\u00f3n ha estado m\u00e1s presente que nunca en Fontajau, una respuesta que va m\u00e1s all\u00e1 de los resultados deportivos. La gran asistencia de p\u00fablico, jornada a jornada, fue una de las claves del \u00e9xito de la temporada. Esta respuesta de la afici\u00f3n nos motiva a [&hellip;]\" \/>\n<meta property=\"og:url\" content=\"https:\/\/basquetgirona.com\/es\/noticia\/sabado-de-fan-zone-rojo-gironi-y-fontashow\/\" \/>\n<meta property=\"og:site_name\" content=\"Basquet Girona\" \/>\n<meta property=\"article:publisher\" content=\"https:\/\/www.facebook.com\/BasquetGironaOficial\" \/>\n<meta property=\"article:modified_time\" content=\"2025-10-03T18:46:35+00:00\" \/>\n<meta property=\"og:image\" content=\"https:\/\/basquetgirona.com\/wp-content\/uploads\/2025\/04\/DSC2096-Mejorado-NR-1-1-scaled.webp\" \/>\n\t<meta property=\"og:image:width\" content=\"1920\" \/>\n\t<meta property=\"og:image:height\" content=\"1280\" \/>\n\t<meta property=\"og:image:type\" content=\"image\/jpeg\" \/>\n<meta name=\"twitter:card\" content=\"summary_large_image\" \/>\n<meta name=\"twitter:site\" content=\"@BasquetGirona\" \/>\n<meta name=\"twitter:label1\" content=\"Tiempo de lectura\" \/>\n\t<meta name=\"twitter:data1\" content=\"4 minutos\" \/>\n<!-- \/ Yoast SEO plugin. -->","yoast_head_json":{"title":"S\u00e1bado de Fan Zone, Rojo Giron\u00ed y FontaShow - Basquet Girona","robots":{"index":"index","follow":"follow","max-snippet":"max-snippet:-1","max-image-preview":"max-image-preview:large","max-video-preview":"max-video-preview:-1"},"canonical":"https:\/\/basquetgirona.com\/es\/noticia\/sabado-de-fan-zone-rojo-gironi-y-fontashow\/","og_locale":"es_ES","og_type":"article","og_title":"S\u00e1bado de Fan Zone, Rojo Giron\u00ed y FontaShow - Basquet Girona","og_description":"El Club ha vivido una temporada en la que la afici\u00f3n ha estado m\u00e1s presente que nunca en Fontajau, una respuesta que va m\u00e1s all\u00e1 de los resultados deportivos. La gran asistencia de p\u00fablico, jornada a jornada, fue una de las claves del \u00e9xito de la temporada. Esta respuesta de la afici\u00f3n nos motiva a [&hellip;]","og_url":"https:\/\/basquetgirona.com\/es\/noticia\/sabado-de-fan-zone-rojo-gironi-y-fontashow\/","og_site_name":"Basquet Girona","article_publisher":"https:\/\/www.facebook.com\/BasquetGironaOficial","article_modified_time":"2025-10-03T18:46:35+00:00","og_image":[{"width":1920,"height":1280,"url":"https:\/\/basquetgirona.com\/wp-content\/uploads\/2025\/04\/DSC2096-Mejorado-NR-1-1-scaled.webp","type":"image\/jpeg"}],"twitter_card":"summary_large_image","twitter_site":"@BasquetGirona","twitter_misc":{"Tiempo de lectura":"4 minutos"},"schema":{"@context":"https:\/\/schema.org","@graph":[{"@type":"NewsArticle","@id":"https:\/\/basquetgirona.com\/es\/noticia\/sabado-de-fan-zone-rojo-gironi-y-fontashow\/#article","isPartOf":{"@id":"https:\/\/basquetgirona.com\/es\/noticia\/sabado-de-fan-zone-rojo-gironi-y-fontashow\/"},"author":{"name":"Pau De Castro","@id":"https:\/\/basquetgirona.com\/es\/#\/schema\/person\/9196efe7de3d62004e09ea79cd72b8d5"},"headline":"S\u00e1bado de Fan Zone, Rojo Giron\u00ed y FontaShow","datePublished":"2025-04-09T10:38:56+00:00","dateModified":"2025-10-03T18:46:35+00:00","mainEntityOfPage":{"@id":"https:\/\/basquetgirona.com\/es\/noticia\/sabado-de-fan-zone-rojo-gironi-y-fontashow\/"},"wordCount":604,"publisher":{"@id":"https:\/\/basquetgirona.com\/es\/#organization"},"inLanguage":"es"},{"@type":["WebPage","ItemPage"],"@id":"https:\/\/basquetgirona.com\/es\/noticia\/sabado-de-fan-zone-rojo-gironi-y-fontashow\/","url":"https:\/\/basquetgirona.com\/es\/noticia\/sabado-de-fan-zone-rojo-gironi-y-fontashow\/","name":"S\u00e1bado de Fan Zone, Rojo Giron\u00ed y FontaShow - Basquet Girona","isPartOf":{"@id":"https:\/\/basquetgirona.com\/es\/#website"},"datePublished":"2025-04-09T10:38:56+00:00","dateModified":"2025-10-03T18:46:35+00:00","breadcrumb":{"@id":"https:\/\/basquetgirona.com\/es\/noticia\/sabado-de-fan-zone-rojo-gironi-y-fontashow\/#breadcrumb"},"inLanguage":"es","potentialAction":[{"@type":"ReadAction","target":["https:\/\/basquetgirona.com\/es\/noticia\/sabado-de-fan-zone-rojo-gironi-y-fontashow\/"]}]},{"@type":"BreadcrumbList","@id":"https:\/\/basquetgirona.com\/es\/noticia\/sabado-de-fan-zone-rojo-gironi-y-fontashow\/#breadcrumb","itemListElement":[{"@type":"ListItem","position":1,"name":"Inici","item":"https:\/\/basquetgirona.com\/es\/"},{"@type":"ListItem","position":2,"name":"S\u00e1bado de Fan Zone, Rojo Giron\u00ed y FontaShow"}]},{"@type":"WebSite","@id":"https:\/\/basquetgirona.com\/es\/#website","url":"https:\/\/basquetgirona.com\/es\/","name":"Basquet Girona","description":"","publisher":{"@id":"https:\/\/basquetgirona.com\/es\/#organization"},"potentialAction":[{"@type":"SearchAction","target":{"@type":"EntryPoint","urlTemplate":"https:\/\/basquetgirona.com\/es\/?s={search_term_string}"},"query-input":"required name=search_term_string"}],"inLanguage":"es"},{"@type":"Organization","@id":"https:\/\/basquetgirona.com\/es\/#organization","name":"Basquet Girona","url":"https:\/\/basquetgirona.com\/es\/","logo":{"@type":"ImageObject","inLanguage":"es","@id":"https:\/\/basquetgirona.com\/es\/#\/schema\/logo\/image\/","url":"https:\/\/basquetgirona.com\/wp-content\/uploads\/2023\/02\/girona-logo1.png","contentUrl":"https:\/\/basquetgirona.com\/wp-content\/uploads\/2023\/02\/girona-logo1.png","width":124,"height":136,"caption":"Basquet Girona"},"image":{"@id":"https:\/\/basquetgirona.com\/es\/#\/schema\/logo\/image\/"},"sameAs":["https:\/\/www.facebook.com\/BasquetGironaOficial","https:\/\/twitter.com\/BasquetGirona","https:\/\/www.instagram.com\/basquetgirona\/","https:\/\/es.linkedin.com\/company\/bsquet-girona","https:\/\/www.tiktok.com\/@basquetgirona"]},{"@type":"Person","@id":"https:\/\/basquetgirona.com\/es\/#\/schema\/person\/9196efe7de3d62004e09ea79cd72b8d5","name":"Pau De Castro","image":{"@type":"ImageObject","inLanguage":"es","@id":"https:\/\/basquetgirona.com\/es\/#\/schema\/person\/image\/","url":"https:\/\/secure.gravatar.com\/avatar\/311a301e125ef9f088e17c727474e75fb5b82151095ccfc4b6e27ae4855b5814?s=96&d=mm&r=g","contentUrl":"https:\/\/secure.gravatar.com\/avatar\/311a301e125ef9f088e17c727474e75fb5b82151095ccfc4b6e27ae4855b5814?s=96&d=mm&r=g","caption":"Pau De Castro"},"url":"https:\/\/basquetgirona.com\/es\/author\/pdcastro\/"}]}},"acf":[],"_links":{"self":[{"href":"https:\/\/basquetgirona.com\/es\/wp-json\/wp\/v2\/noticia\/47608","targetHints":{"allow":["GET"]}}],"collection":[{"href":"https:\/\/basquetgirona.com\/es\/wp-json\/wp\/v2\/noticia"}],"about":[{"href":"https:\/\/basquetgirona.com\/es\/wp-json\/wp\/v2\/types\/noticia"}],"author":[{"embeddable":true,"href":"https:\/\/basquetgirona.com\/es\/wp-json\/wp\/v2\/users\/4"}],"version-history":[{"count":3,"href":"https:\/\/basquetgirona.com\/es\/wp-json\/wp\/v2\/noticia\/47608\/revisions"}],"predecessor-version":[{"id":54943,"href":"https:\/\/basquetgirona.com\/es\/wp-json\/wp\/v2\/noticia\/47608\/revisions\/54943"}],"wp:featuredmedia":[{"embeddable":true,"href":"https:\/\/basquetgirona.com\/es\/wp-json\/wp\/v2\/media\/47606"}],"wp:attachment":[{"href":"https:\/\/basquetgirona.com\/es\/wp-json\/wp\/v2\/media?parent=47608"}],"wp:term":[{"taxonomy":"categoria_noticia","embeddable":true,"href":"https:\/\/basquetgirona.com\/es\/wp-json\/wp\/v2\/categoria_noticia?post=47608"}],"curies":[{"name":"wp","href":"https:\/\/api.w.org\/{rel}","templated":true}]}}