{"id":47847,"date":"2025-04-24T13:10:09","date_gmt":"2025-04-24T13:10:09","guid":{"rendered":"https:\/\/basquetgirona.com\/noticia\/nueva-equipacion-fluor-special-edition\/"},"modified":"2025-10-03T18:47:05","modified_gmt":"2025-10-03T18:47:05","slug":"nueva-equipacion-fluor-special-edition","status":"publish","type":"noticia","link":"https:\/\/basquetgirona.com\/es\/noticia\/nueva-equipacion-fluor-special-edition\/","title":{"rendered":"Ya disponible la nueva equipaci\u00f3n Fluor Special Edition"},"content":{"rendered":"\n<p>La nueva edici\u00f3n limitada del B\u00e0squet Girona, incorpora elementos fluorescentes en la tercera equipaci\u00f3n de juego. La nueva prenda de colecci\u00f3n tiene aditivos fluorescentes en la parte frontal y posterior del producto. La edici\u00f3n limitada s\u00f3lo est\u00e1 disponible en corte adulto con la opci\u00f3n de personalizarla. Aprovecha el momento y consigue una camiseta \u00fanica.   <\/p>\n\n<p>El primer equipo vestir\u00e1 la camiseta de edici\u00f3n \u00fanica en el partido ante el Real Madrid en Fontajau (domingo 27 \/ 12:30). Posteriormente, las camisetas del partido se podr\u00e1n adquirir mediante una rifa en la plataforma de Overgie. No esperes a la rifa de Overgie y consigue ya tu camiseta en la <a href=\"https:\/\/botiga.basquetgirona.com\/?srsltid=AfmBOopwfsxfcCV-yaymH9LWVHSLEjkDnehFNlv4NJO3Q6dIi1ln01wu\">tienda online del Baloncesto Girona<\/a> .  <\/p>\n\n<figure class=\"wp-block-embed is-type-video is-provider-youtube wp-block-embed-youtube wp-embed-aspect-16-9 wp-has-aspect-ratio\"><div class=\"wp-block-embed__wrapper\">\n<iframe loading=\"lazy\" title=\"\ud83c\udd95\ud83c\udfbd Arriba la nova equipaci\u00f3 exclusiva \u2728 \ud835\udc05\ud835\udc0b\ud835\udc14\ud835\udc0e\ud835\udc11 \ud835\udc12\ud835\udc0f\ud835\udc04\ud835\udc02\ud835\udc08\ud835\udc00\ud835\udc0b \ud835\udc04\ud835\udc03\ud835\udc08\ud835\udc13\ud835\udc08\ud835\udc0e\ud835\udc0d \u2728\" width=\"500\" height=\"281\" src=\"https:\/\/www.youtube.com\/embed\/timxoOnYQCM?feature=oembed\" frameborder=\"0\" allow=\"accelerometer; autoplay; clipboard-write; encrypted-media; gyroscope; picture-in-picture; web-share\" referrerpolicy=\"strict-origin-when-cross-origin\" allowfullscreen><\/iframe>\n<\/div><\/figure>\n","protected":false},"excerpt":{"rendered":"<p>La nueva edici\u00f3n limitada del B\u00e0squet Girona, incorpora elementos fluorescentes en la tercera equipaci\u00f3n de juego. La nueva prenda de colecci\u00f3n tiene aditivos fluorescentes en la parte frontal y posterior del producto. La edici\u00f3n limitada s\u00f3lo est\u00e1 disponible en corte adulto con la opci\u00f3n de personalizarla. Aprovecha el momento y consigue una camiseta \u00fanica. El [&hellip;]<\/p>\n","protected":false},"author":4,"featured_media":47802,"menu_order":0,"template":"","categoria_noticia":[],"class_list":["post-47847","noticia","type-noticia","status-publish","has-post-thumbnail","hentry"],"yoast_head":"<!-- This site is optimized with the Yoast SEO plugin v22.0 - https:\/\/yoast.com\/wordpress\/plugins\/seo\/ -->\n<title>Ya disponible la nueva equipaci\u00f3n Fluor Special Edition - Basquet Girona<\/title>\n<meta name=\"description\" content=\"El B\u00e0squet Girona estrena una nueva colecci\u00f3n de edici\u00f3n limitada con aditivos fluorescentes en la tercera equipaci\u00f3n.\" \/>\n<meta name=\"robots\" content=\"index, follow, max-snippet:-1, max-image-preview:large, max-video-preview:-1\" \/>\n<link rel=\"canonical\" href=\"https:\/\/basquetgirona.com\/es\/noticia\/nueva-equipacion-fluor-special-edition\/\" \/>\n<meta property=\"og:locale\" content=\"es_ES\" \/>\n<meta property=\"og:type\" content=\"article\" \/>\n<meta property=\"og:title\" content=\"Ya disponible la nueva equipaci\u00f3n Fluor Special Edition - Basquet Girona\" \/>\n<meta property=\"og:description\" content=\"El B\u00e0squet Girona estrena una nueva colecci\u00f3n de edici\u00f3n limitada con aditivos fluorescentes en la tercera equipaci\u00f3n.\" \/>\n<meta property=\"og:url\" content=\"https:\/\/basquetgirona.com\/es\/noticia\/nueva-equipacion-fluor-special-edition\/\" \/>\n<meta property=\"og:site_name\" content=\"Basquet Girona\" \/>\n<meta property=\"article:publisher\" content=\"https:\/\/www.facebook.com\/BasquetGironaOficial\" \/>\n<meta property=\"article:modified_time\" content=\"2025-10-03T18:47:05+00:00\" \/>\n<meta property=\"og:image\" content=\"https:\/\/basquetgirona.com\/wp-content\/uploads\/2025\/04\/DSC9016-Mejorado-NR-scaled.webp\" \/>\n\t<meta property=\"og:image:width\" content=\"1920\" \/>\n\t<meta property=\"og:image:height\" content=\"1280\" \/>\n\t<meta property=\"og:image:type\" content=\"image\/webp\" \/>\n<meta name=\"twitter:card\" content=\"summary_large_image\" \/>\n<meta name=\"twitter:site\" content=\"@BasquetGirona\" \/>\n<meta name=\"twitter:label1\" content=\"Tiempo de lectura\" \/>\n\t<meta name=\"twitter:data1\" content=\"1 minuto\" \/>\n<!-- \/ Yoast SEO plugin. -->","yoast_head_json":{"title":"Ya disponible la nueva equipaci\u00f3n Fluor Special Edition - Basquet Girona","description":"El B\u00e0squet Girona estrena una nueva colecci\u00f3n de edici\u00f3n limitada con aditivos fluorescentes en la tercera equipaci\u00f3n.","robots":{"index":"index","follow":"follow","max-snippet":"max-snippet:-1","max-image-preview":"max-image-preview:large","max-video-preview":"max-video-preview:-1"},"canonical":"https:\/\/basquetgirona.com\/es\/noticia\/nueva-equipacion-fluor-special-edition\/","og_locale":"es_ES","og_type":"article","og_title":"Ya disponible la nueva equipaci\u00f3n Fluor Special Edition - Basquet Girona","og_description":"El B\u00e0squet Girona estrena una nueva colecci\u00f3n de edici\u00f3n limitada con aditivos fluorescentes en la tercera equipaci\u00f3n.","og_url":"https:\/\/basquetgirona.com\/es\/noticia\/nueva-equipacion-fluor-special-edition\/","og_site_name":"Basquet Girona","article_publisher":"https:\/\/www.facebook.com\/BasquetGironaOficial","article_modified_time":"2025-10-03T18:47:05+00:00","og_image":[{"width":1920,"height":1280,"url":"https:\/\/basquetgirona.com\/wp-content\/uploads\/2025\/04\/DSC9016-Mejorado-NR-scaled.webp","type":"image\/webp"}],"twitter_card":"summary_large_image","twitter_site":"@BasquetGirona","twitter_misc":{"Tiempo de lectura":"1 minuto"},"schema":{"@context":"https:\/\/schema.org","@graph":[{"@type":"NewsArticle","@id":"https:\/\/basquetgirona.com\/es\/noticia\/nueva-equipacion-fluor-special-edition\/#article","isPartOf":{"@id":"https:\/\/basquetgirona.com\/es\/noticia\/nueva-equipacion-fluor-special-edition\/"},"author":{"name":"Pau De Castro","@id":"https:\/\/basquetgirona.com\/es\/#\/schema\/person\/9196efe7de3d62004e09ea79cd72b8d5"},"headline":"Ya disponible la nueva equipaci\u00f3n Fluor Special Edition","datePublished":"2025-04-24T13:10:09+00:00","dateModified":"2025-10-03T18:47:05+00:00","mainEntityOfPage":{"@id":"https:\/\/basquetgirona.com\/es\/noticia\/nueva-equipacion-fluor-special-edition\/"},"wordCount":131,"publisher":{"@id":"https:\/\/basquetgirona.com\/es\/#organization"},"inLanguage":"es"},{"@type":["WebPage","ItemPage"],"@id":"https:\/\/basquetgirona.com\/es\/noticia\/nueva-equipacion-fluor-special-edition\/","url":"https:\/\/basquetgirona.com\/es\/noticia\/nueva-equipacion-fluor-special-edition\/","name":"Ya disponible la nueva equipaci\u00f3n Fluor Special Edition - Basquet Girona","isPartOf":{"@id":"https:\/\/basquetgirona.com\/es\/#website"},"datePublished":"2025-04-24T13:10:09+00:00","dateModified":"2025-10-03T18:47:05+00:00","description":"El B\u00e0squet Girona estrena una nueva colecci\u00f3n de edici\u00f3n limitada con aditivos fluorescentes en la tercera equipaci\u00f3n.","breadcrumb":{"@id":"https:\/\/basquetgirona.com\/es\/noticia\/nueva-equipacion-fluor-special-edition\/#breadcrumb"},"inLanguage":"es","potentialAction":[{"@type":"ReadAction","target":["https:\/\/basquetgirona.com\/es\/noticia\/nueva-equipacion-fluor-special-edition\/"]}]},{"@type":"BreadcrumbList","@id":"https:\/\/basquetgirona.com\/es\/noticia\/nueva-equipacion-fluor-special-edition\/#breadcrumb","itemListElement":[{"@type":"ListItem","position":1,"name":"Inici","item":"https:\/\/basquetgirona.com\/es\/"},{"@type":"ListItem","position":2,"name":"Ya disponible la nueva equipaci\u00f3n Fluor Special Edition"}]},{"@type":"WebSite","@id":"https:\/\/basquetgirona.com\/es\/#website","url":"https:\/\/basquetgirona.com\/es\/","name":"Basquet Girona","description":"","publisher":{"@id":"https:\/\/basquetgirona.com\/es\/#organization"},"potentialAction":[{"@type":"SearchAction","target":{"@type":"EntryPoint","urlTemplate":"https:\/\/basquetgirona.com\/es\/?s={search_term_string}"},"query-input":"required name=search_term_string"}],"inLanguage":"es"},{"@type":"Organization","@id":"https:\/\/basquetgirona.com\/es\/#organization","name":"Basquet Girona","url":"https:\/\/basquetgirona.com\/es\/","logo":{"@type":"ImageObject","inLanguage":"es","@id":"https:\/\/basquetgirona.com\/es\/#\/schema\/logo\/image\/","url":"https:\/\/basquetgirona.com\/wp-content\/uploads\/2023\/02\/girona-logo1.png","contentUrl":"https:\/\/basquetgirona.com\/wp-content\/uploads\/2023\/02\/girona-logo1.png","width":124,"height":136,"caption":"Basquet Girona"},"image":{"@id":"https:\/\/basquetgirona.com\/es\/#\/schema\/logo\/image\/"},"sameAs":["https:\/\/www.facebook.com\/BasquetGironaOficial","https:\/\/twitter.com\/BasquetGirona","https:\/\/www.instagram.com\/basquetgirona\/","https:\/\/es.linkedin.com\/company\/bsquet-girona","https:\/\/www.tiktok.com\/@basquetgirona"]},{"@type":"Person","@id":"https:\/\/basquetgirona.com\/es\/#\/schema\/person\/9196efe7de3d62004e09ea79cd72b8d5","name":"Pau De Castro","image":{"@type":"ImageObject","inLanguage":"es","@id":"https:\/\/basquetgirona.com\/es\/#\/schema\/person\/image\/","url":"https:\/\/secure.gravatar.com\/avatar\/311a301e125ef9f088e17c727474e75fb5b82151095ccfc4b6e27ae4855b5814?s=96&d=mm&r=g","contentUrl":"https:\/\/secure.gravatar.com\/avatar\/311a301e125ef9f088e17c727474e75fb5b82151095ccfc4b6e27ae4855b5814?s=96&d=mm&r=g","caption":"Pau De Castro"},"url":"https:\/\/basquetgirona.com\/es\/author\/pdcastro\/"}]}},"acf":[],"_links":{"self":[{"href":"https:\/\/basquetgirona.com\/es\/wp-json\/wp\/v2\/noticia\/47847","targetHints":{"allow":["GET"]}}],"collection":[{"href":"https:\/\/basquetgirona.com\/es\/wp-json\/wp\/v2\/noticia"}],"about":[{"href":"https:\/\/basquetgirona.com\/es\/wp-json\/wp\/v2\/types\/noticia"}],"author":[{"embeddable":true,"href":"https:\/\/basquetgirona.com\/es\/wp-json\/wp\/v2\/users\/4"}],"version-history":[{"count":7,"href":"https:\/\/basquetgirona.com\/es\/wp-json\/wp\/v2\/noticia\/47847\/revisions"}],"predecessor-version":[{"id":54969,"href":"https:\/\/basquetgirona.com\/es\/wp-json\/wp\/v2\/noticia\/47847\/revisions\/54969"}],"wp:featuredmedia":[{"embeddable":true,"href":"https:\/\/basquetgirona.com\/es\/wp-json\/wp\/v2\/media\/47802"}],"wp:attachment":[{"href":"https:\/\/basquetgirona.com\/es\/wp-json\/wp\/v2\/media?parent=47847"}],"wp:term":[{"taxonomy":"categoria_noticia","embeddable":true,"href":"https:\/\/basquetgirona.com\/es\/wp-json\/wp\/v2\/categoria_noticia?post=47847"}],"curies":[{"name":"wp","href":"https:\/\/api.w.org\/{rel}","templated":true}]}}