{"id":48874,"date":"2025-07-08T10:03:49","date_gmt":"2025-07-08T10:03:49","guid":{"rendered":"https:\/\/basquetgirona.com\/noticia\/derek-needham-nuevo-jugador-del-baloncesto-girona\/"},"modified":"2025-10-03T18:49:40","modified_gmt":"2025-10-03T18:49:40","slug":"derek-needham-nuevo-jugador-del-baloncesto-girona","status":"publish","type":"noticia","link":"https:\/\/basquetgirona.com\/es\/noticia\/derek-needham-nuevo-jugador-del-baloncesto-girona\/","title":{"rendered":"Derek Needham, nuevo jugador del Baloncesto Girona"},"content":{"rendered":"\n<p>Derek Rayan Needham (Dolton, Illinois; 20\/10\/1990) es nuevo jugador del Baloncesto Girona para la pr\u00f3xima temporada. El combo montenegrino, de 1,80 metros de altura, llega procedente del Besiktas SJ, equipo con el que ha disputado las dos \u00faltimas temporadas en la liga turca. <\/p>\n\n<p>Needham inici\u00f3 su trayectoria en el mundo del baloncesto en el instituto De La Salle (Illinois), y posteriormente jug\u00f3 en la Universidad de Fairfield (Fairfield Stags) de 2009 a 2013. En su \u00faltima temporada universitaria promedi\u00f3 14,7 puntos por media con 3,2 rebotes y 3 78,3% en tiros libres y un 39,6% en tiros de campo. <\/p>\n\n<p>Tras su etapa universitaria, empez\u00f3 su carrera profesional en Europa, donde ha jugado en varios equipos: \u0160iauliai (Lituania), Khimik Yuzhny (Ucrania), Braunschweig (Alemania), Reggio Emilia (Italia), Mornar-Barsko Zlato (Montenegro), AS Monaco (Vania), AS Monaco (Francia), (Turqu\u00eda) y Besiktas SJ (Turqu\u00eda).<\/p>\n\n<p>Needham tambi\u00e9n tiene experiencia en competiciones europeas. Con el Mornar-Barsko Zlato disput\u00f3 la Basketball Champions League (fase de clasificaci\u00f3n) y la FIBA \u200b\u200bEurope Cup durante las temporadas 2017\/18 y 2019\/20, as\u00ed como el Euroocup en la temporada 2020\/21. Con el AS Monaco particip\u00f3 en la Eurocup en la temporada 2018\/19, y con el Bursaspor jug\u00f3 dos temporadas en la Eurocup (2021\/22 y 2022\/23); en la primera, el equipo lleg\u00f3 a la final, que perdieron contra la Virtus Bologna. Con el Be\u015fikta\u015f SJ tambi\u00e9n disput\u00f3 esta competici\u00f3n en las dos \u00faltimas temporadas: en la primera llegaron a las semifinales, y en la segunda fueron eliminados en los octavos de final.   <\/p>\n\n<p>En su \u00faltima temporada antes de llegar al B\u00e0squet Girona, con el Besiktas SJ, disput\u00f3 27 partidos en la liga turca, con una media de 14 puntos, 2,4 rebotes y 3,4 asistencias por partido, con un 75,8% en tiros libres y un 40,8% en tiros de 3 puntos. Durante los play-offs, en los que el equipo qued\u00f3 subcampe\u00f3n liguero, increment\u00f3 sus prestaciones, alcanzando 18,2 puntos, 1,4 rebotes y 4,6 asistencias en 30,6 minutos por partido (5 partidos). Tambi\u00e9n particip\u00f3 en la Eurocup, donde registr\u00f3 9,6 puntos, 2,5 rebotes y 2,7 \u200b\u200basistencias en 23,8 minutos de media en 19 partidos disputados.  <\/p>\n\n<p>Derek Needham ha jugado 20 partidos oficiales con la selecci\u00f3n de Montenegro, entre partidos de clasificaci\u00f3n para el Eurobasket (2016\/17) y para el Mundial (2017\/18 y 2018\/19). Tambi\u00e9n particip\u00f3 en el Mundial de China de 2019, donde Espa\u00f1a se proclam\u00f3 campeona. <\/p>\n\n<p><strong>Declaraciones de Fernando San Emeterio, director deportivo:  <\/strong>&#8220;Derek es un jugador con una amplia experiencia en Europa, absolutamente contrastado, y viene de hacer muy buenas temporadas en Turqu\u00eda. M\u00e1s all\u00e1 de sus cualidades t\u00e9cnicas, creo que lo que m\u00e1s debemos valorar \u2014y lo que m\u00e1s tuvimos en cuenta a la hora de tomar la decisi\u00f3n\u2014 es su car\u00e1cter ganador y la forma en que lo transmite a los equipos donde ha jugado. Turqu\u00eda, y el ejemplo m\u00e1s reciente lo tenemos este a\u00f1o con el Besiktas, donde eliminaron a las semifinales a todo un Anadolu Efes y disputaron la final. Tiene ese car\u00e1cter, esta experiencia.<\/p>\n","protected":false},"excerpt":{"rendered":"<p>Derek Rayan Needham (Dolton, Illinois; 20\/10\/1990) es nuevo jugador del Baloncesto Girona para la pr\u00f3xima temporada. El combo montenegrino, de 1,80 metros de altura, llega procedente del Besiktas SJ, equipo con el que ha disputado las dos \u00faltimas temporadas en la liga turca. Needham inici\u00f3 su trayectoria en el mundo del baloncesto en el instituto [&hellip;]<\/p>\n","protected":false},"author":4,"featured_media":48871,"menu_order":0,"template":"","categoria_noticia":[190],"class_list":["post-48874","noticia","type-noticia","status-publish","has-post-thumbnail","hentry","categoria_noticia-equipos"],"yoast_head":"<!-- This site is optimized with the Yoast SEO plugin v22.0 - https:\/\/yoast.com\/wordpress\/plugins\/seo\/ -->\n<title>Derek Needham, nuevo jugador del Baloncesto Girona - Basquet Girona<\/title>\n<meta name=\"robots\" content=\"index, follow, max-snippet:-1, max-image-preview:large, max-video-preview:-1\" \/>\n<link rel=\"canonical\" href=\"https:\/\/basquetgirona.com\/es\/noticia\/derek-needham-nuevo-jugador-del-baloncesto-girona\/\" \/>\n<meta property=\"og:locale\" content=\"es_ES\" \/>\n<meta property=\"og:type\" content=\"article\" \/>\n<meta property=\"og:title\" content=\"Derek Needham, nuevo jugador del Baloncesto Girona - Basquet Girona\" \/>\n<meta property=\"og:description\" content=\"Derek Rayan Needham (Dolton, Illinois; 20\/10\/1990) es nuevo jugador del Baloncesto Girona para la pr\u00f3xima temporada. El combo montenegrino, de 1,80 metros de altura, llega procedente del Besiktas SJ, equipo con el que ha disputado las dos \u00faltimas temporadas en la liga turca. Needham inici\u00f3 su trayectoria en el mundo del baloncesto en el instituto [&hellip;]\" \/>\n<meta property=\"og:url\" content=\"https:\/\/basquetgirona.com\/es\/noticia\/derek-needham-nuevo-jugador-del-baloncesto-girona\/\" \/>\n<meta property=\"og:site_name\" content=\"Basquet Girona\" \/>\n<meta property=\"article:publisher\" content=\"https:\/\/www.facebook.com\/BasquetGironaOficial\" \/>\n<meta property=\"article:modified_time\" content=\"2025-10-03T18:49:40+00:00\" \/>\n<meta property=\"og:image\" content=\"https:\/\/basquetgirona.com\/wp-content\/uploads\/2025\/07\/derekweb.webp\" \/>\n\t<meta property=\"og:image:width\" content=\"1080\" \/>\n\t<meta property=\"og:image:height\" content=\"648\" \/>\n\t<meta property=\"og:image:type\" content=\"image\/jpeg\" \/>\n<meta name=\"twitter:card\" content=\"summary_large_image\" \/>\n<meta name=\"twitter:site\" content=\"@BasquetGirona\" \/>\n<meta name=\"twitter:label1\" content=\"Tiempo de lectura\" \/>\n\t<meta name=\"twitter:data1\" content=\"3 minutos\" \/>\n<!-- \/ Yoast SEO plugin. -->","yoast_head_json":{"title":"Derek Needham, nuevo jugador del Baloncesto Girona - Basquet Girona","robots":{"index":"index","follow":"follow","max-snippet":"max-snippet:-1","max-image-preview":"max-image-preview:large","max-video-preview":"max-video-preview:-1"},"canonical":"https:\/\/basquetgirona.com\/es\/noticia\/derek-needham-nuevo-jugador-del-baloncesto-girona\/","og_locale":"es_ES","og_type":"article","og_title":"Derek Needham, nuevo jugador del Baloncesto Girona - Basquet Girona","og_description":"Derek Rayan Needham (Dolton, Illinois; 20\/10\/1990) es nuevo jugador del Baloncesto Girona para la pr\u00f3xima temporada. El combo montenegrino, de 1,80 metros de altura, llega procedente del Besiktas SJ, equipo con el que ha disputado las dos \u00faltimas temporadas en la liga turca. Needham inici\u00f3 su trayectoria en el mundo del baloncesto en el instituto [&hellip;]","og_url":"https:\/\/basquetgirona.com\/es\/noticia\/derek-needham-nuevo-jugador-del-baloncesto-girona\/","og_site_name":"Basquet Girona","article_publisher":"https:\/\/www.facebook.com\/BasquetGironaOficial","article_modified_time":"2025-10-03T18:49:40+00:00","og_image":[{"width":1080,"height":648,"url":"https:\/\/basquetgirona.com\/wp-content\/uploads\/2025\/07\/derekweb.webp","type":"image\/jpeg"}],"twitter_card":"summary_large_image","twitter_site":"@BasquetGirona","twitter_misc":{"Tiempo de lectura":"3 minutos"},"schema":{"@context":"https:\/\/schema.org","@graph":[{"@type":"NewsArticle","@id":"https:\/\/basquetgirona.com\/es\/noticia\/derek-needham-nuevo-jugador-del-baloncesto-girona\/#article","isPartOf":{"@id":"https:\/\/basquetgirona.com\/es\/noticia\/derek-needham-nuevo-jugador-del-baloncesto-girona\/"},"author":{"name":"Pau De Castro","@id":"https:\/\/basquetgirona.com\/es\/#\/schema\/person\/9196efe7de3d62004e09ea79cd72b8d5"},"headline":"Derek Needham, nuevo jugador del Baloncesto Girona","datePublished":"2025-07-08T10:03:49+00:00","dateModified":"2025-10-03T18:49:40+00:00","mainEntityOfPage":{"@id":"https:\/\/basquetgirona.com\/es\/noticia\/derek-needham-nuevo-jugador-del-baloncesto-girona\/"},"wordCount":489,"publisher":{"@id":"https:\/\/basquetgirona.com\/es\/#organization"},"inLanguage":"es"},{"@type":["WebPage","ItemPage"],"@id":"https:\/\/basquetgirona.com\/es\/noticia\/derek-needham-nuevo-jugador-del-baloncesto-girona\/","url":"https:\/\/basquetgirona.com\/es\/noticia\/derek-needham-nuevo-jugador-del-baloncesto-girona\/","name":"Derek Needham, nuevo jugador del Baloncesto Girona - Basquet Girona","isPartOf":{"@id":"https:\/\/basquetgirona.com\/es\/#website"},"datePublished":"2025-07-08T10:03:49+00:00","dateModified":"2025-10-03T18:49:40+00:00","breadcrumb":{"@id":"https:\/\/basquetgirona.com\/es\/noticia\/derek-needham-nuevo-jugador-del-baloncesto-girona\/#breadcrumb"},"inLanguage":"es","potentialAction":[{"@type":"ReadAction","target":["https:\/\/basquetgirona.com\/es\/noticia\/derek-needham-nuevo-jugador-del-baloncesto-girona\/"]}]},{"@type":"BreadcrumbList","@id":"https:\/\/basquetgirona.com\/es\/noticia\/derek-needham-nuevo-jugador-del-baloncesto-girona\/#breadcrumb","itemListElement":[{"@type":"ListItem","position":1,"name":"Inici","item":"https:\/\/basquetgirona.com\/es\/"},{"@type":"ListItem","position":2,"name":"Derek Needham, nuevo jugador del Baloncesto Girona"}]},{"@type":"WebSite","@id":"https:\/\/basquetgirona.com\/es\/#website","url":"https:\/\/basquetgirona.com\/es\/","name":"Basquet Girona","description":"","publisher":{"@id":"https:\/\/basquetgirona.com\/es\/#organization"},"potentialAction":[{"@type":"SearchAction","target":{"@type":"EntryPoint","urlTemplate":"https:\/\/basquetgirona.com\/es\/?s={search_term_string}"},"query-input":"required name=search_term_string"}],"inLanguage":"es"},{"@type":"Organization","@id":"https:\/\/basquetgirona.com\/es\/#organization","name":"Basquet Girona","url":"https:\/\/basquetgirona.com\/es\/","logo":{"@type":"ImageObject","inLanguage":"es","@id":"https:\/\/basquetgirona.com\/es\/#\/schema\/logo\/image\/","url":"https:\/\/basquetgirona.com\/wp-content\/uploads\/2023\/02\/girona-logo1.png","contentUrl":"https:\/\/basquetgirona.com\/wp-content\/uploads\/2023\/02\/girona-logo1.png","width":124,"height":136,"caption":"Basquet Girona"},"image":{"@id":"https:\/\/basquetgirona.com\/es\/#\/schema\/logo\/image\/"},"sameAs":["https:\/\/www.facebook.com\/BasquetGironaOficial","https:\/\/twitter.com\/BasquetGirona","https:\/\/www.instagram.com\/basquetgirona\/","https:\/\/es.linkedin.com\/company\/bsquet-girona","https:\/\/www.tiktok.com\/@basquetgirona"]},{"@type":"Person","@id":"https:\/\/basquetgirona.com\/es\/#\/schema\/person\/9196efe7de3d62004e09ea79cd72b8d5","name":"Pau De Castro","image":{"@type":"ImageObject","inLanguage":"es","@id":"https:\/\/basquetgirona.com\/es\/#\/schema\/person\/image\/","url":"https:\/\/secure.gravatar.com\/avatar\/311a301e125ef9f088e17c727474e75fb5b82151095ccfc4b6e27ae4855b5814?s=96&d=mm&r=g","contentUrl":"https:\/\/secure.gravatar.com\/avatar\/311a301e125ef9f088e17c727474e75fb5b82151095ccfc4b6e27ae4855b5814?s=96&d=mm&r=g","caption":"Pau De Castro"},"url":"https:\/\/basquetgirona.com\/es\/author\/pdcastro\/"}]}},"acf":[],"_links":{"self":[{"href":"https:\/\/basquetgirona.com\/es\/wp-json\/wp\/v2\/noticia\/48874","targetHints":{"allow":["GET"]}}],"collection":[{"href":"https:\/\/basquetgirona.com\/es\/wp-json\/wp\/v2\/noticia"}],"about":[{"href":"https:\/\/basquetgirona.com\/es\/wp-json\/wp\/v2\/types\/noticia"}],"author":[{"embeddable":true,"href":"https:\/\/basquetgirona.com\/es\/wp-json\/wp\/v2\/users\/4"}],"version-history":[{"count":6,"href":"https:\/\/basquetgirona.com\/es\/wp-json\/wp\/v2\/noticia\/48874\/revisions"}],"predecessor-version":[{"id":55049,"href":"https:\/\/basquetgirona.com\/es\/wp-json\/wp\/v2\/noticia\/48874\/revisions\/55049"}],"wp:featuredmedia":[{"embeddable":true,"href":"https:\/\/basquetgirona.com\/es\/wp-json\/wp\/v2\/media\/48871"}],"wp:attachment":[{"href":"https:\/\/basquetgirona.com\/es\/wp-json\/wp\/v2\/media?parent=48874"}],"wp:term":[{"taxonomy":"categoria_noticia","embeddable":true,"href":"https:\/\/basquetgirona.com\/es\/wp-json\/wp\/v2\/categoria_noticia?post=48874"}],"curies":[{"name":"wp","href":"https:\/\/api.w.org\/{rel}","templated":true}]}}