{"id":53829,"date":"2025-09-18T12:23:45","date_gmt":"2025-09-18T12:23:45","guid":{"rendered":"https:\/\/basquetgirona.com\/noticia\/sergi-martinas-y-derek-capitanean-el-primer-equipo\/"},"modified":"2025-10-03T18:52:45","modified_gmt":"2025-10-03T18:52:45","slug":"sergi-martinas-y-derek-capitanean-el-primer-equipo","status":"publish","type":"noticia","link":"https:\/\/basquetgirona.com\/es\/noticia\/sergi-martinas-y-derek-capitanean-el-primer-equipo\/","title":{"rendered":"Sergi, Martinas y Derek capitanean el primer equipo"},"content":{"rendered":"\n<p class=\"wp-block-paragraph\">Ya se han confirmado los capitanes del primer equipo masculino del B\u00e0squet Girona para la temporada 2025\/26. Sergi Mart\u00ednez, Martinas Geben y Derek Needham han sido escogidos, por este orden, en una votaci\u00f3n realizada por el vestuario y el staff t\u00e9cnico. <\/p>\n\n<p class=\"wp-block-paragraph\">Sergi Mart\u00ednez seguir\u00e1 ejerciendo como primer capit\u00e1n en la que ser\u00e1 su tercera temporada en el club. Por su parte, Martinas Geben y Derek Needham son las novedades en el grupo de capitanes para esta nueva temporada.   <\/p>\n\n<p class=\"wp-block-paragraph\">Martinas Geben, en su segundo a\u00f1o en el equipo, se incorpora al grupo de capitanes consolidado como una de las voces m\u00e1s respetadas del vestuario. Por \u00faltimo, Derek Needham, reci\u00e9n llegado a Girona, se ha ganado r\u00e1pidamente la confianza de los compa\u00f1eros y del staff para completar el tridente de capitanes. <\/p>\n","protected":false},"excerpt":{"rendered":"<p>Ya se han confirmado los capitanes del primer equipo masculino del B\u00e0squet Girona para la temporada 2025\/26. Sergi Mart\u00ednez, Martinas Geben y Derek Needham han sido escogidos, por este orden, en una votaci\u00f3n realizada por el vestuario y el staff t\u00e9cnico. Sergi Mart\u00ednez seguir\u00e1 ejerciendo como primer capit\u00e1n en la que ser\u00e1 su tercera temporada [&hellip;]<\/p>\n","protected":false},"author":4,"featured_media":53818,"menu_order":0,"template":"","categoria_noticia":[],"class_list":["post-53829","noticia","type-noticia","status-publish","has-post-thumbnail","hentry"],"yoast_head":"<!-- This site is optimized with the Yoast SEO plugin v28.0 - https:\/\/yoast.com\/product\/yoast-seo-wordpress\/ -->\n<title>Sergi, Martinas y Derek capitanean el primer equipo - Basquet Girona<\/title>\n<meta name=\"robots\" content=\"index, follow, max-snippet:-1, max-image-preview:large, max-video-preview:-1\" \/>\n<link rel=\"canonical\" href=\"https:\/\/basquetgirona.com\/es\/noticia\/sergi-martinas-y-derek-capitanean-el-primer-equipo\/\" \/>\n<meta property=\"og:locale\" content=\"es_ES\" \/>\n<meta property=\"og:type\" content=\"article\" \/>\n<meta property=\"og:title\" content=\"Sergi, Martinas y Derek capitanean el primer equipo - Basquet Girona\" \/>\n<meta property=\"og:description\" content=\"Ya se han confirmado los capitanes del primer equipo masculino del B\u00e0squet Girona para la temporada 2025\/26. Sergi Mart\u00ednez, Martinas Geben y Derek Needham han sido escogidos, por este orden, en una votaci\u00f3n realizada por el vestuario y el staff t\u00e9cnico. Sergi Mart\u00ednez seguir\u00e1 ejerciendo como primer capit\u00e1n en la que ser\u00e1 su tercera temporada [&hellip;]\" \/>\n<meta property=\"og:url\" content=\"https:\/\/basquetgirona.com\/es\/noticia\/sergi-martinas-y-derek-capitanean-el-primer-equipo\/\" \/>\n<meta property=\"og:site_name\" content=\"Basquet Girona\" \/>\n<meta property=\"article:publisher\" content=\"https:\/\/www.facebook.com\/BasquetGironaOficial\" \/>\n<meta property=\"article:modified_time\" content=\"2025-10-03T18:52:45+00:00\" \/>\n<meta property=\"og:image\" content=\"https:\/\/basquetgirona.com\/wp-content\/uploads\/2025\/09\/DSC4836-1.webp\" \/>\n\t<meta property=\"og:image:width\" content=\"1650\" \/>\n\t<meta property=\"og:image:height\" content=\"990\" \/>\n\t<meta property=\"og:image:type\" content=\"image\/jpeg\" \/>\n<meta name=\"twitter:card\" content=\"summary_large_image\" \/>\n<meta name=\"twitter:site\" content=\"@BasquetGirona\" \/>\n<meta name=\"twitter:label1\" content=\"Tiempo de lectura\" \/>\n\t<meta name=\"twitter:data1\" content=\"1 minuto\" \/>\n<!-- \/ Yoast SEO plugin. -->","yoast_head_json":{"title":"Sergi, Martinas y Derek capitanean el primer equipo - Basquet Girona","robots":{"index":"index","follow":"follow","max-snippet":"max-snippet:-1","max-image-preview":"max-image-preview:large","max-video-preview":"max-video-preview:-1"},"canonical":"https:\/\/basquetgirona.com\/es\/noticia\/sergi-martinas-y-derek-capitanean-el-primer-equipo\/","og_locale":"es_ES","og_type":"article","og_title":"Sergi, Martinas y Derek capitanean el primer equipo - Basquet Girona","og_description":"Ya se han confirmado los capitanes del primer equipo masculino del B\u00e0squet Girona para la temporada 2025\/26. Sergi Mart\u00ednez, Martinas Geben y Derek Needham han sido escogidos, por este orden, en una votaci\u00f3n realizada por el vestuario y el staff t\u00e9cnico. Sergi Mart\u00ednez seguir\u00e1 ejerciendo como primer capit\u00e1n en la que ser\u00e1 su tercera temporada [&hellip;]","og_url":"https:\/\/basquetgirona.com\/es\/noticia\/sergi-martinas-y-derek-capitanean-el-primer-equipo\/","og_site_name":"Basquet Girona","article_publisher":"https:\/\/www.facebook.com\/BasquetGironaOficial","article_modified_time":"2025-10-03T18:52:45+00:00","og_image":[{"width":1650,"height":990,"url":"https:\/\/basquetgirona.com\/wp-content\/uploads\/2025\/09\/DSC4836-1.webp","type":"image\/jpeg"}],"twitter_card":"summary_large_image","twitter_site":"@BasquetGirona","twitter_misc":{"Tiempo de lectura":"1 minuto"},"schema":{"@context":"https:\/\/schema.org","@graph":[{"@type":"NewsArticle","@id":"https:\/\/basquetgirona.com\/es\/noticia\/sergi-martinas-y-derek-capitanean-el-primer-equipo\/#article","isPartOf":{"@id":"https:\/\/basquetgirona.com\/es\/noticia\/sergi-martinas-y-derek-capitanean-el-primer-equipo\/"},"author":{"name":"Pau De Castro","@id":"https:\/\/basquetgirona.com\/es\/#\/schema\/person\/9196efe7de3d62004e09ea79cd72b8d5"},"headline":"Sergi, Martinas y Derek capitanean el primer equipo","datePublished":"2025-09-18T12:23:45+00:00","dateModified":"2025-10-03T18:52:45+00:00","mainEntityOfPage":{"@id":"https:\/\/basquetgirona.com\/es\/noticia\/sergi-martinas-y-derek-capitanean-el-primer-equipo\/"},"wordCount":147,"publisher":{"@id":"https:\/\/basquetgirona.com\/es\/#organization"},"image":{"@id":"https:\/\/basquetgirona.com\/es\/noticia\/sergi-martinas-y-derek-capitanean-el-primer-equipo\/#primaryimage"},"thumbnailUrl":"https:\/\/basquetgirona.com\/wp-content\/uploads\/2025\/09\/DSC4836-1.webp","inLanguage":"es"},{"@type":["WebPage","ItemPage"],"@id":"https:\/\/basquetgirona.com\/es\/noticia\/sergi-martinas-y-derek-capitanean-el-primer-equipo\/","url":"https:\/\/basquetgirona.com\/es\/noticia\/sergi-martinas-y-derek-capitanean-el-primer-equipo\/","name":"Sergi, Martinas y Derek capitanean el primer equipo - Basquet Girona","isPartOf":{"@id":"https:\/\/basquetgirona.com\/es\/#website"},"primaryImageOfPage":{"@id":"https:\/\/basquetgirona.com\/es\/noticia\/sergi-martinas-y-derek-capitanean-el-primer-equipo\/#primaryimage"},"image":{"@id":"https:\/\/basquetgirona.com\/es\/noticia\/sergi-martinas-y-derek-capitanean-el-primer-equipo\/#primaryimage"},"thumbnailUrl":"https:\/\/basquetgirona.com\/wp-content\/uploads\/2025\/09\/DSC4836-1.webp","datePublished":"2025-09-18T12:23:45+00:00","dateModified":"2025-10-03T18:52:45+00:00","breadcrumb":{"@id":"https:\/\/basquetgirona.com\/es\/noticia\/sergi-martinas-y-derek-capitanean-el-primer-equipo\/#breadcrumb"},"inLanguage":"es","potentialAction":[{"@type":"ReadAction","target":["https:\/\/basquetgirona.com\/es\/noticia\/sergi-martinas-y-derek-capitanean-el-primer-equipo\/"]}]},{"@type":"ImageObject","inLanguage":"es","@id":"https:\/\/basquetgirona.com\/es\/noticia\/sergi-martinas-y-derek-capitanean-el-primer-equipo\/#primaryimage","url":"https:\/\/basquetgirona.com\/wp-content\/uploads\/2025\/09\/DSC4836-1.webp","contentUrl":"https:\/\/basquetgirona.com\/wp-content\/uploads\/2025\/09\/DSC4836-1.webp","width":1650,"height":990},{"@type":"BreadcrumbList","@id":"https:\/\/basquetgirona.com\/es\/noticia\/sergi-martinas-y-derek-capitanean-el-primer-equipo\/#breadcrumb","itemListElement":[{"@type":"ListItem","position":1,"name":"Inici","item":"https:\/\/basquetgirona.com\/es\/"},{"@type":"ListItem","position":2,"name":"Sergi, Martinas y Derek capitanean el primer equipo"}]},{"@type":"WebSite","@id":"https:\/\/basquetgirona.com\/es\/#website","url":"https:\/\/basquetgirona.com\/es\/","name":"Basquet Girona","description":"","publisher":{"@id":"https:\/\/basquetgirona.com\/es\/#organization"},"potentialAction":[{"@type":"SearchAction","target":{"@type":"EntryPoint","urlTemplate":"https:\/\/basquetgirona.com\/es\/?s={search_term_string}"},"query-input":{"@type":"PropertyValueSpecification","valueRequired":true,"valueName":"search_term_string"}}],"inLanguage":"es"},{"@type":"Organization","@id":"https:\/\/basquetgirona.com\/es\/#organization","name":"Basquet Girona","url":"https:\/\/basquetgirona.com\/es\/","logo":{"@type":"ImageObject","inLanguage":"es","@id":"https:\/\/basquetgirona.com\/es\/#\/schema\/logo\/image\/","url":"https:\/\/basquetgirona.com\/wp-content\/uploads\/2023\/02\/girona-logo1.png","contentUrl":"https:\/\/basquetgirona.com\/wp-content\/uploads\/2023\/02\/girona-logo1.png","width":124,"height":136,"caption":"Basquet Girona"},"image":{"@id":"https:\/\/basquetgirona.com\/es\/#\/schema\/logo\/image\/"},"sameAs":["https:\/\/www.facebook.com\/BasquetGironaOficial","https:\/\/x.com\/BasquetGirona","https:\/\/www.instagram.com\/basquetgirona\/","https:\/\/es.linkedin.com\/company\/bsquet-girona","https:\/\/www.tiktok.com\/@basquetgirona"]},{"@type":"Person","@id":"https:\/\/basquetgirona.com\/es\/#\/schema\/person\/9196efe7de3d62004e09ea79cd72b8d5","name":"Pau De Castro","image":{"@type":"ImageObject","inLanguage":"es","@id":"https:\/\/secure.gravatar.com\/avatar\/311a301e125ef9f088e17c727474e75fb5b82151095ccfc4b6e27ae4855b5814?s=96&d=mm&r=g","url":"https:\/\/secure.gravatar.com\/avatar\/311a301e125ef9f088e17c727474e75fb5b82151095ccfc4b6e27ae4855b5814?s=96&d=mm&r=g","contentUrl":"https:\/\/secure.gravatar.com\/avatar\/311a301e125ef9f088e17c727474e75fb5b82151095ccfc4b6e27ae4855b5814?s=96&d=mm&r=g","caption":"Pau De Castro"},"url":"https:\/\/basquetgirona.com\/es\/author\/pdcastro\/"}]}},"acf":[],"_links":{"self":[{"href":"https:\/\/basquetgirona.com\/es\/wp-json\/wp\/v2\/noticia\/53829","targetHints":{"allow":["GET"]}}],"collection":[{"href":"https:\/\/basquetgirona.com\/es\/wp-json\/wp\/v2\/noticia"}],"about":[{"href":"https:\/\/basquetgirona.com\/es\/wp-json\/wp\/v2\/types\/noticia"}],"author":[{"embeddable":true,"href":"https:\/\/basquetgirona.com\/es\/wp-json\/wp\/v2\/users\/4"}],"version-history":[{"count":1,"href":"https:\/\/basquetgirona.com\/es\/wp-json\/wp\/v2\/noticia\/53829\/revisions"}],"predecessor-version":[{"id":53830,"href":"https:\/\/basquetgirona.com\/es\/wp-json\/wp\/v2\/noticia\/53829\/revisions\/53830"}],"wp:featuredmedia":[{"embeddable":true,"href":"https:\/\/basquetgirona.com\/es\/wp-json\/wp\/v2\/media\/53818"}],"wp:attachment":[{"href":"https:\/\/basquetgirona.com\/es\/wp-json\/wp\/v2\/media?parent=53829"}],"wp:term":[{"taxonomy":"categoria_noticia","embeddable":true,"href":"https:\/\/basquetgirona.com\/es\/wp-json\/wp\/v2\/categoria_noticia?post=53829"}],"curies":[{"name":"wp","href":"https:\/\/api.w.org\/{rel}","templated":true}]}}