{"id":60950,"date":"2026-03-22T13:05:52","date_gmt":"2026-03-22T13:05:52","guid":{"rendered":"https:\/\/basquetgirona.com\/noticia\/victoria-del-spar-girona-en-el-roig-arena\/"},"modified":"2026-03-22T13:12:56","modified_gmt":"2026-03-22T13:12:56","slug":"victoria-del-spar-girona-en-el-roig-arena","status":"publish","type":"noticia","link":"https:\/\/basquetgirona.com\/es\/noticia\/victoria-del-spar-girona-en-el-roig-arena\/","title":{"rendered":"Victoria del Spar Girona en el Roig Arena"},"content":{"rendered":"\n<p>El Spar Girona se ha impuesto al Valencia Basket en el Roig Arena por <a href=\"https:\/\/competiciones.feb.es\/estadisticas\/partido\/2479642\">71 a 74<\/a> en un partido que ha controlado desde el primer cuarto gracias al acierto interior de Mariam, pero que se ha ajustado en el tramo final tras la reacci\u00f3n local. El equipo gerundense ha sabido gestionar los momentos clave en los \u00faltimos minutos para asegurar una gran victoria a domicilio. <\/p>\n\n<p>Con el intercambio inicial (6-5), los ataques constantes bajo canasta del Spar Girona, donde los puntos de Mariam han sido protagonistas, han situado el 8 a 15, parando al Valencia el enfrentamiento. La pausa no ha detenido el plan de juego gerundense ni el ritmo de Mariam, que ha anotado 11 puntos al final del primer cuarto (8-19). <\/p>\n\n<p>El Valencia ha intentado revertir la situaci\u00f3n intensificando el ritmo ofensivo, pero, por el contrario, el Spar Girona no s\u00f3lo ha sostenido la reacci\u00f3n local, sino que ha incrementado la ventaja en el ecuador del segundo parcial con los puntos de Arica, Lola y Juste (17-32). Las instrucciones de Ruben han resultado efectivas, certificando un parcial de 7 a 0 y deteniendo Roberto el choque (24-32). El acierto de Carol desde la larga distancia ha ayudado a situar un parcial de 0 a 10 (24-42), pero dos 2+1 finales de las naranjas han situado el 29 a 42.  <\/p>\n\n<p>Con las instrucciones del intermedio, el Valencia ha cambiado radicalmente su imagen, situ\u00e1ndose a s\u00f3lo cinco puntos tras una canasta de Romero (45-50). El 2+1 de Carol y los disparos de Ainhoa \u200b\u200bhan sostenido la diferencia (47-54). A poco por el final, y con Lola expulsada por t\u00e9cnica, Anderson situ\u00f3 las naranjas a s\u00f3lo 4 puntos, pero el triple sobre la bocina de Merceron cerr\u00f3 el cuarto con un +7 gerundense (52-59).  <\/p>\n\n<p>El triple de Klara y la canasta desde media distancia de Ainhoa \u200b\u200bhicieron detener el partido a Rub\u00e9n a 8 minutos del final (52-64). Con las instrucciones, el Valencia mejor\u00f3 con Buenavida, aproximando las locales en el marcador y deteniendo Roberto el choque (63-68). Las acciones de Guerrero han sostenido la renta, pero un 2+1 de Romero ha situado a las locales a s\u00f3lo 1 punto (71-72), pausando de nuevo el partido \u00cd\u00f1iguez a 48,3 segundos por el final. La jugada no surgi\u00f3 efecto, pero el rebote defensivo de Carol en la acci\u00f3n del Valencia hizo respirar a las gerundenses. Seguidamente, las locales han hecho falta a Klara y la sueca no ha perdonado los tiros libres, parando a Burgos a 4,1 segundos por el final (71-74). El tiro sobre la bocina de Romero se ha quedado corto y el Spar se ha impuesto al Roig Arena por 71 a 74.     <\/p>\n\n<p><\/p>\n\n<p><\/p>\n\n<p><\/p>\n\n<p><\/p>\n","protected":false},"excerpt":{"rendered":"<p>El Spar Girona se ha impuesto al Valencia Basket en el Roig Arena por 71 a 74 en un partido que ha controlado desde el primer cuarto gracias al acierto interior de Mariam, pero que se ha ajustado en el tramo final tras la reacci\u00f3n local. El equipo gerundense ha sabido gestionar los momentos clave [&hellip;]<\/p>\n","protected":false},"author":4,"featured_media":60948,"menu_order":0,"template":"","categoria_noticia":[362],"class_list":["post-60950","noticia","type-noticia","status-publish","has-post-thumbnail","hentry","categoria_noticia-spar-girona-es"],"yoast_head":"<!-- This site is optimized with the Yoast SEO plugin v22.0 - https:\/\/yoast.com\/wordpress\/plugins\/seo\/ -->\n<title>Victoria del Spar Girona en el Roig Arena - Basquet Girona<\/title>\n<meta name=\"robots\" content=\"index, follow, max-snippet:-1, max-image-preview:large, max-video-preview:-1\" \/>\n<link rel=\"canonical\" href=\"https:\/\/basquetgirona.com\/es\/noticia\/victoria-del-spar-girona-en-el-roig-arena\/\" \/>\n<meta property=\"og:locale\" content=\"es_ES\" \/>\n<meta property=\"og:type\" content=\"article\" \/>\n<meta property=\"og:title\" content=\"Victoria del Spar Girona en el Roig Arena - Basquet Girona\" \/>\n<meta property=\"og:description\" content=\"El Spar Girona se ha impuesto al Valencia Basket en el Roig Arena por 71 a 74 en un partido que ha controlado desde el primer cuarto gracias al acierto interior de Mariam, pero que se ha ajustado en el tramo final tras la reacci\u00f3n local. El equipo gerundense ha sabido gestionar los momentos clave [&hellip;]\" \/>\n<meta property=\"og:url\" content=\"https:\/\/basquetgirona.com\/es\/noticia\/victoria-del-spar-girona-en-el-roig-arena\/\" \/>\n<meta property=\"og:site_name\" content=\"Basquet Girona\" \/>\n<meta property=\"article:publisher\" content=\"https:\/\/www.facebook.com\/BasquetGironaOficial\" \/>\n<meta property=\"article:modified_time\" content=\"2026-03-22T13:12:56+00:00\" \/>\n<meta property=\"og:image\" content=\"https:\/\/basquetgirona.com\/wp-content\/uploads\/2026\/03\/55161911955_26a4600ff3_o-scaled.webp\" \/>\n\t<meta property=\"og:image:width\" content=\"1920\" \/>\n\t<meta property=\"og:image:height\" content=\"1399\" \/>\n\t<meta property=\"og:image:type\" content=\"image\/jpeg\" \/>\n<meta name=\"twitter:card\" content=\"summary_large_image\" \/>\n<meta name=\"twitter:site\" content=\"@BasquetGirona\" \/>\n<meta name=\"twitter:label1\" content=\"Tiempo de lectura\" \/>\n\t<meta name=\"twitter:data1\" content=\"2 minutos\" \/>\n<!-- \/ Yoast SEO plugin. -->","yoast_head_json":{"title":"Victoria del Spar Girona en el Roig Arena - Basquet Girona","robots":{"index":"index","follow":"follow","max-snippet":"max-snippet:-1","max-image-preview":"max-image-preview:large","max-video-preview":"max-video-preview:-1"},"canonical":"https:\/\/basquetgirona.com\/es\/noticia\/victoria-del-spar-girona-en-el-roig-arena\/","og_locale":"es_ES","og_type":"article","og_title":"Victoria del Spar Girona en el Roig Arena - Basquet Girona","og_description":"El Spar Girona se ha impuesto al Valencia Basket en el Roig Arena por 71 a 74 en un partido que ha controlado desde el primer cuarto gracias al acierto interior de Mariam, pero que se ha ajustado en el tramo final tras la reacci\u00f3n local. El equipo gerundense ha sabido gestionar los momentos clave [&hellip;]","og_url":"https:\/\/basquetgirona.com\/es\/noticia\/victoria-del-spar-girona-en-el-roig-arena\/","og_site_name":"Basquet Girona","article_publisher":"https:\/\/www.facebook.com\/BasquetGironaOficial","article_modified_time":"2026-03-22T13:12:56+00:00","og_image":[{"width":1920,"height":1399,"url":"https:\/\/basquetgirona.com\/wp-content\/uploads\/2026\/03\/55161911955_26a4600ff3_o-scaled.webp","type":"image\/jpeg"}],"twitter_card":"summary_large_image","twitter_site":"@BasquetGirona","twitter_misc":{"Tiempo de lectura":"2 minutos"},"schema":{"@context":"https:\/\/schema.org","@graph":[{"@type":"NewsArticle","@id":"https:\/\/basquetgirona.com\/es\/noticia\/victoria-del-spar-girona-en-el-roig-arena\/#article","isPartOf":{"@id":"https:\/\/basquetgirona.com\/es\/noticia\/victoria-del-spar-girona-en-el-roig-arena\/"},"author":{"name":"Pau De Castro","@id":"https:\/\/basquetgirona.com\/es\/#\/schema\/person\/9196efe7de3d62004e09ea79cd72b8d5"},"headline":"Victoria del Spar Girona en el Roig Arena","datePublished":"2026-03-22T13:05:52+00:00","dateModified":"2026-03-22T13:12:56+00:00","mainEntityOfPage":{"@id":"https:\/\/basquetgirona.com\/es\/noticia\/victoria-del-spar-girona-en-el-roig-arena\/"},"wordCount":442,"publisher":{"@id":"https:\/\/basquetgirona.com\/es\/#organization"},"inLanguage":"es"},{"@type":["WebPage","ItemPage"],"@id":"https:\/\/basquetgirona.com\/es\/noticia\/victoria-del-spar-girona-en-el-roig-arena\/","url":"https:\/\/basquetgirona.com\/es\/noticia\/victoria-del-spar-girona-en-el-roig-arena\/","name":"Victoria del Spar Girona en el Roig Arena - Basquet Girona","isPartOf":{"@id":"https:\/\/basquetgirona.com\/es\/#website"},"datePublished":"2026-03-22T13:05:52+00:00","dateModified":"2026-03-22T13:12:56+00:00","breadcrumb":{"@id":"https:\/\/basquetgirona.com\/es\/noticia\/victoria-del-spar-girona-en-el-roig-arena\/#breadcrumb"},"inLanguage":"es","potentialAction":[{"@type":"ReadAction","target":["https:\/\/basquetgirona.com\/es\/noticia\/victoria-del-spar-girona-en-el-roig-arena\/"]}]},{"@type":"BreadcrumbList","@id":"https:\/\/basquetgirona.com\/es\/noticia\/victoria-del-spar-girona-en-el-roig-arena\/#breadcrumb","itemListElement":[{"@type":"ListItem","position":1,"name":"Inici","item":"https:\/\/basquetgirona.com\/es\/"},{"@type":"ListItem","position":2,"name":"Victoria del Spar Girona en el Roig Arena"}]},{"@type":"WebSite","@id":"https:\/\/basquetgirona.com\/es\/#website","url":"https:\/\/basquetgirona.com\/es\/","name":"Basquet Girona","description":"","publisher":{"@id":"https:\/\/basquetgirona.com\/es\/#organization"},"potentialAction":[{"@type":"SearchAction","target":{"@type":"EntryPoint","urlTemplate":"https:\/\/basquetgirona.com\/es\/?s={search_term_string}"},"query-input":"required name=search_term_string"}],"inLanguage":"es"},{"@type":"Organization","@id":"https:\/\/basquetgirona.com\/es\/#organization","name":"Basquet Girona","url":"https:\/\/basquetgirona.com\/es\/","logo":{"@type":"ImageObject","inLanguage":"es","@id":"https:\/\/basquetgirona.com\/es\/#\/schema\/logo\/image\/","url":"https:\/\/basquetgirona.com\/wp-content\/uploads\/2023\/02\/girona-logo1.png","contentUrl":"https:\/\/basquetgirona.com\/wp-content\/uploads\/2023\/02\/girona-logo1.png","width":124,"height":136,"caption":"Basquet Girona"},"image":{"@id":"https:\/\/basquetgirona.com\/es\/#\/schema\/logo\/image\/"},"sameAs":["https:\/\/www.facebook.com\/BasquetGironaOficial","https:\/\/twitter.com\/BasquetGirona","https:\/\/www.instagram.com\/basquetgirona\/","https:\/\/es.linkedin.com\/company\/bsquet-girona","https:\/\/www.tiktok.com\/@basquetgirona"]},{"@type":"Person","@id":"https:\/\/basquetgirona.com\/es\/#\/schema\/person\/9196efe7de3d62004e09ea79cd72b8d5","name":"Pau De Castro","image":{"@type":"ImageObject","inLanguage":"es","@id":"https:\/\/basquetgirona.com\/es\/#\/schema\/person\/image\/","url":"https:\/\/secure.gravatar.com\/avatar\/311a301e125ef9f088e17c727474e75fb5b82151095ccfc4b6e27ae4855b5814?s=96&d=mm&r=g","contentUrl":"https:\/\/secure.gravatar.com\/avatar\/311a301e125ef9f088e17c727474e75fb5b82151095ccfc4b6e27ae4855b5814?s=96&d=mm&r=g","caption":"Pau De Castro"},"url":"https:\/\/basquetgirona.com\/es\/author\/pdcastro\/"}]}},"acf":[],"_links":{"self":[{"href":"https:\/\/basquetgirona.com\/es\/wp-json\/wp\/v2\/noticia\/60950","targetHints":{"allow":["GET"]}}],"collection":[{"href":"https:\/\/basquetgirona.com\/es\/wp-json\/wp\/v2\/noticia"}],"about":[{"href":"https:\/\/basquetgirona.com\/es\/wp-json\/wp\/v2\/types\/noticia"}],"author":[{"embeddable":true,"href":"https:\/\/basquetgirona.com\/es\/wp-json\/wp\/v2\/users\/4"}],"version-history":[{"count":2,"href":"https:\/\/basquetgirona.com\/es\/wp-json\/wp\/v2\/noticia\/60950\/revisions"}],"predecessor-version":[{"id":60955,"href":"https:\/\/basquetgirona.com\/es\/wp-json\/wp\/v2\/noticia\/60950\/revisions\/60955"}],"wp:featuredmedia":[{"embeddable":true,"href":"https:\/\/basquetgirona.com\/es\/wp-json\/wp\/v2\/media\/60948"}],"wp:attachment":[{"href":"https:\/\/basquetgirona.com\/es\/wp-json\/wp\/v2\/media?parent=60950"}],"wp:term":[{"taxonomy":"categoria_noticia","embeddable":true,"href":"https:\/\/basquetgirona.com\/es\/wp-json\/wp\/v2\/categoria_noticia?post=60950"}],"curies":[{"name":"wp","href":"https:\/\/api.w.org\/{rel}","templated":true}]}}