{"id":61025,"date":"2026-03-26T09:32:37","date_gmt":"2026-03-26T09:32:37","guid":{"rendered":"https:\/\/basquetgirona.com\/noticia\/el-spar-girona-se-juega-el-acceso-a-semifinales-contra-el-perfumerias-avenida\/"},"modified":"2026-03-26T09:33:34","modified_gmt":"2026-03-26T09:33:34","slug":"el-spar-girona-se-juega-el-acceso-a-semifinales-contra-el-perfumerias-avenida","status":"publish","type":"noticia","link":"https:\/\/basquetgirona.com\/es\/noticia\/el-spar-girona-se-juega-el-acceso-a-semifinales-contra-el-perfumerias-avenida\/","title":{"rendered":"El Spar Girona se juega el acceso a semifinales contra el Perfumer\u00edas Avenida"},"content":{"rendered":"\n<p>El Spar Girona debuta este viernes en los cuartos de final de la Copa de la Reina con el enfrentamiento contra el Perfumer\u00edas Avenida, en el partido que cerrar\u00e1 la jornada del viernes (21:30 h, <a href=\"https:\/\/www.3cat.cat\/3cat\/directes\/esport3\/\">Esport3<\/a> y <a href=\"https:\/\/www.rtve.es\/play\/deportes\/\">Teledeporte<\/a> ) en el Palau d&#8217;Esports Catalunya de Tarragona.<\/p>\n\n<figure class=\"wp-block-embed is-type-video is-provider-youtube wp-block-embed-youtube wp-embed-aspect-4-3 wp-has-aspect-ratio\"><div class=\"wp-block-embed__wrapper\">\n<iframe loading=\"lazy\" title=\"\ud83c\udf99\ufe0f #RDPPr\u00e8via | Roberto \u00cd\u00f1iguez | Copa de la Reina\" width=\"500\" height=\"375\" src=\"https:\/\/www.youtube.com\/embed\/QCVPuc5B0ts?feature=oembed\" frameborder=\"0\" allow=\"accelerometer; autoplay; clipboard-write; encrypted-media; gyroscope; picture-in-picture; web-share\" referrerpolicy=\"strict-origin-when-cross-origin\" allowfullscreen><\/iframe>\n<\/div><\/figure>\n\n<h2 class=\"wp-block-heading\">Sobre el rival<\/h2>\n\n<p>El conjunto de Salamanca llega a la cita en un buen momento de forma, encadenando cuatro victorias consecutivas en la liga, la \u00faltima por <a href=\"https:\/\/www.feb.es\/competiciones\/partido\/2479637\">66 a 63<\/a> en la pista del Ensino Lugo. Actualmente ocupa la <a href=\"https:\/\/www.feb.es\/lfendesa\/clasificacion.aspx\">cuarta posici\u00f3n<\/a> con un balance de 16 victorias y 9 derrotas. <\/p>\n\n<p><a href=\"https:\/\/www.feb.es\/competiciones\/equipo\/979875\">Perfumer\u00edas Avenida<\/a> cuenta con una plantilla de gran nivel, con jugadoras destacadas como Iyana Mart\u00edn, una de las referencias ofensivas con 14,5 puntos y 4,2 asistencias por partido, o Claudia Soriano, con 7,1 puntos por encuentro. Tambi\u00e9n destacan piezas interiores como Regan Magarity (9,7 puntos y 4 rebotes), Khadijiah Cave (12,9 puntos, 7,3 rebotes y 17,5 de valoraci\u00f3n) y Virag Kiss (8,9 puntos y 5,6 rebotes). <\/p>\n\n<h2 class=\"wp-block-heading\">Sobre el Spar Girona<\/h2>\n\n<p>El equipo llega a los cuartos despu\u00e9s de <a href=\"https:\/\/basquetgirona.com\/es\/noticia\/victoria-del-spar-girona-en-el-roig-arena\/\">imponerse en la pista del Valencia Basket por 71 a 74<\/a> en el \u00faltimo partido de liga. Las gerundenses ocupan la segunda posici\u00f3n en la clasificaci\u00f3n con un balance de 21 victorias y 4 derrotas. <\/p>\n\n<p>El partido contra Perfumer\u00edas Avenida ser\u00e1 el \u00faltimo de los cuartos de final y decidir\u00e1 el \u00faltimo equipo clasificado para las semifinales.<\/p>\n\n<figure class=\"wp-block-embed is-type-rich is-provider-twitter wp-block-embed-twitter\"><div class=\"wp-block-embed__wrapper\">\n<blockquote class=\"twitter-tweet\" data-width=\"500\" data-dnt=\"true\"><p lang=\"ca\" dir=\"ltr\">El teu equip juga la <a href=\"https:\/\/twitter.com\/hashtag\/CopaReinaLFEndesa?src=hash&amp;ref_src=twsrc%5Etfw\">#CopaReinaLFEndesa<\/a> aquesta setmana \ud83c\udfc6 <a href=\"https:\/\/t.co\/PDflOymwGH\">pic.twitter.com\/PDflOymwGH<\/a><\/p>&mdash; Spar Girona (@unigirona) <a href=\"https:\/\/twitter.com\/unigirona\/status\/2036081675147325648?ref_src=twsrc%5Etfw\">March 23, 2026<\/a><\/blockquote><script async src=\"https:\/\/platform.twitter.com\/widgets.js\" charset=\"utf-8\"><\/script>\n<\/div><\/figure>\n","protected":false},"excerpt":{"rendered":"<p>El Spar Girona debuta este viernes en los cuartos de final de la Copa de la Reina con el enfrentamiento contra el Perfumer\u00edas Avenida, en el partido que cerrar\u00e1 la jornada del viernes (21:30 h, Esport3 y Teledeporte ) en el Palau d&#8217;Esports Catalunya de Tarragona. Sobre el rival El conjunto de Salamanca llega a [&hellip;]<\/p>\n","protected":false},"author":4,"featured_media":61018,"menu_order":0,"template":"","categoria_noticia":[362],"class_list":["post-61025","noticia","type-noticia","status-publish","has-post-thumbnail","hentry","categoria_noticia-spar-girona-es"],"yoast_head":"<!-- This site is optimized with the Yoast SEO plugin v22.0 - https:\/\/yoast.com\/wordpress\/plugins\/seo\/ -->\n<title>El Spar Girona se juega el acceso a semifinales contra el Perfumer\u00edas Avenida - Basquet Girona<\/title>\n<meta name=\"robots\" content=\"index, follow, max-snippet:-1, max-image-preview:large, max-video-preview:-1\" \/>\n<link rel=\"canonical\" href=\"https:\/\/basquetgirona.com\/es\/noticia\/el-spar-girona-se-juega-el-acceso-a-semifinales-contra-el-perfumerias-avenida\/\" \/>\n<meta property=\"og:locale\" content=\"es_ES\" \/>\n<meta property=\"og:type\" content=\"article\" \/>\n<meta property=\"og:title\" content=\"El Spar Girona se juega el acceso a semifinales contra el Perfumer\u00edas Avenida - Basquet Girona\" \/>\n<meta property=\"og:description\" content=\"El Spar Girona debuta este viernes en los cuartos de final de la Copa de la Reina con el enfrentamiento contra el Perfumer\u00edas Avenida, en el partido que cerrar\u00e1 la jornada del viernes (21:30 h, Esport3 y Teledeporte ) en el Palau d&#8217;Esports Catalunya de Tarragona. Sobre el rival El conjunto de Salamanca llega a [&hellip;]\" \/>\n<meta property=\"og:url\" content=\"https:\/\/basquetgirona.com\/es\/noticia\/el-spar-girona-se-juega-el-acceso-a-semifinales-contra-el-perfumerias-avenida\/\" \/>\n<meta property=\"og:site_name\" content=\"Basquet Girona\" \/>\n<meta property=\"article:publisher\" content=\"https:\/\/www.facebook.com\/BasquetGironaOficial\" \/>\n<meta property=\"article:modified_time\" content=\"2026-03-26T09:33:34+00:00\" \/>\n<meta property=\"og:image\" content=\"https:\/\/basquetgirona.com\/wp-content\/uploads\/2026\/03\/previa-copa.webp\" \/>\n\t<meta property=\"og:image:width\" content=\"1902\" \/>\n\t<meta property=\"og:image:height\" content=\"567\" \/>\n\t<meta property=\"og:image:type\" content=\"image\/png\" \/>\n<meta name=\"twitter:card\" content=\"summary_large_image\" \/>\n<meta name=\"twitter:site\" content=\"@BasquetGirona\" \/>\n<meta name=\"twitter:label1\" content=\"Tiempo de lectura\" \/>\n\t<meta name=\"twitter:data1\" content=\"1 minuto\" \/>\n<!-- \/ Yoast SEO plugin. -->","yoast_head_json":{"title":"El Spar Girona se juega el acceso a semifinales contra el Perfumer\u00edas Avenida - Basquet Girona","robots":{"index":"index","follow":"follow","max-snippet":"max-snippet:-1","max-image-preview":"max-image-preview:large","max-video-preview":"max-video-preview:-1"},"canonical":"https:\/\/basquetgirona.com\/es\/noticia\/el-spar-girona-se-juega-el-acceso-a-semifinales-contra-el-perfumerias-avenida\/","og_locale":"es_ES","og_type":"article","og_title":"El Spar Girona se juega el acceso a semifinales contra el Perfumer\u00edas Avenida - Basquet Girona","og_description":"El Spar Girona debuta este viernes en los cuartos de final de la Copa de la Reina con el enfrentamiento contra el Perfumer\u00edas Avenida, en el partido que cerrar\u00e1 la jornada del viernes (21:30 h, Esport3 y Teledeporte ) en el Palau d&#8217;Esports Catalunya de Tarragona. Sobre el rival El conjunto de Salamanca llega a [&hellip;]","og_url":"https:\/\/basquetgirona.com\/es\/noticia\/el-spar-girona-se-juega-el-acceso-a-semifinales-contra-el-perfumerias-avenida\/","og_site_name":"Basquet Girona","article_publisher":"https:\/\/www.facebook.com\/BasquetGironaOficial","article_modified_time":"2026-03-26T09:33:34+00:00","og_image":[{"width":1902,"height":567,"url":"https:\/\/basquetgirona.com\/wp-content\/uploads\/2026\/03\/previa-copa.webp","type":"image\/png"}],"twitter_card":"summary_large_image","twitter_site":"@BasquetGirona","twitter_misc":{"Tiempo de lectura":"1 minuto"},"schema":{"@context":"https:\/\/schema.org","@graph":[{"@type":"NewsArticle","@id":"https:\/\/basquetgirona.com\/es\/noticia\/el-spar-girona-se-juega-el-acceso-a-semifinales-contra-el-perfumerias-avenida\/#article","isPartOf":{"@id":"https:\/\/basquetgirona.com\/es\/noticia\/el-spar-girona-se-juega-el-acceso-a-semifinales-contra-el-perfumerias-avenida\/"},"author":{"name":"Pau De Castro","@id":"https:\/\/basquetgirona.com\/es\/#\/schema\/person\/9196efe7de3d62004e09ea79cd72b8d5"},"headline":"El Spar Girona se juega el acceso a semifinales contra el Perfumer\u00edas Avenida","datePublished":"2026-03-26T09:32:37+00:00","dateModified":"2026-03-26T09:33:34+00:00","mainEntityOfPage":{"@id":"https:\/\/basquetgirona.com\/es\/noticia\/el-spar-girona-se-juega-el-acceso-a-semifinales-contra-el-perfumerias-avenida\/"},"wordCount":249,"publisher":{"@id":"https:\/\/basquetgirona.com\/es\/#organization"},"inLanguage":"es"},{"@type":["WebPage","ItemPage"],"@id":"https:\/\/basquetgirona.com\/es\/noticia\/el-spar-girona-se-juega-el-acceso-a-semifinales-contra-el-perfumerias-avenida\/","url":"https:\/\/basquetgirona.com\/es\/noticia\/el-spar-girona-se-juega-el-acceso-a-semifinales-contra-el-perfumerias-avenida\/","name":"El Spar Girona se juega el acceso a semifinales contra el Perfumer\u00edas Avenida - Basquet Girona","isPartOf":{"@id":"https:\/\/basquetgirona.com\/es\/#website"},"datePublished":"2026-03-26T09:32:37+00:00","dateModified":"2026-03-26T09:33:34+00:00","breadcrumb":{"@id":"https:\/\/basquetgirona.com\/es\/noticia\/el-spar-girona-se-juega-el-acceso-a-semifinales-contra-el-perfumerias-avenida\/#breadcrumb"},"inLanguage":"es","potentialAction":[{"@type":"ReadAction","target":["https:\/\/basquetgirona.com\/es\/noticia\/el-spar-girona-se-juega-el-acceso-a-semifinales-contra-el-perfumerias-avenida\/"]}]},{"@type":"BreadcrumbList","@id":"https:\/\/basquetgirona.com\/es\/noticia\/el-spar-girona-se-juega-el-acceso-a-semifinales-contra-el-perfumerias-avenida\/#breadcrumb","itemListElement":[{"@type":"ListItem","position":1,"name":"Inici","item":"https:\/\/basquetgirona.com\/es\/"},{"@type":"ListItem","position":2,"name":"El Spar Girona se juega el acceso a semifinales contra el Perfumer\u00edas Avenida"}]},{"@type":"WebSite","@id":"https:\/\/basquetgirona.com\/es\/#website","url":"https:\/\/basquetgirona.com\/es\/","name":"Basquet Girona","description":"","publisher":{"@id":"https:\/\/basquetgirona.com\/es\/#organization"},"potentialAction":[{"@type":"SearchAction","target":{"@type":"EntryPoint","urlTemplate":"https:\/\/basquetgirona.com\/es\/?s={search_term_string}"},"query-input":"required name=search_term_string"}],"inLanguage":"es"},{"@type":"Organization","@id":"https:\/\/basquetgirona.com\/es\/#organization","name":"Basquet Girona","url":"https:\/\/basquetgirona.com\/es\/","logo":{"@type":"ImageObject","inLanguage":"es","@id":"https:\/\/basquetgirona.com\/es\/#\/schema\/logo\/image\/","url":"https:\/\/basquetgirona.com\/wp-content\/uploads\/2023\/02\/girona-logo1.png","contentUrl":"https:\/\/basquetgirona.com\/wp-content\/uploads\/2023\/02\/girona-logo1.png","width":124,"height":136,"caption":"Basquet Girona"},"image":{"@id":"https:\/\/basquetgirona.com\/es\/#\/schema\/logo\/image\/"},"sameAs":["https:\/\/www.facebook.com\/BasquetGironaOficial","https:\/\/twitter.com\/BasquetGirona","https:\/\/www.instagram.com\/basquetgirona\/","https:\/\/es.linkedin.com\/company\/bsquet-girona","https:\/\/www.tiktok.com\/@basquetgirona"]},{"@type":"Person","@id":"https:\/\/basquetgirona.com\/es\/#\/schema\/person\/9196efe7de3d62004e09ea79cd72b8d5","name":"Pau De Castro","image":{"@type":"ImageObject","inLanguage":"es","@id":"https:\/\/basquetgirona.com\/es\/#\/schema\/person\/image\/","url":"https:\/\/secure.gravatar.com\/avatar\/311a301e125ef9f088e17c727474e75fb5b82151095ccfc4b6e27ae4855b5814?s=96&d=mm&r=g","contentUrl":"https:\/\/secure.gravatar.com\/avatar\/311a301e125ef9f088e17c727474e75fb5b82151095ccfc4b6e27ae4855b5814?s=96&d=mm&r=g","caption":"Pau De Castro"},"url":"https:\/\/basquetgirona.com\/es\/author\/pdcastro\/"}]}},"acf":[],"_links":{"self":[{"href":"https:\/\/basquetgirona.com\/es\/wp-json\/wp\/v2\/noticia\/61025","targetHints":{"allow":["GET"]}}],"collection":[{"href":"https:\/\/basquetgirona.com\/es\/wp-json\/wp\/v2\/noticia"}],"about":[{"href":"https:\/\/basquetgirona.com\/es\/wp-json\/wp\/v2\/types\/noticia"}],"author":[{"embeddable":true,"href":"https:\/\/basquetgirona.com\/es\/wp-json\/wp\/v2\/users\/4"}],"version-history":[{"count":1,"href":"https:\/\/basquetgirona.com\/es\/wp-json\/wp\/v2\/noticia\/61025\/revisions"}],"predecessor-version":[{"id":61026,"href":"https:\/\/basquetgirona.com\/es\/wp-json\/wp\/v2\/noticia\/61025\/revisions\/61026"}],"wp:featuredmedia":[{"embeddable":true,"href":"https:\/\/basquetgirona.com\/es\/wp-json\/wp\/v2\/media\/61018"}],"wp:attachment":[{"href":"https:\/\/basquetgirona.com\/es\/wp-json\/wp\/v2\/media?parent=61025"}],"wp:term":[{"taxonomy":"categoria_noticia","embeddable":true,"href":"https:\/\/basquetgirona.com\/es\/wp-json\/wp\/v2\/categoria_noticia?post=61025"}],"curies":[{"name":"wp","href":"https:\/\/api.w.org\/{rel}","templated":true}]}}