{"id":61059,"date":"2026-03-27T10:22:59","date_gmt":"2026-03-27T10:22:59","guid":{"rendered":"https:\/\/basquetgirona.com\/noticia\/prueba-de-nivel-en-fontajau\/"},"modified":"2026-03-27T10:23:50","modified_gmt":"2026-03-27T10:23:50","slug":"prueba-de-nivel-en-fontajau","status":"publish","type":"noticia","link":"https:\/\/basquetgirona.com\/es\/noticia\/prueba-de-nivel-en-fontajau\/","title":{"rendered":"Prueba de nivel en Fontajau"},"content":{"rendered":"\n<p>El B\u00e0squet Girona afronta este s\u00e1bado en Fontajau uno de los retos m\u00e1s exigentes de la temporada con la visita del Real Madrid (21:00 h). El equipo gerundense, que apuesta por un estilo din\u00e1mico y vers\u00e1til quiere convertir su pabell\u00f3n en un fort\u00edn y competir desde el ritmo y la energ\u00eda colectiva. La necesidad de sumar victorias ante rivales de m\u00e1ximo nivel pasa por controlar el rebote y minimizar p\u00e9rdidas, dos facetas clave ante un rival muy f\u00edsico y con gran capacidad de castigo.  <\/p>\n\n<p>Enfrente estar\u00e1 uno de los mejores Real Madrid de los \u00faltimos a\u00f1os que llega en plena exigencia competitiva, combinando la liga ACB con compromisos europeos y manteni\u00e9ndose como uno de los grandes favoritos al t\u00edtulo. El conjunto blanco destaca por su profundidad de plantilla y talento en todas las posiciones, lo que le permite mantener un ritmo alto en los cuarenta minutos. Adem\u00e1s, los madrile\u00f1os llegan reforzados despu\u00e9s de resultados recientes positivos en Europa, mostrando solidez tanto en defensa como en ataque. El duelo promete intensidad y un gran ambiente en Fontajau, donde el Girona buscar\u00e1 sorprender a un gigante y dar un paso adelante ante su afici\u00f3n.   <\/p>\n\n<figure class=\"wp-block-embed is-type-video is-provider-youtube wp-block-embed-youtube wp-embed-aspect-16-9 wp-has-aspect-ratio\"><div class=\"wp-block-embed__wrapper\">\n<iframe loading=\"lazy\" title=\"\ud83c\udf99\ufe0f #RDPPr\u00e8via | Moncho Fern\u00e1ndez | Jornada 24\" width=\"500\" height=\"281\" src=\"https:\/\/www.youtube.com\/embed\/TjCazAIoqRA?feature=oembed\" frameborder=\"0\" allow=\"accelerometer; autoplay; clipboard-write; encrypted-media; gyroscope; picture-in-picture; web-share\" referrerpolicy=\"strict-origin-when-cross-origin\" allowfullscreen><\/iframe>\n<\/div><\/figure>\n","protected":false},"excerpt":{"rendered":"<p>El B\u00e0squet Girona afronta este s\u00e1bado en Fontajau uno de los retos m\u00e1s exigentes de la temporada con la visita del Real Madrid (21:00 h). El equipo gerundense, que apuesta por un estilo din\u00e1mico y vers\u00e1til quiere convertir su pabell\u00f3n en un fort\u00edn y competir desde el ritmo y la energ\u00eda colectiva. La necesidad de [&hellip;]<\/p>\n","protected":false},"author":4,"featured_media":61057,"menu_order":0,"template":"","categoria_noticia":[190],"class_list":["post-61059","noticia","type-noticia","status-publish","has-post-thumbnail","hentry","categoria_noticia-equipos"],"yoast_head":"<!-- This site is optimized with the Yoast SEO plugin v22.0 - https:\/\/yoast.com\/wordpress\/plugins\/seo\/ -->\n<title>Prueba de nivel en Fontajau - Basquet Girona<\/title>\n<meta name=\"robots\" content=\"index, follow, max-snippet:-1, max-image-preview:large, max-video-preview:-1\" \/>\n<link rel=\"canonical\" href=\"https:\/\/basquetgirona.com\/es\/noticia\/prueba-de-nivel-en-fontajau\/\" \/>\n<meta property=\"og:locale\" content=\"es_ES\" \/>\n<meta property=\"og:type\" content=\"article\" \/>\n<meta property=\"og:title\" content=\"Prueba de nivel en Fontajau - Basquet Girona\" \/>\n<meta property=\"og:description\" content=\"El B\u00e0squet Girona afronta este s\u00e1bado en Fontajau uno de los retos m\u00e1s exigentes de la temporada con la visita del Real Madrid (21:00 h). El equipo gerundense, que apuesta por un estilo din\u00e1mico y vers\u00e1til quiere convertir su pabell\u00f3n en un fort\u00edn y competir desde el ritmo y la energ\u00eda colectiva. La necesidad de [&hellip;]\" \/>\n<meta property=\"og:url\" content=\"https:\/\/basquetgirona.com\/es\/noticia\/prueba-de-nivel-en-fontajau\/\" \/>\n<meta property=\"og:site_name\" content=\"Basquet Girona\" \/>\n<meta property=\"article:publisher\" content=\"https:\/\/www.facebook.com\/BasquetGironaOficial\" \/>\n<meta property=\"article:modified_time\" content=\"2026-03-27T10:23:50+00:00\" \/>\n<meta property=\"og:image\" content=\"https:\/\/basquetgirona.com\/wp-content\/uploads\/2026\/03\/DSC7826-1-scaled.webp\" \/>\n\t<meta property=\"og:image:width\" content=\"1920\" \/>\n\t<meta property=\"og:image:height\" content=\"1280\" \/>\n\t<meta property=\"og:image:type\" content=\"image\/jpeg\" \/>\n<meta name=\"twitter:card\" content=\"summary_large_image\" \/>\n<meta name=\"twitter:site\" content=\"@BasquetGirona\" \/>\n<meta name=\"twitter:label1\" content=\"Tiempo de lectura\" \/>\n\t<meta name=\"twitter:data1\" content=\"1 minuto\" \/>\n<!-- \/ Yoast SEO plugin. -->","yoast_head_json":{"title":"Prueba de nivel en Fontajau - Basquet Girona","robots":{"index":"index","follow":"follow","max-snippet":"max-snippet:-1","max-image-preview":"max-image-preview:large","max-video-preview":"max-video-preview:-1"},"canonical":"https:\/\/basquetgirona.com\/es\/noticia\/prueba-de-nivel-en-fontajau\/","og_locale":"es_ES","og_type":"article","og_title":"Prueba de nivel en Fontajau - Basquet Girona","og_description":"El B\u00e0squet Girona afronta este s\u00e1bado en Fontajau uno de los retos m\u00e1s exigentes de la temporada con la visita del Real Madrid (21:00 h). El equipo gerundense, que apuesta por un estilo din\u00e1mico y vers\u00e1til quiere convertir su pabell\u00f3n en un fort\u00edn y competir desde el ritmo y la energ\u00eda colectiva. La necesidad de [&hellip;]","og_url":"https:\/\/basquetgirona.com\/es\/noticia\/prueba-de-nivel-en-fontajau\/","og_site_name":"Basquet Girona","article_publisher":"https:\/\/www.facebook.com\/BasquetGironaOficial","article_modified_time":"2026-03-27T10:23:50+00:00","og_image":[{"width":1920,"height":1280,"url":"https:\/\/basquetgirona.com\/wp-content\/uploads\/2026\/03\/DSC7826-1-scaled.webp","type":"image\/jpeg"}],"twitter_card":"summary_large_image","twitter_site":"@BasquetGirona","twitter_misc":{"Tiempo de lectura":"1 minuto"},"schema":{"@context":"https:\/\/schema.org","@graph":[{"@type":"NewsArticle","@id":"https:\/\/basquetgirona.com\/es\/noticia\/prueba-de-nivel-en-fontajau\/#article","isPartOf":{"@id":"https:\/\/basquetgirona.com\/es\/noticia\/prueba-de-nivel-en-fontajau\/"},"author":{"name":"Pau De Castro","@id":"https:\/\/basquetgirona.com\/es\/#\/schema\/person\/9196efe7de3d62004e09ea79cd72b8d5"},"headline":"Prueba de nivel en Fontajau","datePublished":"2026-03-27T10:22:59+00:00","dateModified":"2026-03-27T10:23:50+00:00","mainEntityOfPage":{"@id":"https:\/\/basquetgirona.com\/es\/noticia\/prueba-de-nivel-en-fontajau\/"},"wordCount":219,"publisher":{"@id":"https:\/\/basquetgirona.com\/es\/#organization"},"inLanguage":"es"},{"@type":["WebPage","ItemPage"],"@id":"https:\/\/basquetgirona.com\/es\/noticia\/prueba-de-nivel-en-fontajau\/","url":"https:\/\/basquetgirona.com\/es\/noticia\/prueba-de-nivel-en-fontajau\/","name":"Prueba de nivel en Fontajau - Basquet Girona","isPartOf":{"@id":"https:\/\/basquetgirona.com\/es\/#website"},"datePublished":"2026-03-27T10:22:59+00:00","dateModified":"2026-03-27T10:23:50+00:00","breadcrumb":{"@id":"https:\/\/basquetgirona.com\/es\/noticia\/prueba-de-nivel-en-fontajau\/#breadcrumb"},"inLanguage":"es","potentialAction":[{"@type":"ReadAction","target":["https:\/\/basquetgirona.com\/es\/noticia\/prueba-de-nivel-en-fontajau\/"]}]},{"@type":"BreadcrumbList","@id":"https:\/\/basquetgirona.com\/es\/noticia\/prueba-de-nivel-en-fontajau\/#breadcrumb","itemListElement":[{"@type":"ListItem","position":1,"name":"Inici","item":"https:\/\/basquetgirona.com\/es\/"},{"@type":"ListItem","position":2,"name":"Prueba de nivel en Fontajau"}]},{"@type":"WebSite","@id":"https:\/\/basquetgirona.com\/es\/#website","url":"https:\/\/basquetgirona.com\/es\/","name":"Basquet Girona","description":"","publisher":{"@id":"https:\/\/basquetgirona.com\/es\/#organization"},"potentialAction":[{"@type":"SearchAction","target":{"@type":"EntryPoint","urlTemplate":"https:\/\/basquetgirona.com\/es\/?s={search_term_string}"},"query-input":"required name=search_term_string"}],"inLanguage":"es"},{"@type":"Organization","@id":"https:\/\/basquetgirona.com\/es\/#organization","name":"Basquet Girona","url":"https:\/\/basquetgirona.com\/es\/","logo":{"@type":"ImageObject","inLanguage":"es","@id":"https:\/\/basquetgirona.com\/es\/#\/schema\/logo\/image\/","url":"https:\/\/basquetgirona.com\/wp-content\/uploads\/2023\/02\/girona-logo1.png","contentUrl":"https:\/\/basquetgirona.com\/wp-content\/uploads\/2023\/02\/girona-logo1.png","width":124,"height":136,"caption":"Basquet Girona"},"image":{"@id":"https:\/\/basquetgirona.com\/es\/#\/schema\/logo\/image\/"},"sameAs":["https:\/\/www.facebook.com\/BasquetGironaOficial","https:\/\/twitter.com\/BasquetGirona","https:\/\/www.instagram.com\/basquetgirona\/","https:\/\/es.linkedin.com\/company\/bsquet-girona","https:\/\/www.tiktok.com\/@basquetgirona"]},{"@type":"Person","@id":"https:\/\/basquetgirona.com\/es\/#\/schema\/person\/9196efe7de3d62004e09ea79cd72b8d5","name":"Pau De Castro","image":{"@type":"ImageObject","inLanguage":"es","@id":"https:\/\/basquetgirona.com\/es\/#\/schema\/person\/image\/","url":"https:\/\/secure.gravatar.com\/avatar\/311a301e125ef9f088e17c727474e75fb5b82151095ccfc4b6e27ae4855b5814?s=96&d=mm&r=g","contentUrl":"https:\/\/secure.gravatar.com\/avatar\/311a301e125ef9f088e17c727474e75fb5b82151095ccfc4b6e27ae4855b5814?s=96&d=mm&r=g","caption":"Pau De Castro"},"url":"https:\/\/basquetgirona.com\/es\/author\/pdcastro\/"}]}},"acf":[],"_links":{"self":[{"href":"https:\/\/basquetgirona.com\/es\/wp-json\/wp\/v2\/noticia\/61059","targetHints":{"allow":["GET"]}}],"collection":[{"href":"https:\/\/basquetgirona.com\/es\/wp-json\/wp\/v2\/noticia"}],"about":[{"href":"https:\/\/basquetgirona.com\/es\/wp-json\/wp\/v2\/types\/noticia"}],"author":[{"embeddable":true,"href":"https:\/\/basquetgirona.com\/es\/wp-json\/wp\/v2\/users\/4"}],"version-history":[{"count":1,"href":"https:\/\/basquetgirona.com\/es\/wp-json\/wp\/v2\/noticia\/61059\/revisions"}],"predecessor-version":[{"id":61060,"href":"https:\/\/basquetgirona.com\/es\/wp-json\/wp\/v2\/noticia\/61059\/revisions\/61060"}],"wp:featuredmedia":[{"embeddable":true,"href":"https:\/\/basquetgirona.com\/es\/wp-json\/wp\/v2\/media\/61057"}],"wp:attachment":[{"href":"https:\/\/basquetgirona.com\/es\/wp-json\/wp\/v2\/media?parent=61059"}],"wp:term":[{"taxonomy":"categoria_noticia","embeddable":true,"href":"https:\/\/basquetgirona.com\/es\/wp-json\/wp\/v2\/categoria_noticia?post=61059"}],"curies":[{"name":"wp","href":"https:\/\/api.w.org\/{rel}","templated":true}]}}