{"id":61086,"date":"2026-03-27T22:06:23","date_gmt":"2026-03-27T22:06:23","guid":{"rendered":"https:\/\/basquetgirona.com\/noticia\/derrota-contra-el-perfumerias-avenida\/"},"modified":"2026-03-27T22:06:59","modified_gmt":"2026-03-27T22:06:59","slug":"derrota-contra-el-perfumerias-avenida","status":"publish","type":"noticia","link":"https:\/\/basquetgirona.com\/es\/noticia\/derrota-contra-el-perfumerias-avenida\/","title":{"rendered":"Derrota contra el Perfumer\u00edas Avenida"},"content":{"rendered":"\n<p>Un Perfumer\u00edas Avenida muy s\u00f3lido y efectivo desde el inicio se ha impuesto en los cuartos de final de la Copa de la Reina. Pese a algunos intentos de reacci\u00f3n de las gerundenses, el acierto y la consistencia del conjunto castellano han ampliado progresivamente las diferencias, imponi\u00e9ndose por 53 a 76. <\/p>\n\n<p>Intercambio inicial de ambos conjuntos, destacando los puntos de Mariam y el 2+1 de Jocyte (7-7). Dicho esto, el parcial de 0-9 liderado por Cave (8 puntos) ha llevado a \u00cd\u00f1iguez a detener el choque (7-16). Pese al 2+1 de Soriano y Cave, la electricidad de Ainhoa \u200b\u200bha llevado al Spar a una peque\u00f1a reacci\u00f3n (13-21).  <\/p>\n\n<p>El liderazgo ofensivo de Jocyte ha llevado al Spar a situarse a s\u00f3lo cuatro puntos (21-25). Dicho esto, tras el tiempo muerto visitante, Iyana se hizo con el control de la Avenida para volver a abrir distancias para las castellanas (23-32) y, con la recuperaci\u00f3n y canasta de Soriano, Roberto volvi\u00f3 a detener el partido (23-38). La transici\u00f3n de Klara ha frenado el parcial. Sin embargo, la canasta final de Soriano situ\u00f3 el -15 (25-40).   <\/p>\n\n<p>Con el desacierto inicial, Vilar\u00f3 ha castigado con un triple (25-43). El Spar ha encontrado agujero con las transiciones de Holm y Merceron (29-45), pero el triple de Spreafico y el contragolpe de Soriano han aumentado la ventaja castellana (29-50). Seguidamente, Zellous y Soriano han ampliado desde la l\u00ednea personal (29-53). A poco por el final del tercer parcial, las canastas finales de Arica han situado el 36-57.   <\/p>\n\n<p>Con diferencia clara en el marcador, el Spar Girona ha buscado una reacci\u00f3n y, pese a encontrar canastas con Jocyte, Lola y Carol (42-68), la alta anotaci\u00f3n del Perfumer\u00edas Avenida no se ha frenado, imponi\u00e9ndose por 53 a 76.<\/p>\n\n<p><\/p>\n","protected":false},"excerpt":{"rendered":"<p>Un Perfumer\u00edas Avenida muy s\u00f3lido y efectivo desde el inicio se ha impuesto en los cuartos de final de la Copa de la Reina. Pese a algunos intentos de reacci\u00f3n de las gerundenses, el acierto y la consistencia del conjunto castellano han ampliado progresivamente las diferencias, imponi\u00e9ndose por 53 a 76. Intercambio inicial de ambos [&hellip;]<\/p>\n","protected":false},"author":4,"featured_media":61083,"menu_order":0,"template":"","categoria_noticia":[362],"class_list":["post-61086","noticia","type-noticia","status-publish","has-post-thumbnail","hentry","categoria_noticia-spar-girona-es"],"yoast_head":"<!-- This site is optimized with the Yoast SEO plugin v22.0 - https:\/\/yoast.com\/wordpress\/plugins\/seo\/ -->\n<title>Derrota contra el Perfumer\u00edas Avenida - Basquet Girona<\/title>\n<meta name=\"robots\" content=\"index, follow, max-snippet:-1, max-image-preview:large, max-video-preview:-1\" \/>\n<link rel=\"canonical\" href=\"https:\/\/basquetgirona.com\/es\/noticia\/derrota-contra-el-perfumerias-avenida\/\" \/>\n<meta property=\"og:locale\" content=\"es_ES\" \/>\n<meta property=\"og:type\" content=\"article\" \/>\n<meta property=\"og:title\" content=\"Derrota contra el Perfumer\u00edas Avenida - Basquet Girona\" \/>\n<meta property=\"og:description\" content=\"Un Perfumer\u00edas Avenida muy s\u00f3lido y efectivo desde el inicio se ha impuesto en los cuartos de final de la Copa de la Reina. Pese a algunos intentos de reacci\u00f3n de las gerundenses, el acierto y la consistencia del conjunto castellano han ampliado progresivamente las diferencias, imponi\u00e9ndose por 53 a 76. Intercambio inicial de ambos [&hellip;]\" \/>\n<meta property=\"og:url\" content=\"https:\/\/basquetgirona.com\/es\/noticia\/derrota-contra-el-perfumerias-avenida\/\" \/>\n<meta property=\"og:site_name\" content=\"Basquet Girona\" \/>\n<meta property=\"article:publisher\" content=\"https:\/\/www.facebook.com\/BasquetGironaOficial\" \/>\n<meta property=\"article:modified_time\" content=\"2026-03-27T22:06:59+00:00\" \/>\n<meta property=\"og:image\" content=\"https:\/\/basquetgirona.com\/wp-content\/uploads\/2026\/03\/web-final-quarts.webp\" \/>\n\t<meta property=\"og:image:width\" content=\"1260\" \/>\n\t<meta property=\"og:image:height\" content=\"501\" \/>\n\t<meta property=\"og:image:type\" content=\"image\/png\" \/>\n<meta name=\"twitter:card\" content=\"summary_large_image\" \/>\n<meta name=\"twitter:site\" content=\"@BasquetGirona\" \/>\n<meta name=\"twitter:label1\" content=\"Tiempo de lectura\" \/>\n\t<meta name=\"twitter:data1\" content=\"1 minuto\" \/>\n<!-- \/ Yoast SEO plugin. -->","yoast_head_json":{"title":"Derrota contra el Perfumer\u00edas Avenida - Basquet Girona","robots":{"index":"index","follow":"follow","max-snippet":"max-snippet:-1","max-image-preview":"max-image-preview:large","max-video-preview":"max-video-preview:-1"},"canonical":"https:\/\/basquetgirona.com\/es\/noticia\/derrota-contra-el-perfumerias-avenida\/","og_locale":"es_ES","og_type":"article","og_title":"Derrota contra el Perfumer\u00edas Avenida - Basquet Girona","og_description":"Un Perfumer\u00edas Avenida muy s\u00f3lido y efectivo desde el inicio se ha impuesto en los cuartos de final de la Copa de la Reina. Pese a algunos intentos de reacci\u00f3n de las gerundenses, el acierto y la consistencia del conjunto castellano han ampliado progresivamente las diferencias, imponi\u00e9ndose por 53 a 76. Intercambio inicial de ambos [&hellip;]","og_url":"https:\/\/basquetgirona.com\/es\/noticia\/derrota-contra-el-perfumerias-avenida\/","og_site_name":"Basquet Girona","article_publisher":"https:\/\/www.facebook.com\/BasquetGironaOficial","article_modified_time":"2026-03-27T22:06:59+00:00","og_image":[{"width":1260,"height":501,"url":"https:\/\/basquetgirona.com\/wp-content\/uploads\/2026\/03\/web-final-quarts.webp","type":"image\/png"}],"twitter_card":"summary_large_image","twitter_site":"@BasquetGirona","twitter_misc":{"Tiempo de lectura":"1 minuto"},"schema":{"@context":"https:\/\/schema.org","@graph":[{"@type":"NewsArticle","@id":"https:\/\/basquetgirona.com\/es\/noticia\/derrota-contra-el-perfumerias-avenida\/#article","isPartOf":{"@id":"https:\/\/basquetgirona.com\/es\/noticia\/derrota-contra-el-perfumerias-avenida\/"},"author":{"name":"Pau De Castro","@id":"https:\/\/basquetgirona.com\/es\/#\/schema\/person\/9196efe7de3d62004e09ea79cd72b8d5"},"headline":"Derrota contra el Perfumer\u00edas Avenida","datePublished":"2026-03-27T22:06:23+00:00","dateModified":"2026-03-27T22:06:59+00:00","mainEntityOfPage":{"@id":"https:\/\/basquetgirona.com\/es\/noticia\/derrota-contra-el-perfumerias-avenida\/"},"wordCount":302,"publisher":{"@id":"https:\/\/basquetgirona.com\/es\/#organization"},"inLanguage":"es"},{"@type":["WebPage","ItemPage"],"@id":"https:\/\/basquetgirona.com\/es\/noticia\/derrota-contra-el-perfumerias-avenida\/","url":"https:\/\/basquetgirona.com\/es\/noticia\/derrota-contra-el-perfumerias-avenida\/","name":"Derrota contra el Perfumer\u00edas Avenida - Basquet Girona","isPartOf":{"@id":"https:\/\/basquetgirona.com\/es\/#website"},"datePublished":"2026-03-27T22:06:23+00:00","dateModified":"2026-03-27T22:06:59+00:00","breadcrumb":{"@id":"https:\/\/basquetgirona.com\/es\/noticia\/derrota-contra-el-perfumerias-avenida\/#breadcrumb"},"inLanguage":"es","potentialAction":[{"@type":"ReadAction","target":["https:\/\/basquetgirona.com\/es\/noticia\/derrota-contra-el-perfumerias-avenida\/"]}]},{"@type":"BreadcrumbList","@id":"https:\/\/basquetgirona.com\/es\/noticia\/derrota-contra-el-perfumerias-avenida\/#breadcrumb","itemListElement":[{"@type":"ListItem","position":1,"name":"Inici","item":"https:\/\/basquetgirona.com\/es\/"},{"@type":"ListItem","position":2,"name":"Derrota contra el Perfumer\u00edas Avenida"}]},{"@type":"WebSite","@id":"https:\/\/basquetgirona.com\/es\/#website","url":"https:\/\/basquetgirona.com\/es\/","name":"Basquet Girona","description":"","publisher":{"@id":"https:\/\/basquetgirona.com\/es\/#organization"},"potentialAction":[{"@type":"SearchAction","target":{"@type":"EntryPoint","urlTemplate":"https:\/\/basquetgirona.com\/es\/?s={search_term_string}"},"query-input":"required name=search_term_string"}],"inLanguage":"es"},{"@type":"Organization","@id":"https:\/\/basquetgirona.com\/es\/#organization","name":"Basquet Girona","url":"https:\/\/basquetgirona.com\/es\/","logo":{"@type":"ImageObject","inLanguage":"es","@id":"https:\/\/basquetgirona.com\/es\/#\/schema\/logo\/image\/","url":"https:\/\/basquetgirona.com\/wp-content\/uploads\/2023\/02\/girona-logo1.png","contentUrl":"https:\/\/basquetgirona.com\/wp-content\/uploads\/2023\/02\/girona-logo1.png","width":124,"height":136,"caption":"Basquet Girona"},"image":{"@id":"https:\/\/basquetgirona.com\/es\/#\/schema\/logo\/image\/"},"sameAs":["https:\/\/www.facebook.com\/BasquetGironaOficial","https:\/\/twitter.com\/BasquetGirona","https:\/\/www.instagram.com\/basquetgirona\/","https:\/\/es.linkedin.com\/company\/bsquet-girona","https:\/\/www.tiktok.com\/@basquetgirona"]},{"@type":"Person","@id":"https:\/\/basquetgirona.com\/es\/#\/schema\/person\/9196efe7de3d62004e09ea79cd72b8d5","name":"Pau De Castro","image":{"@type":"ImageObject","inLanguage":"es","@id":"https:\/\/basquetgirona.com\/es\/#\/schema\/person\/image\/","url":"https:\/\/secure.gravatar.com\/avatar\/311a301e125ef9f088e17c727474e75fb5b82151095ccfc4b6e27ae4855b5814?s=96&d=mm&r=g","contentUrl":"https:\/\/secure.gravatar.com\/avatar\/311a301e125ef9f088e17c727474e75fb5b82151095ccfc4b6e27ae4855b5814?s=96&d=mm&r=g","caption":"Pau De Castro"},"url":"https:\/\/basquetgirona.com\/es\/author\/pdcastro\/"}]}},"acf":[],"_links":{"self":[{"href":"https:\/\/basquetgirona.com\/es\/wp-json\/wp\/v2\/noticia\/61086","targetHints":{"allow":["GET"]}}],"collection":[{"href":"https:\/\/basquetgirona.com\/es\/wp-json\/wp\/v2\/noticia"}],"about":[{"href":"https:\/\/basquetgirona.com\/es\/wp-json\/wp\/v2\/types\/noticia"}],"author":[{"embeddable":true,"href":"https:\/\/basquetgirona.com\/es\/wp-json\/wp\/v2\/users\/4"}],"version-history":[{"count":1,"href":"https:\/\/basquetgirona.com\/es\/wp-json\/wp\/v2\/noticia\/61086\/revisions"}],"predecessor-version":[{"id":61088,"href":"https:\/\/basquetgirona.com\/es\/wp-json\/wp\/v2\/noticia\/61086\/revisions\/61088"}],"wp:featuredmedia":[{"embeddable":true,"href":"https:\/\/basquetgirona.com\/es\/wp-json\/wp\/v2\/media\/61083"}],"wp:attachment":[{"href":"https:\/\/basquetgirona.com\/es\/wp-json\/wp\/v2\/media?parent=61086"}],"wp:term":[{"taxonomy":"categoria_noticia","embeddable":true,"href":"https:\/\/basquetgirona.com\/es\/wp-json\/wp\/v2\/categoria_noticia?post=61086"}],"curies":[{"name":"wp","href":"https:\/\/api.w.org\/{rel}","templated":true}]}}