{"id":61094,"date":"2026-03-29T09:10:26","date_gmt":"2026-03-29T09:10:26","guid":{"rendered":"https:\/\/basquetgirona.com\/noticia\/exhibicion-colectiva-sin-premio\/"},"modified":"2026-03-29T09:11:15","modified_gmt":"2026-03-29T09:11:15","slug":"exhibicion-colectiva-sin-premio","status":"publish","type":"noticia","link":"https:\/\/basquetgirona.com\/es\/noticia\/exhibicion-colectiva-sin-premio\/","title":{"rendered":"Exhibici\u00f3n colectiva sin premio"},"content":{"rendered":"\n<p>El B\u00e0squet Girona ha firmado un partido de alto nivel ofensivo, especialmente desde el per\u00edmetro, terminando con un espectacular 13 de 22 en triples y habiendo igualado su r\u00e9cord hist\u00f3rico de 17 triples en un mismo partido. Pese a esta exhibici\u00f3n anotadora y un esfuerzo constante durante los 40 minutos, el equipo gerundense no pudo evitar la derrota ajustada ante un Real Madrid que supo gestionar mejor los momentos clave. <\/p>\n\n<p>El primer tiempo ha sido un constante intercambio de golpes. El partido ha comenzado con un 0-5 favorable a los madrile\u00f1os, pero el Girona ha reaccionado r\u00e1pidamente con un parcial de 7-0 que ha dado la vuelta al marcador. Sin embargo, el Real Madrid respondi\u00f3 con un 4-13 para recuperar el control. En el segundo cuarto, los locales salieron fuertes con un 8-0 (21-22), pero de nuevo los blancos impusieron su ritmo con un 0-9. El Girona no se rindi\u00f3 y, con una reacci\u00f3n de 6-0 y cinco puntos consecutivos de Livingston, se mantuvo dentro del partido, llegando al descanso con un ajustado 32-37.    <\/p>\n\n<p>En la reanudaci\u00f3n, el Girona ha mostrado su mejor versi\u00f3n. Un triple inicial de Livingston, seguido de otro del mismo jugador, encendi\u00f3 el pabell\u00f3n, y con un triple de Geben se lleg\u00f3 al empate (45-45). Otis tambi\u00e9n se ha a\u00f1adido a la fiesta desde el per\u00edmetro, pero un parcial de 5-15 del Real Madrid ha vuelto a abrir brecha. Sin embargo, los gerundenses cerraron el tercer cuarto con un 7-3, liderados por los puntos de Vildoza. En el \u00faltimo periodo, los madrile\u00f1os parecieron sentenciar con un 5-10 (65-76), pero el Girona volvi\u00f3 a creer: triples de Needham (5 de 5) y acciones de Maric ajustaron el marcador hasta el 82-85. El equipo se lleg\u00f3 a situar a s\u00f3lo un punto en dos ocasiones, con triples de Otis (90-91) y Pep (93-94), pero finalmente el Real Madrid resisti\u00f3 el empuje final y se llev\u00f3 el triunfo.     <\/p>\n\n<figure class=\"wp-block-embed is-type-video is-provider-youtube wp-block-embed-youtube wp-embed-aspect-16-9 wp-has-aspect-ratio\"><div class=\"wp-block-embed__wrapper\">\n<iframe loading=\"lazy\" title=\"Els millors moments del #GironaMadrid (93-95)\" width=\"500\" height=\"281\" src=\"https:\/\/www.youtube.com\/embed\/A343ReWENvk?feature=oembed\" frameborder=\"0\" allow=\"accelerometer; autoplay; clipboard-write; encrypted-media; gyroscope; picture-in-picture; web-share\" referrerpolicy=\"strict-origin-when-cross-origin\" allowfullscreen><\/iframe>\n<\/div><\/figure>\n","protected":false},"excerpt":{"rendered":"<p>El B\u00e0squet Girona ha firmado un partido de alto nivel ofensivo, especialmente desde el per\u00edmetro, terminando con un espectacular 13 de 22 en triples y habiendo igualado su r\u00e9cord hist\u00f3rico de 17 triples en un mismo partido. Pese a esta exhibici\u00f3n anotadora y un esfuerzo constante durante los 40 minutos, el equipo gerundense no pudo [&hellip;]<\/p>\n","protected":false},"author":4,"featured_media":61092,"menu_order":0,"template":"","categoria_noticia":[190],"class_list":["post-61094","noticia","type-noticia","status-publish","has-post-thumbnail","hentry","categoria_noticia-equipos"],"yoast_head":"<!-- This site is optimized with the Yoast SEO plugin v22.0 - https:\/\/yoast.com\/wordpress\/plugins\/seo\/ -->\n<title>Exhibici\u00f3n colectiva sin premio - Basquet Girona<\/title>\n<meta name=\"robots\" content=\"index, follow, max-snippet:-1, max-image-preview:large, max-video-preview:-1\" \/>\n<link rel=\"canonical\" href=\"https:\/\/basquetgirona.com\/es\/noticia\/exhibicion-colectiva-sin-premio\/\" \/>\n<meta property=\"og:locale\" content=\"es_ES\" \/>\n<meta property=\"og:type\" content=\"article\" \/>\n<meta property=\"og:title\" content=\"Exhibici\u00f3n colectiva sin premio - Basquet Girona\" \/>\n<meta property=\"og:description\" content=\"El B\u00e0squet Girona ha firmado un partido de alto nivel ofensivo, especialmente desde el per\u00edmetro, terminando con un espectacular 13 de 22 en triples y habiendo igualado su r\u00e9cord hist\u00f3rico de 17 triples en un mismo partido. Pese a esta exhibici\u00f3n anotadora y un esfuerzo constante durante los 40 minutos, el equipo gerundense no pudo [&hellip;]\" \/>\n<meta property=\"og:url\" content=\"https:\/\/basquetgirona.com\/es\/noticia\/exhibicion-colectiva-sin-premio\/\" \/>\n<meta property=\"og:site_name\" content=\"Basquet Girona\" \/>\n<meta property=\"article:publisher\" content=\"https:\/\/www.facebook.com\/BasquetGironaOficial\" \/>\n<meta property=\"article:modified_time\" content=\"2026-03-29T09:11:15+00:00\" \/>\n<meta property=\"og:image\" content=\"https:\/\/basquetgirona.com\/wp-content\/uploads\/2026\/03\/DSC5515-1-scaled.webp\" \/>\n\t<meta property=\"og:image:width\" content=\"1920\" \/>\n\t<meta property=\"og:image:height\" content=\"1280\" \/>\n\t<meta property=\"og:image:type\" content=\"image\/jpeg\" \/>\n<meta name=\"twitter:card\" content=\"summary_large_image\" \/>\n<meta name=\"twitter:site\" content=\"@BasquetGirona\" \/>\n<meta name=\"twitter:label1\" content=\"Tiempo de lectura\" \/>\n\t<meta name=\"twitter:data1\" content=\"2 minutos\" \/>\n<!-- \/ Yoast SEO plugin. -->","yoast_head_json":{"title":"Exhibici\u00f3n colectiva sin premio - Basquet Girona","robots":{"index":"index","follow":"follow","max-snippet":"max-snippet:-1","max-image-preview":"max-image-preview:large","max-video-preview":"max-video-preview:-1"},"canonical":"https:\/\/basquetgirona.com\/es\/noticia\/exhibicion-colectiva-sin-premio\/","og_locale":"es_ES","og_type":"article","og_title":"Exhibici\u00f3n colectiva sin premio - Basquet Girona","og_description":"El B\u00e0squet Girona ha firmado un partido de alto nivel ofensivo, especialmente desde el per\u00edmetro, terminando con un espectacular 13 de 22 en triples y habiendo igualado su r\u00e9cord hist\u00f3rico de 17 triples en un mismo partido. Pese a esta exhibici\u00f3n anotadora y un esfuerzo constante durante los 40 minutos, el equipo gerundense no pudo [&hellip;]","og_url":"https:\/\/basquetgirona.com\/es\/noticia\/exhibicion-colectiva-sin-premio\/","og_site_name":"Basquet Girona","article_publisher":"https:\/\/www.facebook.com\/BasquetGironaOficial","article_modified_time":"2026-03-29T09:11:15+00:00","og_image":[{"width":1920,"height":1280,"url":"https:\/\/basquetgirona.com\/wp-content\/uploads\/2026\/03\/DSC5515-1-scaled.webp","type":"image\/jpeg"}],"twitter_card":"summary_large_image","twitter_site":"@BasquetGirona","twitter_misc":{"Tiempo de lectura":"2 minutos"},"schema":{"@context":"https:\/\/schema.org","@graph":[{"@type":"NewsArticle","@id":"https:\/\/basquetgirona.com\/es\/noticia\/exhibicion-colectiva-sin-premio\/#article","isPartOf":{"@id":"https:\/\/basquetgirona.com\/es\/noticia\/exhibicion-colectiva-sin-premio\/"},"author":{"name":"Pau De Castro","@id":"https:\/\/basquetgirona.com\/es\/#\/schema\/person\/9196efe7de3d62004e09ea79cd72b8d5"},"headline":"Exhibici\u00f3n colectiva sin premio","datePublished":"2026-03-29T09:10:26+00:00","dateModified":"2026-03-29T09:11:15+00:00","mainEntityOfPage":{"@id":"https:\/\/basquetgirona.com\/es\/noticia\/exhibicion-colectiva-sin-premio\/"},"wordCount":339,"publisher":{"@id":"https:\/\/basquetgirona.com\/es\/#organization"},"inLanguage":"es"},{"@type":["WebPage","ItemPage"],"@id":"https:\/\/basquetgirona.com\/es\/noticia\/exhibicion-colectiva-sin-premio\/","url":"https:\/\/basquetgirona.com\/es\/noticia\/exhibicion-colectiva-sin-premio\/","name":"Exhibici\u00f3n colectiva sin premio - Basquet Girona","isPartOf":{"@id":"https:\/\/basquetgirona.com\/es\/#website"},"datePublished":"2026-03-29T09:10:26+00:00","dateModified":"2026-03-29T09:11:15+00:00","breadcrumb":{"@id":"https:\/\/basquetgirona.com\/es\/noticia\/exhibicion-colectiva-sin-premio\/#breadcrumb"},"inLanguage":"es","potentialAction":[{"@type":"ReadAction","target":["https:\/\/basquetgirona.com\/es\/noticia\/exhibicion-colectiva-sin-premio\/"]}]},{"@type":"BreadcrumbList","@id":"https:\/\/basquetgirona.com\/es\/noticia\/exhibicion-colectiva-sin-premio\/#breadcrumb","itemListElement":[{"@type":"ListItem","position":1,"name":"Inici","item":"https:\/\/basquetgirona.com\/es\/"},{"@type":"ListItem","position":2,"name":"Exhibici\u00f3n colectiva sin premio"}]},{"@type":"WebSite","@id":"https:\/\/basquetgirona.com\/es\/#website","url":"https:\/\/basquetgirona.com\/es\/","name":"Basquet Girona","description":"","publisher":{"@id":"https:\/\/basquetgirona.com\/es\/#organization"},"potentialAction":[{"@type":"SearchAction","target":{"@type":"EntryPoint","urlTemplate":"https:\/\/basquetgirona.com\/es\/?s={search_term_string}"},"query-input":"required name=search_term_string"}],"inLanguage":"es"},{"@type":"Organization","@id":"https:\/\/basquetgirona.com\/es\/#organization","name":"Basquet Girona","url":"https:\/\/basquetgirona.com\/es\/","logo":{"@type":"ImageObject","inLanguage":"es","@id":"https:\/\/basquetgirona.com\/es\/#\/schema\/logo\/image\/","url":"https:\/\/basquetgirona.com\/wp-content\/uploads\/2023\/02\/girona-logo1.png","contentUrl":"https:\/\/basquetgirona.com\/wp-content\/uploads\/2023\/02\/girona-logo1.png","width":124,"height":136,"caption":"Basquet Girona"},"image":{"@id":"https:\/\/basquetgirona.com\/es\/#\/schema\/logo\/image\/"},"sameAs":["https:\/\/www.facebook.com\/BasquetGironaOficial","https:\/\/twitter.com\/BasquetGirona","https:\/\/www.instagram.com\/basquetgirona\/","https:\/\/es.linkedin.com\/company\/bsquet-girona","https:\/\/www.tiktok.com\/@basquetgirona"]},{"@type":"Person","@id":"https:\/\/basquetgirona.com\/es\/#\/schema\/person\/9196efe7de3d62004e09ea79cd72b8d5","name":"Pau De Castro","image":{"@type":"ImageObject","inLanguage":"es","@id":"https:\/\/basquetgirona.com\/es\/#\/schema\/person\/image\/","url":"https:\/\/secure.gravatar.com\/avatar\/311a301e125ef9f088e17c727474e75fb5b82151095ccfc4b6e27ae4855b5814?s=96&d=mm&r=g","contentUrl":"https:\/\/secure.gravatar.com\/avatar\/311a301e125ef9f088e17c727474e75fb5b82151095ccfc4b6e27ae4855b5814?s=96&d=mm&r=g","caption":"Pau De Castro"},"url":"https:\/\/basquetgirona.com\/es\/author\/pdcastro\/"}]}},"acf":[],"_links":{"self":[{"href":"https:\/\/basquetgirona.com\/es\/wp-json\/wp\/v2\/noticia\/61094","targetHints":{"allow":["GET"]}}],"collection":[{"href":"https:\/\/basquetgirona.com\/es\/wp-json\/wp\/v2\/noticia"}],"about":[{"href":"https:\/\/basquetgirona.com\/es\/wp-json\/wp\/v2\/types\/noticia"}],"author":[{"embeddable":true,"href":"https:\/\/basquetgirona.com\/es\/wp-json\/wp\/v2\/users\/4"}],"version-history":[{"count":1,"href":"https:\/\/basquetgirona.com\/es\/wp-json\/wp\/v2\/noticia\/61094\/revisions"}],"predecessor-version":[{"id":61095,"href":"https:\/\/basquetgirona.com\/es\/wp-json\/wp\/v2\/noticia\/61094\/revisions\/61095"}],"wp:featuredmedia":[{"embeddable":true,"href":"https:\/\/basquetgirona.com\/es\/wp-json\/wp\/v2\/media\/61092"}],"wp:attachment":[{"href":"https:\/\/basquetgirona.com\/es\/wp-json\/wp\/v2\/media?parent=61094"}],"wp:term":[{"taxonomy":"categoria_noticia","embeddable":true,"href":"https:\/\/basquetgirona.com\/es\/wp-json\/wp\/v2\/categoria_noticia?post=61094"}],"curies":[{"name":"wp","href":"https:\/\/api.w.org\/{rel}","templated":true}]}}