{"id":61118,"date":"2026-03-30T15:14:03","date_gmt":"2026-03-30T15:14:03","guid":{"rendered":"https:\/\/basquetgirona.com\/?post_type=noticia&#038;p=61118"},"modified":"2026-03-30T15:14:08","modified_gmt":"2026-03-30T15:14:08","slug":"fontajau-viura-un-abril-amb-tres-cites-destacades-de-basquet","status":"publish","type":"noticia","link":"https:\/\/basquetgirona.com\/es\/noticia\/fontajau-viura-un-abril-amb-tres-cites-destacades-de-basquet\/","title":{"rendered":"Fontajau viur\u00e0 un abril amb tres cites destacades de b\u00e0squet"},"content":{"rendered":"\n<p>El pavell\u00f3 de Fontajau acollir\u00e0 aquest mes d\u2019abril tres partits de primer nivell amb la pres\u00e8ncia del B\u00e0squet Girona i l\u2019Spar Girona, en un tram de temporada exigent tant a l\u2019ACB com a la LF Endesa. Entrades disponibles a <a href=\"https:\/\/basquetgirona.com\/entrades-general\/\">https:\/\/basquetgirona.com\/entrades-general\/<\/a>.<\/p>\n\n\n\n<p>El primer duel arribar\u00e0 el 8 d\u2019abril a les 20:00 hores, amb el partit entre l\u2019Spar Girona i el Movistar Estudiantes, corresponent a la jornada 27 de la LF Endesa. El conjunt madrileny arriba com l\u2019equip m\u00e9s en forma de la competici\u00f3, encadenant set vict\u00f2ries consecutives i situat en la novena posici\u00f3 de la classificaci\u00f3.<\/p>\n\n\n\n<p>El 19 d\u2019abril a les 18:00 hores ser\u00e0 el torn del B\u00e0squet Girona, que rebr\u00e0 el Valencia Basket en la jornada 26 de l\u2019ACB. El rival valenci\u00e0, de nivell Eurolliga, ocupa actualment la segona posici\u00f3 de la lliga amb un balan\u00e7 de 18 vict\u00f2ries i 6 derrotes.<\/p>\n\n\n\n<p>Finalment, el 22 d\u2019abril a les 20:00 hores, l\u2019Spar Girona tornar\u00e0 a jugar a casa davant l\u2019Hozono Global Jairis en la jornada 29 de la LF Endesa. El conjunt murci\u00e0, finalista de la Copa de la Reina, es troba actualment en la cinquena posici\u00f3 de la classificaci\u00f3.<\/p>\n\n\n\n<p>Tres oportunitats per veure b\u00e0squet d\u2019alt nivell a Fontajau en un mes clau de la temporada.<\/p>\n","protected":false},"excerpt":{"rendered":"<p>El pavell\u00f3 de Fontajau acollir\u00e0 aquest mes d\u2019abril tres partits de primer nivell amb la pres\u00e8ncia del B\u00e0squet Girona i l\u2019Spar Girona, en un tram de temporada exigent tant a l\u2019ACB com a la LF Endesa. Entrades disponibles a https:\/\/basquetgirona.com\/entrades-general\/. El primer duel arribar\u00e0 el 8 d\u2019abril a les 20:00 hores, amb el partit entre [&hellip;]<\/p>\n","protected":false},"author":4,"featured_media":60347,"menu_order":0,"template":"","categoria_noticia":[362,190],"class_list":["post-61118","noticia","type-noticia","status-publish","has-post-thumbnail","hentry","categoria_noticia-spar-girona-es","categoria_noticia-equipos"],"yoast_head":"<!-- This site is optimized with the Yoast SEO plugin v22.0 - https:\/\/yoast.com\/wordpress\/plugins\/seo\/ -->\n<title>Fontajau viur\u00e0 un abril amb tres cites destacades de b\u00e0squet - Basquet Girona<\/title>\n<meta name=\"robots\" content=\"index, follow, max-snippet:-1, max-image-preview:large, max-video-preview:-1\" \/>\n<link rel=\"canonical\" href=\"https:\/\/basquetgirona.com\/es\/noticia\/fontajau-viura-un-abril-amb-tres-cites-destacades-de-basquet\/\" \/>\n<meta property=\"og:locale\" content=\"es_ES\" \/>\n<meta property=\"og:type\" content=\"article\" \/>\n<meta property=\"og:title\" content=\"Fontajau viur\u00e0 un abril amb tres cites destacades de b\u00e0squet - Basquet Girona\" \/>\n<meta property=\"og:description\" content=\"El pavell\u00f3 de Fontajau acollir\u00e0 aquest mes d\u2019abril tres partits de primer nivell amb la pres\u00e8ncia del B\u00e0squet Girona i l\u2019Spar Girona, en un tram de temporada exigent tant a l\u2019ACB com a la LF Endesa. Entrades disponibles a https:\/\/basquetgirona.com\/entrades-general\/. El primer duel arribar\u00e0 el 8 d\u2019abril a les 20:00 hores, amb el partit entre [&hellip;]\" \/>\n<meta property=\"og:url\" content=\"https:\/\/basquetgirona.com\/es\/noticia\/fontajau-viura-un-abril-amb-tres-cites-destacades-de-basquet\/\" \/>\n<meta property=\"og:site_name\" content=\"Basquet Girona\" \/>\n<meta property=\"article:publisher\" content=\"https:\/\/www.facebook.com\/BasquetGironaOficial\" \/>\n<meta property=\"article:modified_time\" content=\"2026-03-30T15:14:08+00:00\" \/>\n<meta property=\"og:image\" content=\"https:\/\/basquetgirona.com\/wp-content\/uploads\/2026\/02\/DSC0363-1-scaled.webp\" \/>\n\t<meta property=\"og:image:width\" content=\"1920\" \/>\n\t<meta property=\"og:image:height\" content=\"1280\" \/>\n\t<meta property=\"og:image:type\" content=\"image\/jpeg\" \/>\n<meta name=\"twitter:card\" content=\"summary_large_image\" \/>\n<meta name=\"twitter:site\" content=\"@BasquetGirona\" \/>\n<meta name=\"twitter:label1\" content=\"Tiempo de lectura\" \/>\n\t<meta name=\"twitter:data1\" content=\"2 minutos\" \/>\n<!-- \/ Yoast SEO plugin. -->","yoast_head_json":{"title":"Fontajau viur\u00e0 un abril amb tres cites destacades de b\u00e0squet - Basquet Girona","robots":{"index":"index","follow":"follow","max-snippet":"max-snippet:-1","max-image-preview":"max-image-preview:large","max-video-preview":"max-video-preview:-1"},"canonical":"https:\/\/basquetgirona.com\/es\/noticia\/fontajau-viura-un-abril-amb-tres-cites-destacades-de-basquet\/","og_locale":"es_ES","og_type":"article","og_title":"Fontajau viur\u00e0 un abril amb tres cites destacades de b\u00e0squet - Basquet Girona","og_description":"El pavell\u00f3 de Fontajau acollir\u00e0 aquest mes d\u2019abril tres partits de primer nivell amb la pres\u00e8ncia del B\u00e0squet Girona i l\u2019Spar Girona, en un tram de temporada exigent tant a l\u2019ACB com a la LF Endesa. Entrades disponibles a https:\/\/basquetgirona.com\/entrades-general\/. El primer duel arribar\u00e0 el 8 d\u2019abril a les 20:00 hores, amb el partit entre [&hellip;]","og_url":"https:\/\/basquetgirona.com\/es\/noticia\/fontajau-viura-un-abril-amb-tres-cites-destacades-de-basquet\/","og_site_name":"Basquet Girona","article_publisher":"https:\/\/www.facebook.com\/BasquetGironaOficial","article_modified_time":"2026-03-30T15:14:08+00:00","og_image":[{"width":1920,"height":1280,"url":"https:\/\/basquetgirona.com\/wp-content\/uploads\/2026\/02\/DSC0363-1-scaled.webp","type":"image\/jpeg"}],"twitter_card":"summary_large_image","twitter_site":"@BasquetGirona","twitter_misc":{"Tiempo de lectura":"2 minutos"},"schema":{"@context":"https:\/\/schema.org","@graph":[{"@type":"NewsArticle","@id":"https:\/\/basquetgirona.com\/es\/noticia\/fontajau-viura-un-abril-amb-tres-cites-destacades-de-basquet\/#article","isPartOf":{"@id":"https:\/\/basquetgirona.com\/es\/noticia\/fontajau-viura-un-abril-amb-tres-cites-destacades-de-basquet\/"},"author":{"name":"Pau De Castro","@id":"https:\/\/basquetgirona.com\/es\/#\/schema\/person\/9196efe7de3d62004e09ea79cd72b8d5"},"headline":"Fontajau viur\u00e0 un abril amb tres cites destacades de b\u00e0squet","datePublished":"2026-03-30T15:14:03+00:00","dateModified":"2026-03-30T15:14:08+00:00","mainEntityOfPage":{"@id":"https:\/\/basquetgirona.com\/es\/noticia\/fontajau-viura-un-abril-amb-tres-cites-destacades-de-basquet\/"},"wordCount":227,"publisher":{"@id":"https:\/\/basquetgirona.com\/es\/#organization"},"inLanguage":"es"},{"@type":["WebPage","ItemPage"],"@id":"https:\/\/basquetgirona.com\/es\/noticia\/fontajau-viura-un-abril-amb-tres-cites-destacades-de-basquet\/","url":"https:\/\/basquetgirona.com\/es\/noticia\/fontajau-viura-un-abril-amb-tres-cites-destacades-de-basquet\/","name":"Fontajau viur\u00e0 un abril amb tres cites destacades de b\u00e0squet - Basquet Girona","isPartOf":{"@id":"https:\/\/basquetgirona.com\/es\/#website"},"datePublished":"2026-03-30T15:14:03+00:00","dateModified":"2026-03-30T15:14:08+00:00","breadcrumb":{"@id":"https:\/\/basquetgirona.com\/es\/noticia\/fontajau-viura-un-abril-amb-tres-cites-destacades-de-basquet\/#breadcrumb"},"inLanguage":"es","potentialAction":[{"@type":"ReadAction","target":["https:\/\/basquetgirona.com\/es\/noticia\/fontajau-viura-un-abril-amb-tres-cites-destacades-de-basquet\/"]}]},{"@type":"BreadcrumbList","@id":"https:\/\/basquetgirona.com\/es\/noticia\/fontajau-viura-un-abril-amb-tres-cites-destacades-de-basquet\/#breadcrumb","itemListElement":[{"@type":"ListItem","position":1,"name":"Inici","item":"https:\/\/basquetgirona.com\/es\/"},{"@type":"ListItem","position":2,"name":"Fontajau viur\u00e0 un abril amb tres cites destacades de b\u00e0squet"}]},{"@type":"WebSite","@id":"https:\/\/basquetgirona.com\/es\/#website","url":"https:\/\/basquetgirona.com\/es\/","name":"Basquet Girona","description":"","publisher":{"@id":"https:\/\/basquetgirona.com\/es\/#organization"},"potentialAction":[{"@type":"SearchAction","target":{"@type":"EntryPoint","urlTemplate":"https:\/\/basquetgirona.com\/es\/?s={search_term_string}"},"query-input":"required name=search_term_string"}],"inLanguage":"es"},{"@type":"Organization","@id":"https:\/\/basquetgirona.com\/es\/#organization","name":"Basquet Girona","url":"https:\/\/basquetgirona.com\/es\/","logo":{"@type":"ImageObject","inLanguage":"es","@id":"https:\/\/basquetgirona.com\/es\/#\/schema\/logo\/image\/","url":"https:\/\/basquetgirona.com\/wp-content\/uploads\/2023\/02\/girona-logo1.png","contentUrl":"https:\/\/basquetgirona.com\/wp-content\/uploads\/2023\/02\/girona-logo1.png","width":124,"height":136,"caption":"Basquet Girona"},"image":{"@id":"https:\/\/basquetgirona.com\/es\/#\/schema\/logo\/image\/"},"sameAs":["https:\/\/www.facebook.com\/BasquetGironaOficial","https:\/\/twitter.com\/BasquetGirona","https:\/\/www.instagram.com\/basquetgirona\/","https:\/\/es.linkedin.com\/company\/bsquet-girona","https:\/\/www.tiktok.com\/@basquetgirona"]},{"@type":"Person","@id":"https:\/\/basquetgirona.com\/es\/#\/schema\/person\/9196efe7de3d62004e09ea79cd72b8d5","name":"Pau De Castro","image":{"@type":"ImageObject","inLanguage":"es","@id":"https:\/\/basquetgirona.com\/es\/#\/schema\/person\/image\/","url":"https:\/\/secure.gravatar.com\/avatar\/311a301e125ef9f088e17c727474e75fb5b82151095ccfc4b6e27ae4855b5814?s=96&d=mm&r=g","contentUrl":"https:\/\/secure.gravatar.com\/avatar\/311a301e125ef9f088e17c727474e75fb5b82151095ccfc4b6e27ae4855b5814?s=96&d=mm&r=g","caption":"Pau De Castro"},"url":"https:\/\/basquetgirona.com\/es\/author\/pdcastro\/"}]}},"acf":[],"_links":{"self":[{"href":"https:\/\/basquetgirona.com\/es\/wp-json\/wp\/v2\/noticia\/61118","targetHints":{"allow":["GET"]}}],"collection":[{"href":"https:\/\/basquetgirona.com\/es\/wp-json\/wp\/v2\/noticia"}],"about":[{"href":"https:\/\/basquetgirona.com\/es\/wp-json\/wp\/v2\/types\/noticia"}],"author":[{"embeddable":true,"href":"https:\/\/basquetgirona.com\/es\/wp-json\/wp\/v2\/users\/4"}],"version-history":[{"count":1,"href":"https:\/\/basquetgirona.com\/es\/wp-json\/wp\/v2\/noticia\/61118\/revisions"}],"predecessor-version":[{"id":61119,"href":"https:\/\/basquetgirona.com\/es\/wp-json\/wp\/v2\/noticia\/61118\/revisions\/61119"}],"wp:featuredmedia":[{"embeddable":true,"href":"https:\/\/basquetgirona.com\/es\/wp-json\/wp\/v2\/media\/60347"}],"wp:attachment":[{"href":"https:\/\/basquetgirona.com\/es\/wp-json\/wp\/v2\/media?parent=61118"}],"wp:term":[{"taxonomy":"categoria_noticia","embeddable":true,"href":"https:\/\/basquetgirona.com\/es\/wp-json\/wp\/v2\/categoria_noticia?post=61118"}],"curies":[{"name":"wp","href":"https:\/\/api.w.org\/{rel}","templated":true}]}}