{"id":61136,"date":"2026-03-31T10:19:33","date_gmt":"2026-03-31T10:19:33","guid":{"rendered":"https:\/\/basquetgirona.com\/noticia\/cameron-hildreth-ficha-por-el-baloncesto-girona\/"},"modified":"2026-03-31T14:53:28","modified_gmt":"2026-03-31T14:53:28","slug":"cameron-hildreth-ficha-por-el-baloncesto-girona","status":"publish","type":"noticia","link":"https:\/\/basquetgirona.com\/es\/noticia\/cameron-hildreth-ficha-por-el-baloncesto-girona\/","title":{"rendered":"Cameron Hildreth ficha por el B\u00e0squet Girona"},"content":{"rendered":"\n<p>Cameron Hildreth (Worthing, 18\/09\/2002) es nuevo jugador del B\u00e0squet Girona hasta final de temporada. El alero, de 1,95 metros de altura, llega procedente de los Noblesville Boom, equipo filial de los Indiana Pacers que juega en la G League. <\/p>\n\n<p>Hildreth ha desarrollado su trayectoria en la liga inglesa, en el Surrey Scorchers, la temporada 2020\/21, para despu\u00e9s fichar por la Universidad de Wake Forest (Wake Forest Demon Deacons) de la NCAA, donde ha jugado desde la temporada 2021\/22 hasta la 2024\/25.<\/p>\n\n<p>En su \u00faltima temporada en la NCAA, en la que disput\u00f3 30 partidos, promedi\u00f3 14,8 puntos, 3,8 rebotes y 2,7 \u200b\u200basistencias por partido. Esta temporada, en la G League, ha jugado 35 partidos con una media de 13,3 puntos, 3,3 rebotes y 3,4 asistencias. El jugador tambi\u00e9n ha participado en el Adidas Next Generation Tournament la temporada 2019\/20 y ha sido internacional con la selecci\u00f3n inglesa U16 y U18.  <\/p>\n\n<p><strong>Declaraciones de Fernando San Emeterio, director deportivo:  <\/strong>&#8220;Despu\u00e9s de la lesi\u00f3n de Maxi, consideramos que deb\u00edamos reforzar el juego exterior del equipo. Cameron es un jugador muy vers\u00e1til: ha jugado de 3 y de 2, e incluso esta temporada ha actuado de 1 en su equipo debido a las lesiones que han tenido. Tiene una buena capacidad para jugar en transici\u00f3n, as\u00ed como para acabar dentro de , as\u00ed como para acabar dentro de , as\u00ed como para terminar dentro de la lesi\u00f3n que han tenido. Creemos que aporta una buena intensidad defensiva y una energ\u00eda que se acoplar\u00e1 muy bien a nuestra filosof\u00eda, por lo que hemos decidido incorporarlo.&#8221;<\/p>\n\n<figure class=\"wp-block-embed is-type-video is-provider-youtube wp-block-embed-youtube wp-embed-aspect-16-9 wp-has-aspect-ratio\"><div class=\"wp-block-embed__wrapper\">\n<iframe loading=\"lazy\" title=\"Millors moments de Cameron Hildreth 2025\/2026\" width=\"500\" height=\"281\" src=\"https:\/\/www.youtube.com\/embed\/Hwtge3BOZMo?feature=oembed\" frameborder=\"0\" allow=\"accelerometer; autoplay; clipboard-write; encrypted-media; gyroscope; picture-in-picture; web-share\" referrerpolicy=\"strict-origin-when-cross-origin\" allowfullscreen><\/iframe>\n<\/div><\/figure>\n","protected":false},"excerpt":{"rendered":"<p>Cameron Hildreth (Worthing, 18\/09\/2002) es nuevo jugador del B\u00e0squet Girona hasta final de temporada. El alero, de 1,95 metros de altura, llega procedente de los Noblesville Boom, equipo filial de los Indiana Pacers que juega en la G League. Hildreth ha desarrollado su trayectoria en la liga inglesa, en el Surrey Scorchers, la temporada 2020\/21, [&hellip;]<\/p>\n","protected":false},"author":4,"featured_media":61129,"menu_order":0,"template":"","categoria_noticia":[190],"class_list":["post-61136","noticia","type-noticia","status-publish","has-post-thumbnail","hentry","categoria_noticia-equipos"],"yoast_head":"<!-- This site is optimized with the Yoast SEO plugin v22.0 - https:\/\/yoast.com\/wordpress\/plugins\/seo\/ -->\n<title>Cameron Hildreth ficha por el B\u00e0squet Girona - Basquet Girona<\/title>\n<meta name=\"robots\" content=\"index, follow, max-snippet:-1, max-image-preview:large, max-video-preview:-1\" \/>\n<link rel=\"canonical\" href=\"https:\/\/basquetgirona.com\/es\/noticia\/cameron-hildreth-ficha-por-el-baloncesto-girona\/\" \/>\n<meta property=\"og:locale\" content=\"es_ES\" \/>\n<meta property=\"og:type\" content=\"article\" \/>\n<meta property=\"og:title\" content=\"Cameron Hildreth ficha por el B\u00e0squet Girona - Basquet Girona\" \/>\n<meta property=\"og:description\" content=\"Cameron Hildreth (Worthing, 18\/09\/2002) es nuevo jugador del B\u00e0squet Girona hasta final de temporada. El alero, de 1,95 metros de altura, llega procedente de los Noblesville Boom, equipo filial de los Indiana Pacers que juega en la G League. Hildreth ha desarrollado su trayectoria en la liga inglesa, en el Surrey Scorchers, la temporada 2020\/21, [&hellip;]\" \/>\n<meta property=\"og:url\" content=\"https:\/\/basquetgirona.com\/es\/noticia\/cameron-hildreth-ficha-por-el-baloncesto-girona\/\" \/>\n<meta property=\"og:site_name\" content=\"Basquet Girona\" \/>\n<meta property=\"article:publisher\" content=\"https:\/\/www.facebook.com\/BasquetGironaOficial\" \/>\n<meta property=\"article:modified_time\" content=\"2026-03-31T14:53:28+00:00\" \/>\n<meta property=\"og:image\" content=\"https:\/\/basquetgirona.com\/wp-content\/uploads\/2026\/03\/Demo-Fitxatge.webp\" \/>\n\t<meta property=\"og:image:width\" content=\"1080\" \/>\n\t<meta property=\"og:image:height\" content=\"1350\" \/>\n\t<meta property=\"og:image:type\" content=\"image\/jpeg\" \/>\n<meta name=\"twitter:card\" content=\"summary_large_image\" \/>\n<meta name=\"twitter:site\" content=\"@BasquetGirona\" \/>\n<meta name=\"twitter:label1\" content=\"Tiempo de lectura\" \/>\n\t<meta name=\"twitter:data1\" content=\"1 minuto\" \/>\n<!-- \/ Yoast SEO plugin. -->","yoast_head_json":{"title":"Cameron Hildreth ficha por el B\u00e0squet Girona - Basquet Girona","robots":{"index":"index","follow":"follow","max-snippet":"max-snippet:-1","max-image-preview":"max-image-preview:large","max-video-preview":"max-video-preview:-1"},"canonical":"https:\/\/basquetgirona.com\/es\/noticia\/cameron-hildreth-ficha-por-el-baloncesto-girona\/","og_locale":"es_ES","og_type":"article","og_title":"Cameron Hildreth ficha por el B\u00e0squet Girona - Basquet Girona","og_description":"Cameron Hildreth (Worthing, 18\/09\/2002) es nuevo jugador del B\u00e0squet Girona hasta final de temporada. El alero, de 1,95 metros de altura, llega procedente de los Noblesville Boom, equipo filial de los Indiana Pacers que juega en la G League. Hildreth ha desarrollado su trayectoria en la liga inglesa, en el Surrey Scorchers, la temporada 2020\/21, [&hellip;]","og_url":"https:\/\/basquetgirona.com\/es\/noticia\/cameron-hildreth-ficha-por-el-baloncesto-girona\/","og_site_name":"Basquet Girona","article_publisher":"https:\/\/www.facebook.com\/BasquetGironaOficial","article_modified_time":"2026-03-31T14:53:28+00:00","og_image":[{"width":1080,"height":1350,"url":"https:\/\/basquetgirona.com\/wp-content\/uploads\/2026\/03\/Demo-Fitxatge.webp","type":"image\/jpeg"}],"twitter_card":"summary_large_image","twitter_site":"@BasquetGirona","twitter_misc":{"Tiempo de lectura":"1 minuto"},"schema":{"@context":"https:\/\/schema.org","@graph":[{"@type":"NewsArticle","@id":"https:\/\/basquetgirona.com\/es\/noticia\/cameron-hildreth-ficha-por-el-baloncesto-girona\/#article","isPartOf":{"@id":"https:\/\/basquetgirona.com\/es\/noticia\/cameron-hildreth-ficha-por-el-baloncesto-girona\/"},"author":{"name":"Pau De Castro","@id":"https:\/\/basquetgirona.com\/es\/#\/schema\/person\/9196efe7de3d62004e09ea79cd72b8d5"},"headline":"Cameron Hildreth ficha por el B\u00e0squet Girona","datePublished":"2026-03-31T10:19:33+00:00","dateModified":"2026-03-31T14:53:28+00:00","mainEntityOfPage":{"@id":"https:\/\/basquetgirona.com\/es\/noticia\/cameron-hildreth-ficha-por-el-baloncesto-girona\/"},"wordCount":266,"publisher":{"@id":"https:\/\/basquetgirona.com\/es\/#organization"},"inLanguage":"es"},{"@type":["WebPage","ItemPage"],"@id":"https:\/\/basquetgirona.com\/es\/noticia\/cameron-hildreth-ficha-por-el-baloncesto-girona\/","url":"https:\/\/basquetgirona.com\/es\/noticia\/cameron-hildreth-ficha-por-el-baloncesto-girona\/","name":"Cameron Hildreth ficha por el B\u00e0squet Girona - Basquet Girona","isPartOf":{"@id":"https:\/\/basquetgirona.com\/es\/#website"},"datePublished":"2026-03-31T10:19:33+00:00","dateModified":"2026-03-31T14:53:28+00:00","breadcrumb":{"@id":"https:\/\/basquetgirona.com\/es\/noticia\/cameron-hildreth-ficha-por-el-baloncesto-girona\/#breadcrumb"},"inLanguage":"es","potentialAction":[{"@type":"ReadAction","target":["https:\/\/basquetgirona.com\/es\/noticia\/cameron-hildreth-ficha-por-el-baloncesto-girona\/"]}]},{"@type":"BreadcrumbList","@id":"https:\/\/basquetgirona.com\/es\/noticia\/cameron-hildreth-ficha-por-el-baloncesto-girona\/#breadcrumb","itemListElement":[{"@type":"ListItem","position":1,"name":"Inici","item":"https:\/\/basquetgirona.com\/es\/"},{"@type":"ListItem","position":2,"name":"Cameron Hildreth ficha por el B\u00e0squet Girona"}]},{"@type":"WebSite","@id":"https:\/\/basquetgirona.com\/es\/#website","url":"https:\/\/basquetgirona.com\/es\/","name":"Basquet Girona","description":"","publisher":{"@id":"https:\/\/basquetgirona.com\/es\/#organization"},"potentialAction":[{"@type":"SearchAction","target":{"@type":"EntryPoint","urlTemplate":"https:\/\/basquetgirona.com\/es\/?s={search_term_string}"},"query-input":"required name=search_term_string"}],"inLanguage":"es"},{"@type":"Organization","@id":"https:\/\/basquetgirona.com\/es\/#organization","name":"Basquet Girona","url":"https:\/\/basquetgirona.com\/es\/","logo":{"@type":"ImageObject","inLanguage":"es","@id":"https:\/\/basquetgirona.com\/es\/#\/schema\/logo\/image\/","url":"https:\/\/basquetgirona.com\/wp-content\/uploads\/2023\/02\/girona-logo1.png","contentUrl":"https:\/\/basquetgirona.com\/wp-content\/uploads\/2023\/02\/girona-logo1.png","width":124,"height":136,"caption":"Basquet Girona"},"image":{"@id":"https:\/\/basquetgirona.com\/es\/#\/schema\/logo\/image\/"},"sameAs":["https:\/\/www.facebook.com\/BasquetGironaOficial","https:\/\/twitter.com\/BasquetGirona","https:\/\/www.instagram.com\/basquetgirona\/","https:\/\/es.linkedin.com\/company\/bsquet-girona","https:\/\/www.tiktok.com\/@basquetgirona"]},{"@type":"Person","@id":"https:\/\/basquetgirona.com\/es\/#\/schema\/person\/9196efe7de3d62004e09ea79cd72b8d5","name":"Pau De Castro","image":{"@type":"ImageObject","inLanguage":"es","@id":"https:\/\/basquetgirona.com\/es\/#\/schema\/person\/image\/","url":"https:\/\/secure.gravatar.com\/avatar\/311a301e125ef9f088e17c727474e75fb5b82151095ccfc4b6e27ae4855b5814?s=96&d=mm&r=g","contentUrl":"https:\/\/secure.gravatar.com\/avatar\/311a301e125ef9f088e17c727474e75fb5b82151095ccfc4b6e27ae4855b5814?s=96&d=mm&r=g","caption":"Pau De Castro"},"url":"https:\/\/basquetgirona.com\/es\/author\/pdcastro\/"}]}},"acf":[],"_links":{"self":[{"href":"https:\/\/basquetgirona.com\/es\/wp-json\/wp\/v2\/noticia\/61136","targetHints":{"allow":["GET"]}}],"collection":[{"href":"https:\/\/basquetgirona.com\/es\/wp-json\/wp\/v2\/noticia"}],"about":[{"href":"https:\/\/basquetgirona.com\/es\/wp-json\/wp\/v2\/types\/noticia"}],"author":[{"embeddable":true,"href":"https:\/\/basquetgirona.com\/es\/wp-json\/wp\/v2\/users\/4"}],"version-history":[{"count":4,"href":"https:\/\/basquetgirona.com\/es\/wp-json\/wp\/v2\/noticia\/61136\/revisions"}],"predecessor-version":[{"id":61153,"href":"https:\/\/basquetgirona.com\/es\/wp-json\/wp\/v2\/noticia\/61136\/revisions\/61153"}],"wp:featuredmedia":[{"embeddable":true,"href":"https:\/\/basquetgirona.com\/es\/wp-json\/wp\/v2\/media\/61129"}],"wp:attachment":[{"href":"https:\/\/basquetgirona.com\/es\/wp-json\/wp\/v2\/media?parent=61136"}],"wp:term":[{"taxonomy":"categoria_noticia","embeddable":true,"href":"https:\/\/basquetgirona.com\/es\/wp-json\/wp\/v2\/categoria_noticia?post=61136"}],"curies":[{"name":"wp","href":"https:\/\/api.w.org\/{rel}","templated":true}]}}