{"id":61198,"date":"2026-04-01T13:51:55","date_gmt":"2026-04-01T13:51:55","guid":{"rendered":"https:\/\/basquetgirona.com\/noticia\/fontajau-registra-una-entrada-historica-contra-el-real-madrid\/"},"modified":"2026-04-01T13:52:48","modified_gmt":"2026-04-01T13:52:48","slug":"fontajau-registra-una-entrada-historica-contra-el-real-madrid","status":"publish","type":"noticia","link":"https:\/\/basquetgirona.com\/es\/noticia\/fontajau-registra-una-entrada-historica-contra-el-real-madrid\/","title":{"rendered":"Fontajau registra una entrada hist\u00f3rica contra el Real Madrid"},"content":{"rendered":"\n<p>La jornada 24 de la Liga Endesa dej\u00f3 una cifra significativa para el B\u00e0squet Girona. El pabell\u00f3n de Fontajau logr\u00f3 los 5.532 espectadores en el duelo ante el Real Madrid (93-95), el dato de asistencia m\u00e1s alto registrado por el club hasta ahora en la competici\u00f3n. <\/p>\n\n<p>Esta cifra confirma la tendencia al alza de la asistencia en el pabell\u00f3n, que ya se prepara para otra cita de alta demanda: la visita del Valencia Basket el pr\u00f3ximo 19 de abril a las 19:00h (Jornada 27). \u00daltimas entradas disponibles en: <a href=\"https:\/\/basquetgirona.com\/es\/entradas\/\">https:\/\/basquetgirona.com\/entrades-general\/<\/a> <\/p>\n\n<p>En este sentido, se recuerda a los abonados que, de no poder asistir al partido, tienen la opci\u00f3n de liberar su asiento.<\/p>\n\n<figure class=\"wp-block-embed is-type-rich is-provider-twitter wp-block-embed-twitter\"><div class=\"wp-block-embed__wrapper\">\n<blockquote class=\"twitter-tweet\" data-width=\"500\" data-dnt=\"true\"><p lang=\"ca\" dir=\"ltr\">\ud83d\udd1d R\u00e8cord d&#39;assist\u00e8ncia d&#39;un partit del B\u00e0squet Girona a Fontajau. Sou collonuts, afici\u00f3! \u2764\ufe0f\u200d\ud83d\udd25\ud83e\udd0d <a href=\"https:\/\/t.co\/aGt0591dWM\">pic.twitter.com\/aGt0591dWM<\/a><\/p>&mdash; B\u00e0squet Girona (@BasquetGirona) <a href=\"https:\/\/twitter.com\/BasquetGirona\/status\/2037997374186951151?ref_src=twsrc%5Etfw\">March 28, 2026<\/a><\/blockquote><script async src=\"https:\/\/platform.twitter.com\/widgets.js\" charset=\"utf-8\"><\/script>\n<\/div><\/figure>\n","protected":false},"excerpt":{"rendered":"<p>La jornada 24 de la Liga Endesa dej\u00f3 una cifra significativa para el B\u00e0squet Girona. El pabell\u00f3n de Fontajau logr\u00f3 los 5.532 espectadores en el duelo ante el Real Madrid (93-95), el dato de asistencia m\u00e1s alto registrado por el club hasta ahora en la competici\u00f3n. Esta cifra confirma la tendencia al alza de la [&hellip;]<\/p>\n","protected":false},"author":4,"featured_media":61196,"menu_order":0,"template":"","categoria_noticia":[190],"class_list":["post-61198","noticia","type-noticia","status-publish","has-post-thumbnail","hentry","categoria_noticia-equipos"],"yoast_head":"<!-- This site is optimized with the Yoast SEO plugin v22.0 - https:\/\/yoast.com\/wordpress\/plugins\/seo\/ -->\n<title>Fontajau registra una entrada hist\u00f3rica contra el Real Madrid - Basquet Girona<\/title>\n<meta name=\"robots\" content=\"index, follow, max-snippet:-1, max-image-preview:large, max-video-preview:-1\" \/>\n<link rel=\"canonical\" href=\"https:\/\/basquetgirona.com\/es\/noticia\/fontajau-registra-una-entrada-historica-contra-el-real-madrid\/\" \/>\n<meta property=\"og:locale\" content=\"es_ES\" \/>\n<meta property=\"og:type\" content=\"article\" \/>\n<meta property=\"og:title\" content=\"Fontajau registra una entrada hist\u00f3rica contra el Real Madrid - Basquet Girona\" \/>\n<meta property=\"og:description\" content=\"La jornada 24 de la Liga Endesa dej\u00f3 una cifra significativa para el B\u00e0squet Girona. El pabell\u00f3n de Fontajau logr\u00f3 los 5.532 espectadores en el duelo ante el Real Madrid (93-95), el dato de asistencia m\u00e1s alto registrado por el club hasta ahora en la competici\u00f3n. Esta cifra confirma la tendencia al alza de la [&hellip;]\" \/>\n<meta property=\"og:url\" content=\"https:\/\/basquetgirona.com\/es\/noticia\/fontajau-registra-una-entrada-historica-contra-el-real-madrid\/\" \/>\n<meta property=\"og:site_name\" content=\"Basquet Girona\" \/>\n<meta property=\"article:publisher\" content=\"https:\/\/www.facebook.com\/BasquetGironaOficial\" \/>\n<meta property=\"article:modified_time\" content=\"2026-04-01T13:52:48+00:00\" \/>\n<meta property=\"og:image\" content=\"https:\/\/basquetgirona.com\/wp-content\/uploads\/2026\/04\/sold-out.webp\" \/>\n\t<meta property=\"og:image:width\" content=\"1322\" \/>\n\t<meta property=\"og:image:height\" content=\"400\" \/>\n\t<meta property=\"og:image:type\" content=\"image\/png\" \/>\n<meta name=\"twitter:card\" content=\"summary_large_image\" \/>\n<meta name=\"twitter:site\" content=\"@BasquetGirona\" \/>\n<meta name=\"twitter:label1\" content=\"Tiempo de lectura\" \/>\n\t<meta name=\"twitter:data1\" content=\"1 minuto\" \/>\n<!-- \/ Yoast SEO plugin. -->","yoast_head_json":{"title":"Fontajau registra una entrada hist\u00f3rica contra el Real Madrid - Basquet Girona","robots":{"index":"index","follow":"follow","max-snippet":"max-snippet:-1","max-image-preview":"max-image-preview:large","max-video-preview":"max-video-preview:-1"},"canonical":"https:\/\/basquetgirona.com\/es\/noticia\/fontajau-registra-una-entrada-historica-contra-el-real-madrid\/","og_locale":"es_ES","og_type":"article","og_title":"Fontajau registra una entrada hist\u00f3rica contra el Real Madrid - Basquet Girona","og_description":"La jornada 24 de la Liga Endesa dej\u00f3 una cifra significativa para el B\u00e0squet Girona. El pabell\u00f3n de Fontajau logr\u00f3 los 5.532 espectadores en el duelo ante el Real Madrid (93-95), el dato de asistencia m\u00e1s alto registrado por el club hasta ahora en la competici\u00f3n. Esta cifra confirma la tendencia al alza de la [&hellip;]","og_url":"https:\/\/basquetgirona.com\/es\/noticia\/fontajau-registra-una-entrada-historica-contra-el-real-madrid\/","og_site_name":"Basquet Girona","article_publisher":"https:\/\/www.facebook.com\/BasquetGironaOficial","article_modified_time":"2026-04-01T13:52:48+00:00","og_image":[{"width":1322,"height":400,"url":"https:\/\/basquetgirona.com\/wp-content\/uploads\/2026\/04\/sold-out.webp","type":"image\/png"}],"twitter_card":"summary_large_image","twitter_site":"@BasquetGirona","twitter_misc":{"Tiempo de lectura":"1 minuto"},"schema":{"@context":"https:\/\/schema.org","@graph":[{"@type":"NewsArticle","@id":"https:\/\/basquetgirona.com\/es\/noticia\/fontajau-registra-una-entrada-historica-contra-el-real-madrid\/#article","isPartOf":{"@id":"https:\/\/basquetgirona.com\/es\/noticia\/fontajau-registra-una-entrada-historica-contra-el-real-madrid\/"},"author":{"name":"Pau De Castro","@id":"https:\/\/basquetgirona.com\/es\/#\/schema\/person\/9196efe7de3d62004e09ea79cd72b8d5"},"headline":"Fontajau registra una entrada hist\u00f3rica contra el Real Madrid","datePublished":"2026-04-01T13:51:55+00:00","dateModified":"2026-04-01T13:52:48+00:00","mainEntityOfPage":{"@id":"https:\/\/basquetgirona.com\/es\/noticia\/fontajau-registra-una-entrada-historica-contra-el-real-madrid\/"},"wordCount":132,"publisher":{"@id":"https:\/\/basquetgirona.com\/es\/#organization"},"inLanguage":"es"},{"@type":["WebPage","ItemPage"],"@id":"https:\/\/basquetgirona.com\/es\/noticia\/fontajau-registra-una-entrada-historica-contra-el-real-madrid\/","url":"https:\/\/basquetgirona.com\/es\/noticia\/fontajau-registra-una-entrada-historica-contra-el-real-madrid\/","name":"Fontajau registra una entrada hist\u00f3rica contra el Real Madrid - Basquet Girona","isPartOf":{"@id":"https:\/\/basquetgirona.com\/es\/#website"},"datePublished":"2026-04-01T13:51:55+00:00","dateModified":"2026-04-01T13:52:48+00:00","breadcrumb":{"@id":"https:\/\/basquetgirona.com\/es\/noticia\/fontajau-registra-una-entrada-historica-contra-el-real-madrid\/#breadcrumb"},"inLanguage":"es","potentialAction":[{"@type":"ReadAction","target":["https:\/\/basquetgirona.com\/es\/noticia\/fontajau-registra-una-entrada-historica-contra-el-real-madrid\/"]}]},{"@type":"BreadcrumbList","@id":"https:\/\/basquetgirona.com\/es\/noticia\/fontajau-registra-una-entrada-historica-contra-el-real-madrid\/#breadcrumb","itemListElement":[{"@type":"ListItem","position":1,"name":"Inici","item":"https:\/\/basquetgirona.com\/es\/"},{"@type":"ListItem","position":2,"name":"Fontajau registra una entrada hist\u00f3rica contra el Real Madrid"}]},{"@type":"WebSite","@id":"https:\/\/basquetgirona.com\/es\/#website","url":"https:\/\/basquetgirona.com\/es\/","name":"Basquet Girona","description":"","publisher":{"@id":"https:\/\/basquetgirona.com\/es\/#organization"},"potentialAction":[{"@type":"SearchAction","target":{"@type":"EntryPoint","urlTemplate":"https:\/\/basquetgirona.com\/es\/?s={search_term_string}"},"query-input":"required name=search_term_string"}],"inLanguage":"es"},{"@type":"Organization","@id":"https:\/\/basquetgirona.com\/es\/#organization","name":"Basquet Girona","url":"https:\/\/basquetgirona.com\/es\/","logo":{"@type":"ImageObject","inLanguage":"es","@id":"https:\/\/basquetgirona.com\/es\/#\/schema\/logo\/image\/","url":"https:\/\/basquetgirona.com\/wp-content\/uploads\/2023\/02\/girona-logo1.png","contentUrl":"https:\/\/basquetgirona.com\/wp-content\/uploads\/2023\/02\/girona-logo1.png","width":124,"height":136,"caption":"Basquet Girona"},"image":{"@id":"https:\/\/basquetgirona.com\/es\/#\/schema\/logo\/image\/"},"sameAs":["https:\/\/www.facebook.com\/BasquetGironaOficial","https:\/\/twitter.com\/BasquetGirona","https:\/\/www.instagram.com\/basquetgirona\/","https:\/\/es.linkedin.com\/company\/bsquet-girona","https:\/\/www.tiktok.com\/@basquetgirona"]},{"@type":"Person","@id":"https:\/\/basquetgirona.com\/es\/#\/schema\/person\/9196efe7de3d62004e09ea79cd72b8d5","name":"Pau De Castro","image":{"@type":"ImageObject","inLanguage":"es","@id":"https:\/\/basquetgirona.com\/es\/#\/schema\/person\/image\/","url":"https:\/\/secure.gravatar.com\/avatar\/311a301e125ef9f088e17c727474e75fb5b82151095ccfc4b6e27ae4855b5814?s=96&d=mm&r=g","contentUrl":"https:\/\/secure.gravatar.com\/avatar\/311a301e125ef9f088e17c727474e75fb5b82151095ccfc4b6e27ae4855b5814?s=96&d=mm&r=g","caption":"Pau De Castro"},"url":"https:\/\/basquetgirona.com\/es\/author\/pdcastro\/"}]}},"acf":[],"_links":{"self":[{"href":"https:\/\/basquetgirona.com\/es\/wp-json\/wp\/v2\/noticia\/61198","targetHints":{"allow":["GET"]}}],"collection":[{"href":"https:\/\/basquetgirona.com\/es\/wp-json\/wp\/v2\/noticia"}],"about":[{"href":"https:\/\/basquetgirona.com\/es\/wp-json\/wp\/v2\/types\/noticia"}],"author":[{"embeddable":true,"href":"https:\/\/basquetgirona.com\/es\/wp-json\/wp\/v2\/users\/4"}],"version-history":[{"count":1,"href":"https:\/\/basquetgirona.com\/es\/wp-json\/wp\/v2\/noticia\/61198\/revisions"}],"predecessor-version":[{"id":61199,"href":"https:\/\/basquetgirona.com\/es\/wp-json\/wp\/v2\/noticia\/61198\/revisions\/61199"}],"wp:featuredmedia":[{"embeddable":true,"href":"https:\/\/basquetgirona.com\/es\/wp-json\/wp\/v2\/media\/61196"}],"wp:attachment":[{"href":"https:\/\/basquetgirona.com\/es\/wp-json\/wp\/v2\/media?parent=61198"}],"wp:term":[{"taxonomy":"categoria_noticia","embeddable":true,"href":"https:\/\/basquetgirona.com\/es\/wp-json\/wp\/v2\/categoria_noticia?post=61198"}],"curies":[{"name":"wp","href":"https:\/\/api.w.org\/{rel}","templated":true}]}}