{"id":61204,"date":"2026-04-01T13:55:59","date_gmt":"2026-04-01T13:55:59","guid":{"rendered":"https:\/\/basquetgirona.com\/noticia\/sobre-la-colaboracion-entre-el-ayuntamiento-y-el-baloncesto-girona\/"},"modified":"2026-04-01T13:56:29","modified_gmt":"2026-04-01T13:56:29","slug":"sobre-la-colaboracion-entre-el-ayuntamiento-y-el-baloncesto-girona","status":"publish","type":"noticia","link":"https:\/\/basquetgirona.com\/es\/noticia\/sobre-la-colaboracion-entre-el-ayuntamiento-y-el-baloncesto-girona\/","title":{"rendered":"Sobre la colaboraci\u00f3n entre el Ayuntamiento y el Baloncesto Girona"},"content":{"rendered":"\n<p>El Ayuntamiento de Girona y el Baloncesto Girona coinciden en que, en el momento en que viven los equipos de baloncesto profesional de la ciudad, es prioritario disponer de unas instalaciones adecuadas a las exigencias de competici\u00f3n en las m\u00e1ximas categor\u00edas, tanto en el uso que deben hacer deportistas y personal t\u00e9cnico como en la experiencia de los ciudadanos, aficionados, seguidores.<\/p>\n\n<p>El pabell\u00f3n de Fontajau fue construido hace 33 a\u00f1os. Durante estos a\u00f1os se han realizado actuaciones de mantenimiento. Sin embargo, el paso del tiempo, los progresos t\u00e9cnicos y las actividades deportivas hacen imprescindibles actuaciones de inversi\u00f3n que s\u00f3lo se podr\u00e1n afrontar mediante la colaboraci\u00f3n entre el Ayuntamiento de Girona y el Baloncesto Girona.  <\/p>\n\n<p>Ante esta situaci\u00f3n, ambas instituciones est\u00e1n trabajando para hacer posible la futura concesi\u00f3n del pabell\u00f3n de Fontajau al B\u00e0squet Girona como una f\u00f3rmula que debe permitir, por un lado, la mejora de la instalaci\u00f3n con inversiones, la potenciaci\u00f3n de la actividad deportiva y la dinamizaci\u00f3n del pabell\u00f3n, as\u00ed como el mantenimiento de su titularidad p\u00fablica y del papel estrat\u00e9gico que juega.<\/p>\n\n<p>Hasta que esta concesi\u00f3n no sea una realidad, el Ayuntamiento de Girona tiene el compromiso, dentro de la responsabilidad que ostenta y en el marco de sus competencias, de realizar las actuaciones necesarias para garantizar que la actividad deportiva que se realiza en el pabell\u00f3n se pueda desarrollar con plena normalidad. Estas actuaciones deben permitir evitar situaciones como las vividas en algunos de los \u00faltimos partidos. <\/p>\n\n<h2 class=\"wp-block-heading\"><strong>Actuaciones en marcha: SAI y financiaci\u00f3n europea<\/strong><\/h2>\n\n<p>Por lo que se refiere a la iluminaci\u00f3n, el Ayuntamiento trabaja desde hace semanas en diferentes alternativas para garantizar que no haya interrupciones durante los partidos. En concreto se est\u00e1 ultimando la compra de un Sistema de Alimentaci\u00f3n Ininterrumpida (SAI) y se est\u00e1n realizando las actuaciones necesarias para que hasta la compra de este SAI el equipamiento disponga de un grupo electr\u00f3geno que alimente aut\u00f3nomamente el pabell\u00f3n durante los partidos para no depender de la red general. <\/p>\n\n<p>De la misma forma, el Ayuntamiento y el club est\u00e1n colaborando en solicitudes de financiaci\u00f3n europea para poder mejorar la iluminaci\u00f3n y modernizar algunos aspectos tecnol\u00f3gicos de Fontajau. En concreto, ayer se present\u00f3 un proyecto para RedCyTI, programa de impulso en las ciudades y territorios inteligentes para el fomento de desarrollo econ\u00f3mico y productivo. <\/p>\n\n<h2 class=\"wp-block-heading\"><strong>Consolidaci\u00f3n del proyecto deportivo<\/strong><\/h2>\n\n<p>Por su parte, el B\u00e0squet Girona ha continuado el proceso de consolidaci\u00f3n del proyecto deportivo, con la uni\u00f3n entre el B\u00e0squet Girona y el Uni Girona como principal hito, lo que refuerza su valor deportivo, social y econ\u00f3mico para la ciudad.<\/p>\n","protected":false},"excerpt":{"rendered":"<p>El Ayuntamiento de Girona y el Baloncesto Girona coinciden en que, en el momento en que viven los equipos de baloncesto profesional de la ciudad, es prioritario disponer de unas instalaciones adecuadas a las exigencias de competici\u00f3n en las m\u00e1ximas categor\u00edas, tanto en el uso que deben hacer deportistas y personal t\u00e9cnico como en la [&hellip;]<\/p>\n","protected":false},"author":4,"featured_media":15998,"menu_order":0,"template":"","categoria_noticia":[362,190],"class_list":["post-61204","noticia","type-noticia","status-publish","has-post-thumbnail","hentry","categoria_noticia-spar-girona-es","categoria_noticia-equipos"],"yoast_head":"<!-- This site is optimized with the Yoast SEO plugin v22.0 - https:\/\/yoast.com\/wordpress\/plugins\/seo\/ -->\n<title>Sobre la colaboraci\u00f3n entre el Ayuntamiento y el Baloncesto Girona - Basquet Girona<\/title>\n<meta name=\"robots\" content=\"index, follow, max-snippet:-1, max-image-preview:large, max-video-preview:-1\" \/>\n<link rel=\"canonical\" href=\"https:\/\/basquetgirona.com\/es\/noticia\/sobre-la-colaboracion-entre-el-ayuntamiento-y-el-baloncesto-girona\/\" \/>\n<meta property=\"og:locale\" content=\"es_ES\" \/>\n<meta property=\"og:type\" content=\"article\" \/>\n<meta property=\"og:title\" content=\"Sobre la colaboraci\u00f3n entre el Ayuntamiento y el Baloncesto Girona - Basquet Girona\" \/>\n<meta property=\"og:description\" content=\"El Ayuntamiento de Girona y el Baloncesto Girona coinciden en que, en el momento en que viven los equipos de baloncesto profesional de la ciudad, es prioritario disponer de unas instalaciones adecuadas a las exigencias de competici\u00f3n en las m\u00e1ximas categor\u00edas, tanto en el uso que deben hacer deportistas y personal t\u00e9cnico como en la [&hellip;]\" \/>\n<meta property=\"og:url\" content=\"https:\/\/basquetgirona.com\/es\/noticia\/sobre-la-colaboracion-entre-el-ayuntamiento-y-el-baloncesto-girona\/\" \/>\n<meta property=\"og:site_name\" content=\"Basquet Girona\" \/>\n<meta property=\"article:publisher\" content=\"https:\/\/www.facebook.com\/BasquetGironaOficial\" \/>\n<meta property=\"article:modified_time\" content=\"2026-04-01T13:56:29+00:00\" \/>\n<meta property=\"og:image\" content=\"https:\/\/basquetgirona.com\/wp-content\/uploads\/2023\/10\/Fontajau-scaled.jpg\" \/>\n\t<meta property=\"og:image:width\" content=\"2560\" \/>\n\t<meta property=\"og:image:height\" content=\"1707\" \/>\n\t<meta property=\"og:image:type\" content=\"image\/jpeg\" \/>\n<meta name=\"twitter:card\" content=\"summary_large_image\" \/>\n<meta name=\"twitter:site\" content=\"@BasquetGirona\" \/>\n<meta name=\"twitter:label1\" content=\"Tiempo de lectura\" \/>\n\t<meta name=\"twitter:data1\" content=\"2 minutos\" \/>\n<!-- \/ Yoast SEO plugin. -->","yoast_head_json":{"title":"Sobre la colaboraci\u00f3n entre el Ayuntamiento y el Baloncesto Girona - Basquet Girona","robots":{"index":"index","follow":"follow","max-snippet":"max-snippet:-1","max-image-preview":"max-image-preview:large","max-video-preview":"max-video-preview:-1"},"canonical":"https:\/\/basquetgirona.com\/es\/noticia\/sobre-la-colaboracion-entre-el-ayuntamiento-y-el-baloncesto-girona\/","og_locale":"es_ES","og_type":"article","og_title":"Sobre la colaboraci\u00f3n entre el Ayuntamiento y el Baloncesto Girona - Basquet Girona","og_description":"El Ayuntamiento de Girona y el Baloncesto Girona coinciden en que, en el momento en que viven los equipos de baloncesto profesional de la ciudad, es prioritario disponer de unas instalaciones adecuadas a las exigencias de competici\u00f3n en las m\u00e1ximas categor\u00edas, tanto en el uso que deben hacer deportistas y personal t\u00e9cnico como en la [&hellip;]","og_url":"https:\/\/basquetgirona.com\/es\/noticia\/sobre-la-colaboracion-entre-el-ayuntamiento-y-el-baloncesto-girona\/","og_site_name":"Basquet Girona","article_publisher":"https:\/\/www.facebook.com\/BasquetGironaOficial","article_modified_time":"2026-04-01T13:56:29+00:00","og_image":[{"width":2560,"height":1707,"url":"https:\/\/basquetgirona.com\/wp-content\/uploads\/2023\/10\/Fontajau-scaled.jpg","type":"image\/jpeg"}],"twitter_card":"summary_large_image","twitter_site":"@BasquetGirona","twitter_misc":{"Tiempo de lectura":"2 minutos"},"schema":{"@context":"https:\/\/schema.org","@graph":[{"@type":"NewsArticle","@id":"https:\/\/basquetgirona.com\/es\/noticia\/sobre-la-colaboracion-entre-el-ayuntamiento-y-el-baloncesto-girona\/#article","isPartOf":{"@id":"https:\/\/basquetgirona.com\/es\/noticia\/sobre-la-colaboracion-entre-el-ayuntamiento-y-el-baloncesto-girona\/"},"author":{"name":"Pau De Castro","@id":"https:\/\/basquetgirona.com\/es\/#\/schema\/person\/9196efe7de3d62004e09ea79cd72b8d5"},"headline":"Sobre la colaboraci\u00f3n entre el Ayuntamiento y el Baloncesto Girona","datePublished":"2026-04-01T13:55:59+00:00","dateModified":"2026-04-01T13:56:29+00:00","mainEntityOfPage":{"@id":"https:\/\/basquetgirona.com\/es\/noticia\/sobre-la-colaboracion-entre-el-ayuntamiento-y-el-baloncesto-girona\/"},"wordCount":478,"publisher":{"@id":"https:\/\/basquetgirona.com\/es\/#organization"},"inLanguage":"es"},{"@type":["WebPage","ItemPage"],"@id":"https:\/\/basquetgirona.com\/es\/noticia\/sobre-la-colaboracion-entre-el-ayuntamiento-y-el-baloncesto-girona\/","url":"https:\/\/basquetgirona.com\/es\/noticia\/sobre-la-colaboracion-entre-el-ayuntamiento-y-el-baloncesto-girona\/","name":"Sobre la colaboraci\u00f3n entre el Ayuntamiento y el Baloncesto Girona - Basquet Girona","isPartOf":{"@id":"https:\/\/basquetgirona.com\/es\/#website"},"datePublished":"2026-04-01T13:55:59+00:00","dateModified":"2026-04-01T13:56:29+00:00","breadcrumb":{"@id":"https:\/\/basquetgirona.com\/es\/noticia\/sobre-la-colaboracion-entre-el-ayuntamiento-y-el-baloncesto-girona\/#breadcrumb"},"inLanguage":"es","potentialAction":[{"@type":"ReadAction","target":["https:\/\/basquetgirona.com\/es\/noticia\/sobre-la-colaboracion-entre-el-ayuntamiento-y-el-baloncesto-girona\/"]}]},{"@type":"BreadcrumbList","@id":"https:\/\/basquetgirona.com\/es\/noticia\/sobre-la-colaboracion-entre-el-ayuntamiento-y-el-baloncesto-girona\/#breadcrumb","itemListElement":[{"@type":"ListItem","position":1,"name":"Inici","item":"https:\/\/basquetgirona.com\/es\/"},{"@type":"ListItem","position":2,"name":"Sobre la colaboraci\u00f3n entre el Ayuntamiento y el Baloncesto Girona"}]},{"@type":"WebSite","@id":"https:\/\/basquetgirona.com\/es\/#website","url":"https:\/\/basquetgirona.com\/es\/","name":"Basquet Girona","description":"","publisher":{"@id":"https:\/\/basquetgirona.com\/es\/#organization"},"potentialAction":[{"@type":"SearchAction","target":{"@type":"EntryPoint","urlTemplate":"https:\/\/basquetgirona.com\/es\/?s={search_term_string}"},"query-input":"required name=search_term_string"}],"inLanguage":"es"},{"@type":"Organization","@id":"https:\/\/basquetgirona.com\/es\/#organization","name":"Basquet Girona","url":"https:\/\/basquetgirona.com\/es\/","logo":{"@type":"ImageObject","inLanguage":"es","@id":"https:\/\/basquetgirona.com\/es\/#\/schema\/logo\/image\/","url":"https:\/\/basquetgirona.com\/wp-content\/uploads\/2023\/02\/girona-logo1.png","contentUrl":"https:\/\/basquetgirona.com\/wp-content\/uploads\/2023\/02\/girona-logo1.png","width":124,"height":136,"caption":"Basquet Girona"},"image":{"@id":"https:\/\/basquetgirona.com\/es\/#\/schema\/logo\/image\/"},"sameAs":["https:\/\/www.facebook.com\/BasquetGironaOficial","https:\/\/twitter.com\/BasquetGirona","https:\/\/www.instagram.com\/basquetgirona\/","https:\/\/es.linkedin.com\/company\/bsquet-girona","https:\/\/www.tiktok.com\/@basquetgirona"]},{"@type":"Person","@id":"https:\/\/basquetgirona.com\/es\/#\/schema\/person\/9196efe7de3d62004e09ea79cd72b8d5","name":"Pau De Castro","image":{"@type":"ImageObject","inLanguage":"es","@id":"https:\/\/basquetgirona.com\/es\/#\/schema\/person\/image\/","url":"https:\/\/secure.gravatar.com\/avatar\/311a301e125ef9f088e17c727474e75fb5b82151095ccfc4b6e27ae4855b5814?s=96&d=mm&r=g","contentUrl":"https:\/\/secure.gravatar.com\/avatar\/311a301e125ef9f088e17c727474e75fb5b82151095ccfc4b6e27ae4855b5814?s=96&d=mm&r=g","caption":"Pau De Castro"},"url":"https:\/\/basquetgirona.com\/es\/author\/pdcastro\/"}]}},"acf":[],"_links":{"self":[{"href":"https:\/\/basquetgirona.com\/es\/wp-json\/wp\/v2\/noticia\/61204","targetHints":{"allow":["GET"]}}],"collection":[{"href":"https:\/\/basquetgirona.com\/es\/wp-json\/wp\/v2\/noticia"}],"about":[{"href":"https:\/\/basquetgirona.com\/es\/wp-json\/wp\/v2\/types\/noticia"}],"author":[{"embeddable":true,"href":"https:\/\/basquetgirona.com\/es\/wp-json\/wp\/v2\/users\/4"}],"version-history":[{"count":1,"href":"https:\/\/basquetgirona.com\/es\/wp-json\/wp\/v2\/noticia\/61204\/revisions"}],"predecessor-version":[{"id":61205,"href":"https:\/\/basquetgirona.com\/es\/wp-json\/wp\/v2\/noticia\/61204\/revisions\/61205"}],"wp:featuredmedia":[{"embeddable":true,"href":"https:\/\/basquetgirona.com\/es\/wp-json\/wp\/v2\/media\/15998"}],"wp:attachment":[{"href":"https:\/\/basquetgirona.com\/es\/wp-json\/wp\/v2\/media?parent=61204"}],"wp:term":[{"taxonomy":"categoria_noticia","embeddable":true,"href":"https:\/\/basquetgirona.com\/es\/wp-json\/wp\/v2\/categoria_noticia?post=61204"}],"curies":[{"name":"wp","href":"https:\/\/api.w.org\/{rel}","templated":true}]}}