{"id":61213,"date":"2026-04-02T13:28:18","date_gmt":"2026-04-02T13:28:18","guid":{"rendered":"https:\/\/basquetgirona.com\/noticia\/empecemos-abril-en-granada\/"},"modified":"2026-04-02T13:28:51","modified_gmt":"2026-04-02T13:28:51","slug":"empecemos-abril-en-granada","status":"publish","type":"noticia","link":"https:\/\/basquetgirona.com\/es\/noticia\/empecemos-abril-en-granada\/","title":{"rendered":"Empecemos abril en Granada"},"content":{"rendered":"\n<p>El B\u00e0squet Girona visita el Palacio Municipal de Deportes de Granada en la primera cita competitiva de abril (s\u00e1bado, 19 horas). El pabell\u00f3n de Granada albergar\u00e1 un nuevo cap\u00edtulo de una rivalidad ya consolidada, con el conjunto andaluz y el catal\u00e1n enfrent\u00e1ndose por sexta temporada consecutiva. El precedente de la primera vuelta dej\u00f3 ya claro que la igualdad es m\u00e1xima, con un partido abierto y de alto ritmo que se decidi\u00f3 en los detalles.  <\/p>\n\n<p>Uno de los grandes protagonistas volver\u00e1 a ser Luka Bozic, referente ofensivo del Granada. El alero croata sigue liderando al equipo con 14,7 puntos de media en casi 29 minutos, adem\u00e1s de 6 asistencias, mostrando una gran capacidad para generar juego y anotar con eficiencia (51,6% en tiros de campo y 78,1% en tiros libres). Su rendimiento ser\u00e1 clave ante un Granada que quiere aprovechar el factor cancha para imponerse en este duelo directo.  <\/p>\n\n<figure class=\"wp-block-embed is-type-video is-provider-youtube wp-block-embed-youtube wp-embed-aspect-4-3 wp-has-aspect-ratio\"><div class=\"wp-block-embed__wrapper\">\n<iframe loading=\"lazy\" title=\"\ud83c\udf99\ufe0f #RDPPr\u00e8via | Moncho Fern\u00e1ndez | Jornada 25\" width=\"500\" height=\"375\" src=\"https:\/\/www.youtube.com\/embed\/RTOLJ3WjCFs?feature=oembed\" frameborder=\"0\" allow=\"accelerometer; autoplay; clipboard-write; encrypted-media; gyroscope; picture-in-picture; web-share\" referrerpolicy=\"strict-origin-when-cross-origin\" allowfullscreen><\/iframe>\n<\/div><\/figure>\n","protected":false},"excerpt":{"rendered":"<p>El B\u00e0squet Girona visita el Palacio Municipal de Deportes de Granada en la primera cita competitiva de abril (s\u00e1bado, 19 horas). El pabell\u00f3n de Granada albergar\u00e1 un nuevo cap\u00edtulo de una rivalidad ya consolidada, con el conjunto andaluz y el catal\u00e1n enfrent\u00e1ndose por sexta temporada consecutiva. El precedente de la primera vuelta dej\u00f3 ya claro [&hellip;]<\/p>\n","protected":false},"author":4,"featured_media":61211,"menu_order":0,"template":"","categoria_noticia":[190],"class_list":["post-61213","noticia","type-noticia","status-publish","has-post-thumbnail","hentry","categoria_noticia-equipos"],"yoast_head":"<!-- This site is optimized with the Yoast SEO plugin v22.0 - https:\/\/yoast.com\/wordpress\/plugins\/seo\/ -->\n<title>Empecemos abril en Granada - Basquet Girona<\/title>\n<meta name=\"robots\" content=\"index, follow, max-snippet:-1, max-image-preview:large, max-video-preview:-1\" \/>\n<link rel=\"canonical\" href=\"https:\/\/basquetgirona.com\/es\/noticia\/empecemos-abril-en-granada\/\" \/>\n<meta property=\"og:locale\" content=\"es_ES\" \/>\n<meta property=\"og:type\" content=\"article\" \/>\n<meta property=\"og:title\" content=\"Empecemos abril en Granada - Basquet Girona\" \/>\n<meta property=\"og:description\" content=\"El B\u00e0squet Girona visita el Palacio Municipal de Deportes de Granada en la primera cita competitiva de abril (s\u00e1bado, 19 horas). El pabell\u00f3n de Granada albergar\u00e1 un nuevo cap\u00edtulo de una rivalidad ya consolidada, con el conjunto andaluz y el catal\u00e1n enfrent\u00e1ndose por sexta temporada consecutiva. El precedente de la primera vuelta dej\u00f3 ya claro [&hellip;]\" \/>\n<meta property=\"og:url\" content=\"https:\/\/basquetgirona.com\/es\/noticia\/empecemos-abril-en-granada\/\" \/>\n<meta property=\"og:site_name\" content=\"Basquet Girona\" \/>\n<meta property=\"article:publisher\" content=\"https:\/\/www.facebook.com\/BasquetGironaOficial\" \/>\n<meta property=\"article:modified_time\" content=\"2026-04-02T13:28:51+00:00\" \/>\n<meta property=\"og:image\" content=\"https:\/\/basquetgirona.com\/wp-content\/uploads\/2026\/04\/DSC4967-1-1-scaled.webp\" \/>\n\t<meta property=\"og:image:width\" content=\"1920\" \/>\n\t<meta property=\"og:image:height\" content=\"1280\" \/>\n\t<meta property=\"og:image:type\" content=\"image\/jpeg\" \/>\n<meta name=\"twitter:card\" content=\"summary_large_image\" \/>\n<meta name=\"twitter:site\" content=\"@BasquetGirona\" \/>\n<meta name=\"twitter:label1\" content=\"Tiempo de lectura\" \/>\n\t<meta name=\"twitter:data1\" content=\"1 minuto\" \/>\n<!-- \/ Yoast SEO plugin. -->","yoast_head_json":{"title":"Empecemos abril en Granada - Basquet Girona","robots":{"index":"index","follow":"follow","max-snippet":"max-snippet:-1","max-image-preview":"max-image-preview:large","max-video-preview":"max-video-preview:-1"},"canonical":"https:\/\/basquetgirona.com\/es\/noticia\/empecemos-abril-en-granada\/","og_locale":"es_ES","og_type":"article","og_title":"Empecemos abril en Granada - Basquet Girona","og_description":"El B\u00e0squet Girona visita el Palacio Municipal de Deportes de Granada en la primera cita competitiva de abril (s\u00e1bado, 19 horas). El pabell\u00f3n de Granada albergar\u00e1 un nuevo cap\u00edtulo de una rivalidad ya consolidada, con el conjunto andaluz y el catal\u00e1n enfrent\u00e1ndose por sexta temporada consecutiva. El precedente de la primera vuelta dej\u00f3 ya claro [&hellip;]","og_url":"https:\/\/basquetgirona.com\/es\/noticia\/empecemos-abril-en-granada\/","og_site_name":"Basquet Girona","article_publisher":"https:\/\/www.facebook.com\/BasquetGironaOficial","article_modified_time":"2026-04-02T13:28:51+00:00","og_image":[{"width":1920,"height":1280,"url":"https:\/\/basquetgirona.com\/wp-content\/uploads\/2026\/04\/DSC4967-1-1-scaled.webp","type":"image\/jpeg"}],"twitter_card":"summary_large_image","twitter_site":"@BasquetGirona","twitter_misc":{"Tiempo de lectura":"1 minuto"},"schema":{"@context":"https:\/\/schema.org","@graph":[{"@type":"NewsArticle","@id":"https:\/\/basquetgirona.com\/es\/noticia\/empecemos-abril-en-granada\/#article","isPartOf":{"@id":"https:\/\/basquetgirona.com\/es\/noticia\/empecemos-abril-en-granada\/"},"author":{"name":"Pau De Castro","@id":"https:\/\/basquetgirona.com\/es\/#\/schema\/person\/9196efe7de3d62004e09ea79cd72b8d5"},"headline":"Empecemos abril en Granada","datePublished":"2026-04-02T13:28:18+00:00","dateModified":"2026-04-02T13:28:51+00:00","mainEntityOfPage":{"@id":"https:\/\/basquetgirona.com\/es\/noticia\/empecemos-abril-en-granada\/"},"wordCount":160,"publisher":{"@id":"https:\/\/basquetgirona.com\/es\/#organization"},"inLanguage":"es"},{"@type":["WebPage","ItemPage"],"@id":"https:\/\/basquetgirona.com\/es\/noticia\/empecemos-abril-en-granada\/","url":"https:\/\/basquetgirona.com\/es\/noticia\/empecemos-abril-en-granada\/","name":"Empecemos abril en Granada - Basquet Girona","isPartOf":{"@id":"https:\/\/basquetgirona.com\/es\/#website"},"datePublished":"2026-04-02T13:28:18+00:00","dateModified":"2026-04-02T13:28:51+00:00","breadcrumb":{"@id":"https:\/\/basquetgirona.com\/es\/noticia\/empecemos-abril-en-granada\/#breadcrumb"},"inLanguage":"es","potentialAction":[{"@type":"ReadAction","target":["https:\/\/basquetgirona.com\/es\/noticia\/empecemos-abril-en-granada\/"]}]},{"@type":"BreadcrumbList","@id":"https:\/\/basquetgirona.com\/es\/noticia\/empecemos-abril-en-granada\/#breadcrumb","itemListElement":[{"@type":"ListItem","position":1,"name":"Inici","item":"https:\/\/basquetgirona.com\/es\/"},{"@type":"ListItem","position":2,"name":"Empecemos abril en Granada"}]},{"@type":"WebSite","@id":"https:\/\/basquetgirona.com\/es\/#website","url":"https:\/\/basquetgirona.com\/es\/","name":"Basquet Girona","description":"","publisher":{"@id":"https:\/\/basquetgirona.com\/es\/#organization"},"potentialAction":[{"@type":"SearchAction","target":{"@type":"EntryPoint","urlTemplate":"https:\/\/basquetgirona.com\/es\/?s={search_term_string}"},"query-input":"required name=search_term_string"}],"inLanguage":"es"},{"@type":"Organization","@id":"https:\/\/basquetgirona.com\/es\/#organization","name":"Basquet Girona","url":"https:\/\/basquetgirona.com\/es\/","logo":{"@type":"ImageObject","inLanguage":"es","@id":"https:\/\/basquetgirona.com\/es\/#\/schema\/logo\/image\/","url":"https:\/\/basquetgirona.com\/wp-content\/uploads\/2023\/02\/girona-logo1.png","contentUrl":"https:\/\/basquetgirona.com\/wp-content\/uploads\/2023\/02\/girona-logo1.png","width":124,"height":136,"caption":"Basquet Girona"},"image":{"@id":"https:\/\/basquetgirona.com\/es\/#\/schema\/logo\/image\/"},"sameAs":["https:\/\/www.facebook.com\/BasquetGironaOficial","https:\/\/twitter.com\/BasquetGirona","https:\/\/www.instagram.com\/basquetgirona\/","https:\/\/es.linkedin.com\/company\/bsquet-girona","https:\/\/www.tiktok.com\/@basquetgirona"]},{"@type":"Person","@id":"https:\/\/basquetgirona.com\/es\/#\/schema\/person\/9196efe7de3d62004e09ea79cd72b8d5","name":"Pau De Castro","image":{"@type":"ImageObject","inLanguage":"es","@id":"https:\/\/basquetgirona.com\/es\/#\/schema\/person\/image\/","url":"https:\/\/secure.gravatar.com\/avatar\/311a301e125ef9f088e17c727474e75fb5b82151095ccfc4b6e27ae4855b5814?s=96&d=mm&r=g","contentUrl":"https:\/\/secure.gravatar.com\/avatar\/311a301e125ef9f088e17c727474e75fb5b82151095ccfc4b6e27ae4855b5814?s=96&d=mm&r=g","caption":"Pau De Castro"},"url":"https:\/\/basquetgirona.com\/es\/author\/pdcastro\/"}]}},"acf":[],"_links":{"self":[{"href":"https:\/\/basquetgirona.com\/es\/wp-json\/wp\/v2\/noticia\/61213","targetHints":{"allow":["GET"]}}],"collection":[{"href":"https:\/\/basquetgirona.com\/es\/wp-json\/wp\/v2\/noticia"}],"about":[{"href":"https:\/\/basquetgirona.com\/es\/wp-json\/wp\/v2\/types\/noticia"}],"author":[{"embeddable":true,"href":"https:\/\/basquetgirona.com\/es\/wp-json\/wp\/v2\/users\/4"}],"version-history":[{"count":3,"href":"https:\/\/basquetgirona.com\/es\/wp-json\/wp\/v2\/noticia\/61213\/revisions"}],"predecessor-version":[{"id":61218,"href":"https:\/\/basquetgirona.com\/es\/wp-json\/wp\/v2\/noticia\/61213\/revisions\/61218"}],"wp:featuredmedia":[{"embeddable":true,"href":"https:\/\/basquetgirona.com\/es\/wp-json\/wp\/v2\/media\/61211"}],"wp:attachment":[{"href":"https:\/\/basquetgirona.com\/es\/wp-json\/wp\/v2\/media?parent=61213"}],"wp:term":[{"taxonomy":"categoria_noticia","embeddable":true,"href":"https:\/\/basquetgirona.com\/es\/wp-json\/wp\/v2\/categoria_noticia?post=61213"}],"curies":[{"name":"wp","href":"https:\/\/api.w.org\/{rel}","templated":true}]}}