{"id":61257,"date":"2026-04-02T13:20:55","date_gmt":"2026-04-02T13:20:55","guid":{"rendered":"https:\/\/basquetgirona.com\/noticia\/visita-exigente-a-ferrol\/"},"modified":"2026-04-02T13:32:16","modified_gmt":"2026-04-02T13:32:16","slug":"visita-exigente-a-ferrol","status":"publish","type":"noticia","link":"https:\/\/basquetgirona.com\/es\/noticia\/visita-exigente-a-ferrol\/","title":{"rendered":"Visita exigente a Ferrol"},"content":{"rendered":"\n<p>El Spar Girona reanuda la competici\u00f3n de la LF Endesa este s\u00e1bado con un desplazamiento de alto voltaje al Pabell\u00f3n A Malata. Las de Roberto \u00cd\u00f1iguez se enfrentar\u00e1n al Baxi Ferrol (19:00 h, <a href=\"https:\/\/www.youtube.com\/watch?v=7ze6GuD8Lx8\">YouTube<\/a> ) en un duelo clave para mantener la din\u00e1mica en la liga dom\u00e9stica. <\/p>\n\n<p>\u00c9ste ser\u00e1 el tercer partido consecutivo a domicilio para las gerundenses, tras las visitas a Valencia y la disputa de la Copa de la Reina en Tarragona. El equipo buscar\u00e1 sumar una nueva victoria ante un rival que se encuentra en plena lucha por asegurar su presencia en los playoffs. <\/p>\n\n<figure class=\"wp-block-embed is-type-video is-provider-youtube wp-block-embed-youtube wp-embed-aspect-4-3 wp-has-aspect-ratio\"><div class=\"wp-block-embed__wrapper\">\n<iframe loading=\"lazy\" title=\"\ud83c\udf99\ufe0f #RDPPr\u00e8via | Roberto \u00cd\u00f1iguez | Jornada 26\" width=\"500\" height=\"375\" src=\"https:\/\/www.youtube.com\/embed\/v8XojBVk89A?feature=oembed\" frameborder=\"0\" allow=\"accelerometer; autoplay; clipboard-write; encrypted-media; gyroscope; picture-in-picture; web-share\" referrerpolicy=\"strict-origin-when-cross-origin\" allowfullscreen><\/iframe>\n<\/div><\/figure>\n\n<h2 class=\"wp-block-heading\">Sobre el rival<\/h2>\n\n<p>El conjunto de Galicia, dirigido por Lino L\u00f3pez, llega a la cita tras caer en la \u00faltima jornada liguera en la pista del IDK Euskotren por <a href=\"https:\/\/www.feb.es\/competiciones\/partido\/2479640\">67 a 51<\/a> . Actualmente, el <a href=\"https:\/\/www.feb.es\/competiciones\/equipo\/981303\">Baxi Ferrol<\/a> ocupa la <a href=\"https:\/\/www.feb.es\/lfendesa\/clasificacion.aspx\">octava posici\u00f3n<\/a> de la mesa con un balance de 12 victorias y 13 derrotas, lo que les obliga a hacerse fuertes en casa para no perder la plaza de privilegio. <\/p>\n\n<p>El equipo destaca por tener jugadoras de gran talento en sus filas. En el juego interior, la estadounidense Dalayah Daniels (12,3 puntos y 5,2 rebotes) y la irlandesa Claire Melia (10,5 puntos y 15,9 de valoraci\u00f3n) son las principales referencias. En el per\u00edmetro, cuentan con jugadoras con mucha amenaza como Moira Joiner (12,1 puntos), Karolina Sotolova (9,5 puntos) y Blanca Mill\u00e1n (8,7 puntos), que hacen de A Malata uno de los pabellones m\u00e1s complicados de la categor\u00eda.  <\/p>\n\n<h2 class=\"wp-block-heading\">Sobre el Spar Girona<\/h2>\n\n<p>Las de Roberto \u00cd\u00f1iguez llegan a la cita ocupando la segunda posici\u00f3n de la clasificaci\u00f3n con un s\u00f3lido balance de 21 victorias y 4 derrotas. El conjunto gerundense quiere dar continuidad al \u00faltimo gran resultado liguero, donde <a href=\"https:\/\/basquetgirona.com\/es\/noticia\/victoria-del-spar-girona-en-el-roig-arena\/\">super\u00f3 al Valencia Basket a domicilio por un ajustado 71 a 74,<\/a> y buscar\u00e1 recuperar las mejores sensaciones en una pista donde la pasada temporada se perdi\u00f3 por un ajustado 72 a 70. <\/p>\n","protected":false},"excerpt":{"rendered":"<p>El Spar Girona reanuda la competici\u00f3n de la LF Endesa este s\u00e1bado con un desplazamiento de alto voltaje al Pabell\u00f3n A Malata. Las de Roberto \u00cd\u00f1iguez se enfrentar\u00e1n al Baxi Ferrol (19:00 h, YouTube ) en un duelo clave para mantener la din\u00e1mica en la liga dom\u00e9stica. \u00c9ste ser\u00e1 el tercer partido consecutivo a domicilio [&hellip;]<\/p>\n","protected":false},"author":4,"featured_media":58883,"menu_order":0,"template":"","categoria_noticia":[362],"class_list":["post-61257","noticia","type-noticia","status-publish","has-post-thumbnail","hentry","categoria_noticia-spar-girona-es"],"yoast_head":"<!-- This site is optimized with the Yoast SEO plugin v22.0 - https:\/\/yoast.com\/wordpress\/plugins\/seo\/ -->\n<title>Visita exigente a Ferrol - Basquet Girona<\/title>\n<meta name=\"robots\" content=\"index, follow, max-snippet:-1, max-image-preview:large, max-video-preview:-1\" \/>\n<link rel=\"canonical\" href=\"https:\/\/basquetgirona.com\/es\/noticia\/visita-exigente-a-ferrol\/\" \/>\n<meta property=\"og:locale\" content=\"es_ES\" \/>\n<meta property=\"og:type\" content=\"article\" \/>\n<meta property=\"og:title\" content=\"Visita exigente a Ferrol - Basquet Girona\" \/>\n<meta property=\"og:description\" content=\"El Spar Girona reanuda la competici\u00f3n de la LF Endesa este s\u00e1bado con un desplazamiento de alto voltaje al Pabell\u00f3n A Malata. Las de Roberto \u00cd\u00f1iguez se enfrentar\u00e1n al Baxi Ferrol (19:00 h, YouTube ) en un duelo clave para mantener la din\u00e1mica en la liga dom\u00e9stica. \u00c9ste ser\u00e1 el tercer partido consecutivo a domicilio [&hellip;]\" \/>\n<meta property=\"og:url\" content=\"https:\/\/basquetgirona.com\/es\/noticia\/visita-exigente-a-ferrol\/\" \/>\n<meta property=\"og:site_name\" content=\"Basquet Girona\" \/>\n<meta property=\"article:publisher\" content=\"https:\/\/www.facebook.com\/BasquetGironaOficial\" \/>\n<meta property=\"article:modified_time\" content=\"2026-04-02T13:32:16+00:00\" \/>\n<meta property=\"og:image\" content=\"https:\/\/basquetgirona.com\/wp-content\/uploads\/2026\/01\/previa-j14-web.webp\" \/>\n\t<meta property=\"og:image:width\" content=\"1267\" \/>\n\t<meta property=\"og:image:height\" content=\"432\" \/>\n\t<meta property=\"og:image:type\" content=\"image\/png\" \/>\n<meta name=\"twitter:card\" content=\"summary_large_image\" \/>\n<meta name=\"twitter:site\" content=\"@BasquetGirona\" \/>\n<meta name=\"twitter:label1\" content=\"Tiempo de lectura\" \/>\n\t<meta name=\"twitter:data1\" content=\"2 minutos\" \/>\n<!-- \/ Yoast SEO plugin. -->","yoast_head_json":{"title":"Visita exigente a Ferrol - Basquet Girona","robots":{"index":"index","follow":"follow","max-snippet":"max-snippet:-1","max-image-preview":"max-image-preview:large","max-video-preview":"max-video-preview:-1"},"canonical":"https:\/\/basquetgirona.com\/es\/noticia\/visita-exigente-a-ferrol\/","og_locale":"es_ES","og_type":"article","og_title":"Visita exigente a Ferrol - Basquet Girona","og_description":"El Spar Girona reanuda la competici\u00f3n de la LF Endesa este s\u00e1bado con un desplazamiento de alto voltaje al Pabell\u00f3n A Malata. Las de Roberto \u00cd\u00f1iguez se enfrentar\u00e1n al Baxi Ferrol (19:00 h, YouTube ) en un duelo clave para mantener la din\u00e1mica en la liga dom\u00e9stica. \u00c9ste ser\u00e1 el tercer partido consecutivo a domicilio [&hellip;]","og_url":"https:\/\/basquetgirona.com\/es\/noticia\/visita-exigente-a-ferrol\/","og_site_name":"Basquet Girona","article_publisher":"https:\/\/www.facebook.com\/BasquetGironaOficial","article_modified_time":"2026-04-02T13:32:16+00:00","og_image":[{"width":1267,"height":432,"url":"https:\/\/basquetgirona.com\/wp-content\/uploads\/2026\/01\/previa-j14-web.webp","type":"image\/png"}],"twitter_card":"summary_large_image","twitter_site":"@BasquetGirona","twitter_misc":{"Tiempo de lectura":"2 minutos"},"schema":{"@context":"https:\/\/schema.org","@graph":[{"@type":"NewsArticle","@id":"https:\/\/basquetgirona.com\/es\/noticia\/visita-exigente-a-ferrol\/#article","isPartOf":{"@id":"https:\/\/basquetgirona.com\/es\/noticia\/visita-exigente-a-ferrol\/"},"author":{"name":"Pau De Castro","@id":"https:\/\/basquetgirona.com\/es\/#\/schema\/person\/9196efe7de3d62004e09ea79cd72b8d5"},"headline":"Visita exigente a Ferrol","datePublished":"2026-04-02T13:20:55+00:00","dateModified":"2026-04-02T13:32:16+00:00","mainEntityOfPage":{"@id":"https:\/\/basquetgirona.com\/es\/noticia\/visita-exigente-a-ferrol\/"},"wordCount":326,"publisher":{"@id":"https:\/\/basquetgirona.com\/es\/#organization"},"inLanguage":"es"},{"@type":["WebPage","ItemPage"],"@id":"https:\/\/basquetgirona.com\/es\/noticia\/visita-exigente-a-ferrol\/","url":"https:\/\/basquetgirona.com\/es\/noticia\/visita-exigente-a-ferrol\/","name":"Visita exigente a Ferrol - Basquet Girona","isPartOf":{"@id":"https:\/\/basquetgirona.com\/es\/#website"},"datePublished":"2026-04-02T13:20:55+00:00","dateModified":"2026-04-02T13:32:16+00:00","breadcrumb":{"@id":"https:\/\/basquetgirona.com\/es\/noticia\/visita-exigente-a-ferrol\/#breadcrumb"},"inLanguage":"es","potentialAction":[{"@type":"ReadAction","target":["https:\/\/basquetgirona.com\/es\/noticia\/visita-exigente-a-ferrol\/"]}]},{"@type":"BreadcrumbList","@id":"https:\/\/basquetgirona.com\/es\/noticia\/visita-exigente-a-ferrol\/#breadcrumb","itemListElement":[{"@type":"ListItem","position":1,"name":"Inici","item":"https:\/\/basquetgirona.com\/es\/"},{"@type":"ListItem","position":2,"name":"Visita exigente a Ferrol"}]},{"@type":"WebSite","@id":"https:\/\/basquetgirona.com\/es\/#website","url":"https:\/\/basquetgirona.com\/es\/","name":"Basquet Girona","description":"","publisher":{"@id":"https:\/\/basquetgirona.com\/es\/#organization"},"potentialAction":[{"@type":"SearchAction","target":{"@type":"EntryPoint","urlTemplate":"https:\/\/basquetgirona.com\/es\/?s={search_term_string}"},"query-input":"required name=search_term_string"}],"inLanguage":"es"},{"@type":"Organization","@id":"https:\/\/basquetgirona.com\/es\/#organization","name":"Basquet Girona","url":"https:\/\/basquetgirona.com\/es\/","logo":{"@type":"ImageObject","inLanguage":"es","@id":"https:\/\/basquetgirona.com\/es\/#\/schema\/logo\/image\/","url":"https:\/\/basquetgirona.com\/wp-content\/uploads\/2023\/02\/girona-logo1.png","contentUrl":"https:\/\/basquetgirona.com\/wp-content\/uploads\/2023\/02\/girona-logo1.png","width":124,"height":136,"caption":"Basquet Girona"},"image":{"@id":"https:\/\/basquetgirona.com\/es\/#\/schema\/logo\/image\/"},"sameAs":["https:\/\/www.facebook.com\/BasquetGironaOficial","https:\/\/twitter.com\/BasquetGirona","https:\/\/www.instagram.com\/basquetgirona\/","https:\/\/es.linkedin.com\/company\/bsquet-girona","https:\/\/www.tiktok.com\/@basquetgirona"]},{"@type":"Person","@id":"https:\/\/basquetgirona.com\/es\/#\/schema\/person\/9196efe7de3d62004e09ea79cd72b8d5","name":"Pau De Castro","image":{"@type":"ImageObject","inLanguage":"es","@id":"https:\/\/basquetgirona.com\/es\/#\/schema\/person\/image\/","url":"https:\/\/secure.gravatar.com\/avatar\/311a301e125ef9f088e17c727474e75fb5b82151095ccfc4b6e27ae4855b5814?s=96&d=mm&r=g","contentUrl":"https:\/\/secure.gravatar.com\/avatar\/311a301e125ef9f088e17c727474e75fb5b82151095ccfc4b6e27ae4855b5814?s=96&d=mm&r=g","caption":"Pau De Castro"},"url":"https:\/\/basquetgirona.com\/es\/author\/pdcastro\/"}]}},"acf":[],"_links":{"self":[{"href":"https:\/\/basquetgirona.com\/es\/wp-json\/wp\/v2\/noticia\/61257","targetHints":{"allow":["GET"]}}],"collection":[{"href":"https:\/\/basquetgirona.com\/es\/wp-json\/wp\/v2\/noticia"}],"about":[{"href":"https:\/\/basquetgirona.com\/es\/wp-json\/wp\/v2\/types\/noticia"}],"author":[{"embeddable":true,"href":"https:\/\/basquetgirona.com\/es\/wp-json\/wp\/v2\/users\/4"}],"version-history":[{"count":2,"href":"https:\/\/basquetgirona.com\/es\/wp-json\/wp\/v2\/noticia\/61257\/revisions"}],"predecessor-version":[{"id":61262,"href":"https:\/\/basquetgirona.com\/es\/wp-json\/wp\/v2\/noticia\/61257\/revisions\/61262"}],"wp:featuredmedia":[{"embeddable":true,"href":"https:\/\/basquetgirona.com\/es\/wp-json\/wp\/v2\/media\/58883"}],"wp:attachment":[{"href":"https:\/\/basquetgirona.com\/es\/wp-json\/wp\/v2\/media?parent=61257"}],"wp:term":[{"taxonomy":"categoria_noticia","embeddable":true,"href":"https:\/\/basquetgirona.com\/es\/wp-json\/wp\/v2\/categoria_noticia?post=61257"}],"curies":[{"name":"wp","href":"https:\/\/api.w.org\/{rel}","templated":true}]}}