{"id":62107,"date":"2026-04-25T20:23:42","date_gmt":"2026-04-25T20:23:42","guid":{"rendered":"https:\/\/basquetgirona.com\/noticia\/derrota-en-gran-canaria-2\/"},"modified":"2026-04-25T20:25:38","modified_gmt":"2026-04-25T20:25:38","slug":"derrota-en-gran-canaria-2","status":"publish","type":"noticia","link":"https:\/\/basquetgirona.com\/es\/noticia\/derrota-en-gran-canaria-2\/","title":{"rendered":"Derrota en Gran Canaria"},"content":{"rendered":"\n<p>El partido ha comenzado con un duelo de francotiradores desde la l\u00ednea de tres, donde el Girona ha golpeado primero con un parcial demoledor de <strong>2-18<\/strong> que ha dado la vuelta a un inicio favorable de los locales (del 9-5 al 9-20). A pesar de este dominio inicial de los gerundenses, el Dreamland Gran Canaria ha reaccionado a tiempo a trav\u00e9s del acierto exterior de <strong>Brussino y Robertson<\/strong> . Durante el segundo cuarto, la din\u00e1mica ha cambiado completamente: un parcial de <strong>20-6<\/strong> ha permitido a los canarios dar la vuelta al marcador antes del descanso (43-38). Este tramo ha estado marcado por la exhibici\u00f3n de <strong>Isaiah Wong<\/strong> y <strong>Nico Brussino<\/strong> , quienes han sumado 9 y 10 puntos respectivamente en un segundo per\u00edodo donde el ataque amarillo ha anotado hasta 31 puntos.   <\/p>\n\n<p>En la reanudaci\u00f3n, el conjunto catal\u00e1n no se ha rendido y, gracias a una notable mejora defensiva que ha limitado al rival a s\u00f3lo 17 puntos, ha logrado recuperar la iniciativa con un triple de <strong>Pep Busquets<\/strong> (55-59). Pese a llegar con opciones al \u00faltimo asalto, el Gran Canaria volvi\u00f3 a apretar el acelerador con un parcial de salida de 5-2 y aprovech\u00f3 que el Girona entr\u00f3 en bonus muy temprano, en el tercer minuto del cuarto cuarto. El dominio en el <strong>rebote (33 a 26)<\/strong> y la voracidad ofensiva de la pareja <strong>Wong (25 puntos) y Brussino (26 puntos)<\/strong> fueron definitivos. Los 36 puntos encajados por el Girona en los \u00faltimos diez minutos sellaron el <strong>100-90<\/strong> definitivo, pese al gran esfuerzo colectivo de los visitantes. Uno de los puntos clave de la victoria canaria ha sido el tiro libre, en el que han dispuesto de diecisiete tiros m\u00e1s que los gerundenses, once m\u00e1s en el \u00faltimo cuarto. Un tercio de los puntos canarios fueron desde los 4,60 m.     <\/p>\n\n<figure class=\"wp-block-embed is-type-video is-provider-youtube wp-block-embed-youtube wp-embed-aspect-4-3 wp-has-aspect-ratio\"><div class=\"wp-block-embed__wrapper\">\n<iframe loading=\"lazy\" title=\"RDP Pospartido | Dreamland Gran Canaria vs B\u00e0squet Girona (GrancaTV, 25.04.26)\" width=\"500\" height=\"375\" src=\"https:\/\/www.youtube.com\/embed\/mxxtbN5POS8?feature=oembed\" frameborder=\"0\" allow=\"accelerometer; autoplay; clipboard-write; encrypted-media; gyroscope; picture-in-picture; web-share\" referrerpolicy=\"strict-origin-when-cross-origin\" allowfullscreen><\/iframe>\n<\/div><\/figure>\n","protected":false},"excerpt":{"rendered":"<p>El partido ha comenzado con un duelo de francotiradores desde la l\u00ednea de tres, donde el Girona ha golpeado primero con un parcial demoledor de 2-18 que ha dado la vuelta a un inicio favorable de los locales (del 9-5 al 9-20). A pesar de este dominio inicial de los gerundenses, el Dreamland Gran Canaria [&hellip;]<\/p>\n","protected":false},"author":4,"featured_media":62104,"menu_order":0,"template":"","categoria_noticia":[190],"class_list":["post-62107","noticia","type-noticia","status-publish","has-post-thumbnail","hentry","categoria_noticia-equipos"],"yoast_head":"<!-- This site is optimized with the Yoast SEO plugin v22.0 - https:\/\/yoast.com\/wordpress\/plugins\/seo\/ -->\n<title>Derrota en Gran Canaria - Basquet Girona<\/title>\n<meta name=\"robots\" content=\"index, follow, max-snippet:-1, max-image-preview:large, max-video-preview:-1\" \/>\n<link rel=\"canonical\" href=\"https:\/\/basquetgirona.com\/es\/noticia\/derrota-en-gran-canaria-2\/\" \/>\n<meta property=\"og:locale\" content=\"es_ES\" \/>\n<meta property=\"og:type\" content=\"article\" \/>\n<meta property=\"og:title\" content=\"Derrota en Gran Canaria - Basquet Girona\" \/>\n<meta property=\"og:description\" content=\"El partido ha comenzado con un duelo de francotiradores desde la l\u00ednea de tres, donde el Girona ha golpeado primero con un parcial demoledor de 2-18 que ha dado la vuelta a un inicio favorable de los locales (del 9-5 al 9-20). A pesar de este dominio inicial de los gerundenses, el Dreamland Gran Canaria [&hellip;]\" \/>\n<meta property=\"og:url\" content=\"https:\/\/basquetgirona.com\/es\/noticia\/derrota-en-gran-canaria-2\/\" \/>\n<meta property=\"og:site_name\" content=\"Basquet Girona\" \/>\n<meta property=\"article:publisher\" content=\"https:\/\/www.facebook.com\/BasquetGironaOficial\" \/>\n<meta property=\"article:modified_time\" content=\"2026-04-25T20:25:38+00:00\" \/>\n<meta property=\"og:image\" content=\"https:\/\/basquetgirona.com\/wp-content\/uploads\/2026\/04\/RS910343_-1-scaled.webp\" \/>\n\t<meta property=\"og:image:width\" content=\"1920\" \/>\n\t<meta property=\"og:image:height\" content=\"1280\" \/>\n\t<meta property=\"og:image:type\" content=\"image\/jpeg\" \/>\n<meta name=\"twitter:card\" content=\"summary_large_image\" \/>\n<meta name=\"twitter:site\" content=\"@BasquetGirona\" \/>\n<meta name=\"twitter:label1\" content=\"Tiempo de lectura\" \/>\n\t<meta name=\"twitter:data1\" content=\"2 minutos\" \/>\n<!-- \/ Yoast SEO plugin. -->","yoast_head_json":{"title":"Derrota en Gran Canaria - Basquet Girona","robots":{"index":"index","follow":"follow","max-snippet":"max-snippet:-1","max-image-preview":"max-image-preview:large","max-video-preview":"max-video-preview:-1"},"canonical":"https:\/\/basquetgirona.com\/es\/noticia\/derrota-en-gran-canaria-2\/","og_locale":"es_ES","og_type":"article","og_title":"Derrota en Gran Canaria - Basquet Girona","og_description":"El partido ha comenzado con un duelo de francotiradores desde la l\u00ednea de tres, donde el Girona ha golpeado primero con un parcial demoledor de 2-18 que ha dado la vuelta a un inicio favorable de los locales (del 9-5 al 9-20). A pesar de este dominio inicial de los gerundenses, el Dreamland Gran Canaria [&hellip;]","og_url":"https:\/\/basquetgirona.com\/es\/noticia\/derrota-en-gran-canaria-2\/","og_site_name":"Basquet Girona","article_publisher":"https:\/\/www.facebook.com\/BasquetGironaOficial","article_modified_time":"2026-04-25T20:25:38+00:00","og_image":[{"width":1920,"height":1280,"url":"https:\/\/basquetgirona.com\/wp-content\/uploads\/2026\/04\/RS910343_-1-scaled.webp","type":"image\/jpeg"}],"twitter_card":"summary_large_image","twitter_site":"@BasquetGirona","twitter_misc":{"Tiempo de lectura":"2 minutos"},"schema":{"@context":"https:\/\/schema.org","@graph":[{"@type":"NewsArticle","@id":"https:\/\/basquetgirona.com\/es\/noticia\/derrota-en-gran-canaria-2\/#article","isPartOf":{"@id":"https:\/\/basquetgirona.com\/es\/noticia\/derrota-en-gran-canaria-2\/"},"author":{"name":"Pau De Castro","@id":"https:\/\/basquetgirona.com\/es\/#\/schema\/person\/9196efe7de3d62004e09ea79cd72b8d5"},"headline":"Derrota en Gran Canaria","datePublished":"2026-04-25T20:23:42+00:00","dateModified":"2026-04-25T20:25:38+00:00","mainEntityOfPage":{"@id":"https:\/\/basquetgirona.com\/es\/noticia\/derrota-en-gran-canaria-2\/"},"wordCount":313,"publisher":{"@id":"https:\/\/basquetgirona.com\/es\/#organization"},"inLanguage":"es"},{"@type":["WebPage","ItemPage"],"@id":"https:\/\/basquetgirona.com\/es\/noticia\/derrota-en-gran-canaria-2\/","url":"https:\/\/basquetgirona.com\/es\/noticia\/derrota-en-gran-canaria-2\/","name":"Derrota en Gran Canaria - Basquet Girona","isPartOf":{"@id":"https:\/\/basquetgirona.com\/es\/#website"},"datePublished":"2026-04-25T20:23:42+00:00","dateModified":"2026-04-25T20:25:38+00:00","breadcrumb":{"@id":"https:\/\/basquetgirona.com\/es\/noticia\/derrota-en-gran-canaria-2\/#breadcrumb"},"inLanguage":"es","potentialAction":[{"@type":"ReadAction","target":["https:\/\/basquetgirona.com\/es\/noticia\/derrota-en-gran-canaria-2\/"]}]},{"@type":"BreadcrumbList","@id":"https:\/\/basquetgirona.com\/es\/noticia\/derrota-en-gran-canaria-2\/#breadcrumb","itemListElement":[{"@type":"ListItem","position":1,"name":"Inici","item":"https:\/\/basquetgirona.com\/es\/"},{"@type":"ListItem","position":2,"name":"Derrota en Gran Canaria"}]},{"@type":"WebSite","@id":"https:\/\/basquetgirona.com\/es\/#website","url":"https:\/\/basquetgirona.com\/es\/","name":"Basquet Girona","description":"","publisher":{"@id":"https:\/\/basquetgirona.com\/es\/#organization"},"potentialAction":[{"@type":"SearchAction","target":{"@type":"EntryPoint","urlTemplate":"https:\/\/basquetgirona.com\/es\/?s={search_term_string}"},"query-input":"required name=search_term_string"}],"inLanguage":"es"},{"@type":"Organization","@id":"https:\/\/basquetgirona.com\/es\/#organization","name":"Basquet Girona","url":"https:\/\/basquetgirona.com\/es\/","logo":{"@type":"ImageObject","inLanguage":"es","@id":"https:\/\/basquetgirona.com\/es\/#\/schema\/logo\/image\/","url":"https:\/\/basquetgirona.com\/wp-content\/uploads\/2023\/02\/girona-logo1.png","contentUrl":"https:\/\/basquetgirona.com\/wp-content\/uploads\/2023\/02\/girona-logo1.png","width":124,"height":136,"caption":"Basquet Girona"},"image":{"@id":"https:\/\/basquetgirona.com\/es\/#\/schema\/logo\/image\/"},"sameAs":["https:\/\/www.facebook.com\/BasquetGironaOficial","https:\/\/twitter.com\/BasquetGirona","https:\/\/www.instagram.com\/basquetgirona\/","https:\/\/es.linkedin.com\/company\/bsquet-girona","https:\/\/www.tiktok.com\/@basquetgirona"]},{"@type":"Person","@id":"https:\/\/basquetgirona.com\/es\/#\/schema\/person\/9196efe7de3d62004e09ea79cd72b8d5","name":"Pau De Castro","image":{"@type":"ImageObject","inLanguage":"es","@id":"https:\/\/basquetgirona.com\/es\/#\/schema\/person\/image\/","url":"https:\/\/secure.gravatar.com\/avatar\/311a301e125ef9f088e17c727474e75fb5b82151095ccfc4b6e27ae4855b5814?s=96&d=mm&r=g","contentUrl":"https:\/\/secure.gravatar.com\/avatar\/311a301e125ef9f088e17c727474e75fb5b82151095ccfc4b6e27ae4855b5814?s=96&d=mm&r=g","caption":"Pau De Castro"},"url":"https:\/\/basquetgirona.com\/es\/author\/pdcastro\/"}]}},"acf":[],"_links":{"self":[{"href":"https:\/\/basquetgirona.com\/es\/wp-json\/wp\/v2\/noticia\/62107","targetHints":{"allow":["GET"]}}],"collection":[{"href":"https:\/\/basquetgirona.com\/es\/wp-json\/wp\/v2\/noticia"}],"about":[{"href":"https:\/\/basquetgirona.com\/es\/wp-json\/wp\/v2\/types\/noticia"}],"author":[{"embeddable":true,"href":"https:\/\/basquetgirona.com\/es\/wp-json\/wp\/v2\/users\/4"}],"version-history":[{"count":5,"href":"https:\/\/basquetgirona.com\/es\/wp-json\/wp\/v2\/noticia\/62107\/revisions"}],"predecessor-version":[{"id":62114,"href":"https:\/\/basquetgirona.com\/es\/wp-json\/wp\/v2\/noticia\/62107\/revisions\/62114"}],"wp:featuredmedia":[{"embeddable":true,"href":"https:\/\/basquetgirona.com\/es\/wp-json\/wp\/v2\/media\/62104"}],"wp:attachment":[{"href":"https:\/\/basquetgirona.com\/es\/wp-json\/wp\/v2\/media?parent=62107"}],"wp:term":[{"taxonomy":"categoria_noticia","embeddable":true,"href":"https:\/\/basquetgirona.com\/es\/wp-json\/wp\/v2\/categoria_noticia?post=62107"}],"curies":[{"name":"wp","href":"https:\/\/api.w.org\/{rel}","templated":true}]}}