{"id":62132,"date":"2026-04-27T08:07:08","date_gmt":"2026-04-27T08:07:08","guid":{"rendered":"https:\/\/basquetgirona.com\/noticia\/mariam-coulibaly-mvp-de-la-lf-endesa\/"},"modified":"2026-04-27T08:08:03","modified_gmt":"2026-04-27T08:08:03","slug":"mariam-coulibaly-mvp-de-la-lf-endesa","status":"publish","type":"noticia","link":"https:\/\/basquetgirona.com\/es\/noticia\/mariam-coulibaly-mvp-de-la-lf-endesa\/","title":{"rendered":"Mariam Coulibaly, MVP de la LF Endesa"},"content":{"rendered":"\n<p>La p\u00edvot del Spar Girona Mariam Coulibaly ha sido elegida MVP de la Liga Femenina Endesa. Coulibaly gana el galard\u00f3n tras una temporada espectacular, en la que ha jugado 29 partidos con una media de 17,4 puntos (68% en T2 y 45,2% en T3), 7,2 rebotes y 21,7 de valoraci\u00f3n por partido, ayudando a las gerundenses a terminar segundas de la liga regular con 24 vic. <\/p>\n\n<p>A m\u00e9s d&#8217;aquest guard\u00f3, la Mariam tamb\u00e9 ha estat inclosa en el cinc ideal de la competici\u00f3. Cal recordar que, recentment, la pivot de Mali tamb\u00e9 va formar part del <a href=\"https:\/\/basquetgirona.com\/es\/noticia\/klara-holm-brilla-en-el-cinco-ideal-de-la-final-six-de-la-euroleague-women\/\">segon millor quintet de l&#8217;EuroLeague Women<\/a>.<\/p>\n\n<figure class=\"wp-block-embed is-type-rich is-provider-twitter wp-block-embed-twitter\"><div class=\"wp-block-embed__wrapper\">\n<blockquote class=\"twitter-tweet\" data-width=\"500\" data-dnt=\"true\"><p lang=\"ht\" dir=\"ltr\">Mariam Coulibaly, MVP de la <a href=\"https:\/\/twitter.com\/hashtag\/LFEndesa?src=hash&amp;ref_src=twsrc%5Etfw\">#LFEndesa<\/a>! \ud83d\udd25 <a href=\"https:\/\/t.co\/cgSGwZuMhN\">pic.twitter.com\/cgSGwZuMhN<\/a><\/p>&mdash; Spar Girona (@unigirona) <a href=\"https:\/\/twitter.com\/unigirona\/status\/2048409800917070240?ref_src=twsrc%5Etfw\">April 26, 2026<\/a><\/blockquote><script async src=\"https:\/\/platform.twitter.com\/widgets.js\" charset=\"utf-8\"><\/script>\n<\/div><\/figure>\n","protected":false},"excerpt":{"rendered":"<p>La p\u00edvot del Spar Girona Mariam Coulibaly ha sido elegida MVP de la Liga Femenina Endesa. Coulibaly gana el galard\u00f3n tras una temporada espectacular, en la que ha jugado 29 partidos con una media de 17,4 puntos (68% en T2 y 45,2% en T3), 7,2 rebotes y 21,7 de valoraci\u00f3n por partido, ayudando a las [&hellip;]<\/p>\n","protected":false},"author":4,"featured_media":60369,"menu_order":0,"template":"","categoria_noticia":[362],"class_list":["post-62132","noticia","type-noticia","status-publish","has-post-thumbnail","hentry","categoria_noticia-spar-girona-es"],"yoast_head":"<!-- This site is optimized with the Yoast SEO plugin v22.0 - https:\/\/yoast.com\/wordpress\/plugins\/seo\/ -->\n<title>Mariam Coulibaly, MVP de la LF Endesa - Basquet Girona<\/title>\n<meta name=\"robots\" content=\"index, follow, max-snippet:-1, max-image-preview:large, max-video-preview:-1\" \/>\n<link rel=\"canonical\" href=\"https:\/\/basquetgirona.com\/es\/noticia\/mariam-coulibaly-mvp-de-la-lf-endesa\/\" \/>\n<meta property=\"og:locale\" content=\"es_ES\" \/>\n<meta property=\"og:type\" content=\"article\" \/>\n<meta property=\"og:title\" content=\"Mariam Coulibaly, MVP de la LF Endesa - Basquet Girona\" \/>\n<meta property=\"og:description\" content=\"La p\u00edvot del Spar Girona Mariam Coulibaly ha sido elegida MVP de la Liga Femenina Endesa. Coulibaly gana el galard\u00f3n tras una temporada espectacular, en la que ha jugado 29 partidos con una media de 17,4 puntos (68% en T2 y 45,2% en T3), 7,2 rebotes y 21,7 de valoraci\u00f3n por partido, ayudando a las [&hellip;]\" \/>\n<meta property=\"og:url\" content=\"https:\/\/basquetgirona.com\/es\/noticia\/mariam-coulibaly-mvp-de-la-lf-endesa\/\" \/>\n<meta property=\"og:site_name\" content=\"Basquet Girona\" \/>\n<meta property=\"article:publisher\" content=\"https:\/\/www.facebook.com\/BasquetGironaOficial\" \/>\n<meta property=\"article:modified_time\" content=\"2026-04-27T08:08:03+00:00\" \/>\n<meta property=\"og:image\" content=\"https:\/\/basquetgirona.com\/wp-content\/uploads\/2026\/02\/spar-perfu.webp\" \/>\n\t<meta property=\"og:image:width\" content=\"715\" \/>\n\t<meta property=\"og:image:height\" content=\"378\" \/>\n\t<meta property=\"og:image:type\" content=\"image\/jpeg\" \/>\n<meta name=\"twitter:card\" content=\"summary_large_image\" \/>\n<meta name=\"twitter:site\" content=\"@BasquetGirona\" \/>\n<meta name=\"twitter:label1\" content=\"Tiempo de lectura\" \/>\n\t<meta name=\"twitter:data1\" content=\"1 minuto\" \/>\n<!-- \/ Yoast SEO plugin. -->","yoast_head_json":{"title":"Mariam Coulibaly, MVP de la LF Endesa - Basquet Girona","robots":{"index":"index","follow":"follow","max-snippet":"max-snippet:-1","max-image-preview":"max-image-preview:large","max-video-preview":"max-video-preview:-1"},"canonical":"https:\/\/basquetgirona.com\/es\/noticia\/mariam-coulibaly-mvp-de-la-lf-endesa\/","og_locale":"es_ES","og_type":"article","og_title":"Mariam Coulibaly, MVP de la LF Endesa - Basquet Girona","og_description":"La p\u00edvot del Spar Girona Mariam Coulibaly ha sido elegida MVP de la Liga Femenina Endesa. Coulibaly gana el galard\u00f3n tras una temporada espectacular, en la que ha jugado 29 partidos con una media de 17,4 puntos (68% en T2 y 45,2% en T3), 7,2 rebotes y 21,7 de valoraci\u00f3n por partido, ayudando a las [&hellip;]","og_url":"https:\/\/basquetgirona.com\/es\/noticia\/mariam-coulibaly-mvp-de-la-lf-endesa\/","og_site_name":"Basquet Girona","article_publisher":"https:\/\/www.facebook.com\/BasquetGironaOficial","article_modified_time":"2026-04-27T08:08:03+00:00","og_image":[{"width":715,"height":378,"url":"https:\/\/basquetgirona.com\/wp-content\/uploads\/2026\/02\/spar-perfu.webp","type":"image\/jpeg"}],"twitter_card":"summary_large_image","twitter_site":"@BasquetGirona","twitter_misc":{"Tiempo de lectura":"1 minuto"},"schema":{"@context":"https:\/\/schema.org","@graph":[{"@type":"NewsArticle","@id":"https:\/\/basquetgirona.com\/es\/noticia\/mariam-coulibaly-mvp-de-la-lf-endesa\/#article","isPartOf":{"@id":"https:\/\/basquetgirona.com\/es\/noticia\/mariam-coulibaly-mvp-de-la-lf-endesa\/"},"author":{"name":"Pau De Castro","@id":"https:\/\/basquetgirona.com\/es\/#\/schema\/person\/9196efe7de3d62004e09ea79cd72b8d5"},"headline":"Mariam Coulibaly, MVP de la LF Endesa","datePublished":"2026-04-27T08:07:08+00:00","dateModified":"2026-04-27T08:08:03+00:00","mainEntityOfPage":{"@id":"https:\/\/basquetgirona.com\/es\/noticia\/mariam-coulibaly-mvp-de-la-lf-endesa\/"},"wordCount":111,"publisher":{"@id":"https:\/\/basquetgirona.com\/es\/#organization"},"inLanguage":"es"},{"@type":["WebPage","ItemPage"],"@id":"https:\/\/basquetgirona.com\/es\/noticia\/mariam-coulibaly-mvp-de-la-lf-endesa\/","url":"https:\/\/basquetgirona.com\/es\/noticia\/mariam-coulibaly-mvp-de-la-lf-endesa\/","name":"Mariam Coulibaly, MVP de la LF Endesa - Basquet Girona","isPartOf":{"@id":"https:\/\/basquetgirona.com\/es\/#website"},"datePublished":"2026-04-27T08:07:08+00:00","dateModified":"2026-04-27T08:08:03+00:00","breadcrumb":{"@id":"https:\/\/basquetgirona.com\/es\/noticia\/mariam-coulibaly-mvp-de-la-lf-endesa\/#breadcrumb"},"inLanguage":"es","potentialAction":[{"@type":"ReadAction","target":["https:\/\/basquetgirona.com\/es\/noticia\/mariam-coulibaly-mvp-de-la-lf-endesa\/"]}]},{"@type":"BreadcrumbList","@id":"https:\/\/basquetgirona.com\/es\/noticia\/mariam-coulibaly-mvp-de-la-lf-endesa\/#breadcrumb","itemListElement":[{"@type":"ListItem","position":1,"name":"Inici","item":"https:\/\/basquetgirona.com\/es\/"},{"@type":"ListItem","position":2,"name":"Mariam Coulibaly, MVP de la LF Endesa"}]},{"@type":"WebSite","@id":"https:\/\/basquetgirona.com\/es\/#website","url":"https:\/\/basquetgirona.com\/es\/","name":"Basquet Girona","description":"","publisher":{"@id":"https:\/\/basquetgirona.com\/es\/#organization"},"potentialAction":[{"@type":"SearchAction","target":{"@type":"EntryPoint","urlTemplate":"https:\/\/basquetgirona.com\/es\/?s={search_term_string}"},"query-input":"required name=search_term_string"}],"inLanguage":"es"},{"@type":"Organization","@id":"https:\/\/basquetgirona.com\/es\/#organization","name":"Basquet Girona","url":"https:\/\/basquetgirona.com\/es\/","logo":{"@type":"ImageObject","inLanguage":"es","@id":"https:\/\/basquetgirona.com\/es\/#\/schema\/logo\/image\/","url":"https:\/\/basquetgirona.com\/wp-content\/uploads\/2023\/02\/girona-logo1.png","contentUrl":"https:\/\/basquetgirona.com\/wp-content\/uploads\/2023\/02\/girona-logo1.png","width":124,"height":136,"caption":"Basquet Girona"},"image":{"@id":"https:\/\/basquetgirona.com\/es\/#\/schema\/logo\/image\/"},"sameAs":["https:\/\/www.facebook.com\/BasquetGironaOficial","https:\/\/twitter.com\/BasquetGirona","https:\/\/www.instagram.com\/basquetgirona\/","https:\/\/es.linkedin.com\/company\/bsquet-girona","https:\/\/www.tiktok.com\/@basquetgirona"]},{"@type":"Person","@id":"https:\/\/basquetgirona.com\/es\/#\/schema\/person\/9196efe7de3d62004e09ea79cd72b8d5","name":"Pau De Castro","image":{"@type":"ImageObject","inLanguage":"es","@id":"https:\/\/basquetgirona.com\/es\/#\/schema\/person\/image\/","url":"https:\/\/secure.gravatar.com\/avatar\/311a301e125ef9f088e17c727474e75fb5b82151095ccfc4b6e27ae4855b5814?s=96&d=mm&r=g","contentUrl":"https:\/\/secure.gravatar.com\/avatar\/311a301e125ef9f088e17c727474e75fb5b82151095ccfc4b6e27ae4855b5814?s=96&d=mm&r=g","caption":"Pau De Castro"},"url":"https:\/\/basquetgirona.com\/es\/author\/pdcastro\/"}]}},"acf":[],"_links":{"self":[{"href":"https:\/\/basquetgirona.com\/es\/wp-json\/wp\/v2\/noticia\/62132","targetHints":{"allow":["GET"]}}],"collection":[{"href":"https:\/\/basquetgirona.com\/es\/wp-json\/wp\/v2\/noticia"}],"about":[{"href":"https:\/\/basquetgirona.com\/es\/wp-json\/wp\/v2\/types\/noticia"}],"author":[{"embeddable":true,"href":"https:\/\/basquetgirona.com\/es\/wp-json\/wp\/v2\/users\/4"}],"version-history":[{"count":1,"href":"https:\/\/basquetgirona.com\/es\/wp-json\/wp\/v2\/noticia\/62132\/revisions"}],"predecessor-version":[{"id":62133,"href":"https:\/\/basquetgirona.com\/es\/wp-json\/wp\/v2\/noticia\/62132\/revisions\/62133"}],"wp:featuredmedia":[{"embeddable":true,"href":"https:\/\/basquetgirona.com\/es\/wp-json\/wp\/v2\/media\/60369"}],"wp:attachment":[{"href":"https:\/\/basquetgirona.com\/es\/wp-json\/wp\/v2\/media?parent=62132"}],"wp:term":[{"taxonomy":"categoria_noticia","embeddable":true,"href":"https:\/\/basquetgirona.com\/es\/wp-json\/wp\/v2\/categoria_noticia?post=62132"}],"curies":[{"name":"wp","href":"https:\/\/api.w.org\/{rel}","templated":true}]}}