{"id":62172,"date":"2026-04-28T09:59:13","date_gmt":"2026-04-28T09:59:13","guid":{"rendered":"https:\/\/basquetgirona.com\/noticia\/sergi-martinez-renueva-con-el-baloncesto-girona\/"},"modified":"2026-04-28T10:02:51","modified_gmt":"2026-04-28T10:02:51","slug":"sergi-martinez-renueva-con-el-baloncesto-girona","status":"publish","type":"noticia","link":"https:\/\/basquetgirona.com\/es\/noticia\/sergi-martinez-renueva-con-el-baloncesto-girona\/","title":{"rendered":"Sergi Mart\u00ednez renueva con el Baloncesto Girona"},"content":{"rendered":"\n<p>Sergi Mart\u00ednez Costa (Rub\u00ed, 10\/05\/1999) firma la renovaci\u00f3n con el B\u00e0squet Girona por dos temporadas hasta la 2027\/2028. Mart\u00ednez lleg\u00f3 cedido al B\u00e0squet Girona en la temporada 2023\/24 donde juega de alero y de ala-p\u00edvot. Con el conjunto gerundense acumula 86 partidos disputados en la ACB, de los 169 totales. Esta temporada, el jugador promedia 7,1 puntos, 4,7 rebotes y 1,3 asistencias por partido en los 27 enfrentamientos que ha jugado, con una valoraci\u00f3n media de 8,9.   <\/p>\n\n<p>Con esta renovaci\u00f3n, el B\u00e0squet Girona asegura la continuidad de uno de los pilares del vestuario y referente dentro y fuera de la pista. El club refuerza as\u00ed su compromiso con un proyecto deportivo basado en la continuidad, liderazgo y talento. El club celebra la renovaci\u00f3n de su capit\u00e1n, pieza clave en la consolidaci\u00f3n del B\u00e0squet Girona en la ACB.    <\/p>\n\n<p>Su mejor partido en valoraci\u00f3n esta temporada fue en Fontajau ante La Laguna Tenerife, donde logr\u00f3 20 puntos, 7 rebotes y 27 de valoraci\u00f3n.<\/p>\n\n<p>Mart\u00ednez ha sido internacional con la selecci\u00f3n espa\u00f1ola en categor\u00edas Sub-16, Sub-17, Sub-18, Sub-20 y absoluta. Su primera convocatoria con la selecci\u00f3n absoluta lleg\u00f3 en junio de 2021, en los partidos preparatorios de cara a los Juegos Ol\u00edmpicos de Tokio. Debut\u00f3 ante Ir\u00e1n y volvi\u00f3 a jugar d\u00edas despu\u00e9s ante el propio rival. En esa \u00faltima ventana FIBA \u200b\u200bfue convocado y disput\u00f3 los dos partidos contra Ucrania; en el segundo, logr\u00f3 8 puntos, 1 rebote y 1 asistencia en 18 minutos.   <\/p>\n\n<p>Sus logros con las selecciones de formaci\u00f3n incluyen el bronce en el Europeo de Letonia 2014 con la U-16, la plata en el Europeo de Eslovaquia 2017 con la U-18 y la plata en el Europeo de Israel 2019 con la U-20.<\/p>\n\n<p>En el Campeonato Mundial U-17 de 2016, celebrado en Zaragoza, fue incluido en el Cinco Ideal del torneo, con Espa\u00f1a finalizando en cuarta posici\u00f3n. Sergi Mart\u00ednez lider\u00f3 al equipo en varias estad\u00edsticas, terminando cuarto en puntos por partido y segundo en rebotes de todo el campeonato. <\/p>\n\n<p><strong>Declaraciones de Fernando San Emeterio, director deportivo:<\/strong> &#8220;Contentos con la renovaci\u00f3n de Sergi Mart\u00ednez porque, desde que ha llegado a Girona, se ha identificado mucho con el club y con la ciudad. Para nosotros, tambi\u00e9n ejemplifica muchos de los valores que queremos dentro del equipo. No ahorra ning\u00fan esfuerzo en la pista, antepone los intereses del equipo a los personales, y es el jugador le rodea funcione. Adem\u00e1s, creo que est\u00e1 evolucionando positivamente en aspectos del juego que trabaja, y que su techo todav\u00eda est\u00e1 por llegar.&#8221;<\/p>\n","protected":false},"excerpt":{"rendered":"<p>Sergi Mart\u00ednez Costa (Rub\u00ed, 10\/05\/1999) firma la renovaci\u00f3n con el B\u00e0squet Girona por dos temporadas hasta la 2027\/2028. Mart\u00ednez lleg\u00f3 cedido al B\u00e0squet Girona en la temporada 2023\/24 donde juega de alero y de ala-p\u00edvot. Con el conjunto gerundense acumula 86 partidos disputados en la ACB, de los 169 totales. Esta temporada, el jugador promedia [&hellip;]<\/p>\n","protected":false},"author":4,"featured_media":62168,"menu_order":0,"template":"","categoria_noticia":[190],"class_list":["post-62172","noticia","type-noticia","status-publish","has-post-thumbnail","hentry","categoria_noticia-equipos"],"yoast_head":"<!-- This site is optimized with the Yoast SEO plugin v22.0 - https:\/\/yoast.com\/wordpress\/plugins\/seo\/ -->\n<title>Sergi Mart\u00ednez renueva con el Baloncesto Girona - Basquet Girona<\/title>\n<meta name=\"robots\" content=\"index, follow, max-snippet:-1, max-image-preview:large, max-video-preview:-1\" \/>\n<link rel=\"canonical\" href=\"https:\/\/basquetgirona.com\/es\/noticia\/sergi-martinez-renueva-con-el-baloncesto-girona\/\" \/>\n<meta property=\"og:locale\" content=\"es_ES\" \/>\n<meta property=\"og:type\" content=\"article\" \/>\n<meta property=\"og:title\" content=\"Sergi Mart\u00ednez renueva con el Baloncesto Girona - Basquet Girona\" \/>\n<meta property=\"og:description\" content=\"Sergi Mart\u00ednez Costa (Rub\u00ed, 10\/05\/1999) firma la renovaci\u00f3n con el B\u00e0squet Girona por dos temporadas hasta la 2027\/2028. Mart\u00ednez lleg\u00f3 cedido al B\u00e0squet Girona en la temporada 2023\/24 donde juega de alero y de ala-p\u00edvot. Con el conjunto gerundense acumula 86 partidos disputados en la ACB, de los 169 totales. Esta temporada, el jugador promedia [&hellip;]\" \/>\n<meta property=\"og:url\" content=\"https:\/\/basquetgirona.com\/es\/noticia\/sergi-martinez-renueva-con-el-baloncesto-girona\/\" \/>\n<meta property=\"og:site_name\" content=\"Basquet Girona\" \/>\n<meta property=\"article:publisher\" content=\"https:\/\/www.facebook.com\/BasquetGironaOficial\" \/>\n<meta property=\"article:modified_time\" content=\"2026-04-28T10:02:51+00:00\" \/>\n<meta property=\"og:image\" content=\"https:\/\/basquetgirona.com\/wp-content\/uploads\/2026\/04\/Demo-Renovacio-BG.webp\" \/>\n\t<meta property=\"og:image:width\" content=\"1080\" \/>\n\t<meta property=\"og:image:height\" content=\"1350\" \/>\n\t<meta property=\"og:image:type\" content=\"image\/jpeg\" \/>\n<meta name=\"twitter:card\" content=\"summary_large_image\" \/>\n<meta name=\"twitter:site\" content=\"@BasquetGirona\" \/>\n<meta name=\"twitter:label1\" content=\"Tiempo de lectura\" \/>\n\t<meta name=\"twitter:data1\" content=\"2 minutos\" \/>\n<!-- \/ Yoast SEO plugin. -->","yoast_head_json":{"title":"Sergi Mart\u00ednez renueva con el Baloncesto Girona - Basquet Girona","robots":{"index":"index","follow":"follow","max-snippet":"max-snippet:-1","max-image-preview":"max-image-preview:large","max-video-preview":"max-video-preview:-1"},"canonical":"https:\/\/basquetgirona.com\/es\/noticia\/sergi-martinez-renueva-con-el-baloncesto-girona\/","og_locale":"es_ES","og_type":"article","og_title":"Sergi Mart\u00ednez renueva con el Baloncesto Girona - Basquet Girona","og_description":"Sergi Mart\u00ednez Costa (Rub\u00ed, 10\/05\/1999) firma la renovaci\u00f3n con el B\u00e0squet Girona por dos temporadas hasta la 2027\/2028. Mart\u00ednez lleg\u00f3 cedido al B\u00e0squet Girona en la temporada 2023\/24 donde juega de alero y de ala-p\u00edvot. Con el conjunto gerundense acumula 86 partidos disputados en la ACB, de los 169 totales. Esta temporada, el jugador promedia [&hellip;]","og_url":"https:\/\/basquetgirona.com\/es\/noticia\/sergi-martinez-renueva-con-el-baloncesto-girona\/","og_site_name":"Basquet Girona","article_publisher":"https:\/\/www.facebook.com\/BasquetGironaOficial","article_modified_time":"2026-04-28T10:02:51+00:00","og_image":[{"width":1080,"height":1350,"url":"https:\/\/basquetgirona.com\/wp-content\/uploads\/2026\/04\/Demo-Renovacio-BG.webp","type":"image\/jpeg"}],"twitter_card":"summary_large_image","twitter_site":"@BasquetGirona","twitter_misc":{"Tiempo de lectura":"2 minutos"},"schema":{"@context":"https:\/\/schema.org","@graph":[{"@type":"NewsArticle","@id":"https:\/\/basquetgirona.com\/es\/noticia\/sergi-martinez-renueva-con-el-baloncesto-girona\/#article","isPartOf":{"@id":"https:\/\/basquetgirona.com\/es\/noticia\/sergi-martinez-renueva-con-el-baloncesto-girona\/"},"author":{"name":"Pau De Castro","@id":"https:\/\/basquetgirona.com\/es\/#\/schema\/person\/9196efe7de3d62004e09ea79cd72b8d5"},"headline":"Sergi Mart\u00ednez renueva con el Baloncesto Girona","datePublished":"2026-04-28T09:59:13+00:00","dateModified":"2026-04-28T10:02:51+00:00","mainEntityOfPage":{"@id":"https:\/\/basquetgirona.com\/es\/noticia\/sergi-martinez-renueva-con-el-baloncesto-girona\/"},"wordCount":438,"publisher":{"@id":"https:\/\/basquetgirona.com\/es\/#organization"},"inLanguage":"es"},{"@type":["WebPage","ItemPage"],"@id":"https:\/\/basquetgirona.com\/es\/noticia\/sergi-martinez-renueva-con-el-baloncesto-girona\/","url":"https:\/\/basquetgirona.com\/es\/noticia\/sergi-martinez-renueva-con-el-baloncesto-girona\/","name":"Sergi Mart\u00ednez renueva con el Baloncesto Girona - Basquet Girona","isPartOf":{"@id":"https:\/\/basquetgirona.com\/es\/#website"},"datePublished":"2026-04-28T09:59:13+00:00","dateModified":"2026-04-28T10:02:51+00:00","breadcrumb":{"@id":"https:\/\/basquetgirona.com\/es\/noticia\/sergi-martinez-renueva-con-el-baloncesto-girona\/#breadcrumb"},"inLanguage":"es","potentialAction":[{"@type":"ReadAction","target":["https:\/\/basquetgirona.com\/es\/noticia\/sergi-martinez-renueva-con-el-baloncesto-girona\/"]}]},{"@type":"BreadcrumbList","@id":"https:\/\/basquetgirona.com\/es\/noticia\/sergi-martinez-renueva-con-el-baloncesto-girona\/#breadcrumb","itemListElement":[{"@type":"ListItem","position":1,"name":"Inici","item":"https:\/\/basquetgirona.com\/es\/"},{"@type":"ListItem","position":2,"name":"Sergi Mart\u00ednez renueva con el Baloncesto Girona"}]},{"@type":"WebSite","@id":"https:\/\/basquetgirona.com\/es\/#website","url":"https:\/\/basquetgirona.com\/es\/","name":"Basquet Girona","description":"","publisher":{"@id":"https:\/\/basquetgirona.com\/es\/#organization"},"potentialAction":[{"@type":"SearchAction","target":{"@type":"EntryPoint","urlTemplate":"https:\/\/basquetgirona.com\/es\/?s={search_term_string}"},"query-input":"required name=search_term_string"}],"inLanguage":"es"},{"@type":"Organization","@id":"https:\/\/basquetgirona.com\/es\/#organization","name":"Basquet Girona","url":"https:\/\/basquetgirona.com\/es\/","logo":{"@type":"ImageObject","inLanguage":"es","@id":"https:\/\/basquetgirona.com\/es\/#\/schema\/logo\/image\/","url":"https:\/\/basquetgirona.com\/wp-content\/uploads\/2023\/02\/girona-logo1.png","contentUrl":"https:\/\/basquetgirona.com\/wp-content\/uploads\/2023\/02\/girona-logo1.png","width":124,"height":136,"caption":"Basquet Girona"},"image":{"@id":"https:\/\/basquetgirona.com\/es\/#\/schema\/logo\/image\/"},"sameAs":["https:\/\/www.facebook.com\/BasquetGironaOficial","https:\/\/twitter.com\/BasquetGirona","https:\/\/www.instagram.com\/basquetgirona\/","https:\/\/es.linkedin.com\/company\/bsquet-girona","https:\/\/www.tiktok.com\/@basquetgirona"]},{"@type":"Person","@id":"https:\/\/basquetgirona.com\/es\/#\/schema\/person\/9196efe7de3d62004e09ea79cd72b8d5","name":"Pau De Castro","image":{"@type":"ImageObject","inLanguage":"es","@id":"https:\/\/basquetgirona.com\/es\/#\/schema\/person\/image\/","url":"https:\/\/secure.gravatar.com\/avatar\/311a301e125ef9f088e17c727474e75fb5b82151095ccfc4b6e27ae4855b5814?s=96&d=mm&r=g","contentUrl":"https:\/\/secure.gravatar.com\/avatar\/311a301e125ef9f088e17c727474e75fb5b82151095ccfc4b6e27ae4855b5814?s=96&d=mm&r=g","caption":"Pau De Castro"},"url":"https:\/\/basquetgirona.com\/es\/author\/pdcastro\/"}]}},"acf":[],"_links":{"self":[{"href":"https:\/\/basquetgirona.com\/es\/wp-json\/wp\/v2\/noticia\/62172","targetHints":{"allow":["GET"]}}],"collection":[{"href":"https:\/\/basquetgirona.com\/es\/wp-json\/wp\/v2\/noticia"}],"about":[{"href":"https:\/\/basquetgirona.com\/es\/wp-json\/wp\/v2\/types\/noticia"}],"author":[{"embeddable":true,"href":"https:\/\/basquetgirona.com\/es\/wp-json\/wp\/v2\/users\/4"}],"version-history":[{"count":3,"href":"https:\/\/basquetgirona.com\/es\/wp-json\/wp\/v2\/noticia\/62172\/revisions"}],"predecessor-version":[{"id":62177,"href":"https:\/\/basquetgirona.com\/es\/wp-json\/wp\/v2\/noticia\/62172\/revisions\/62177"}],"wp:featuredmedia":[{"embeddable":true,"href":"https:\/\/basquetgirona.com\/es\/wp-json\/wp\/v2\/media\/62168"}],"wp:attachment":[{"href":"https:\/\/basquetgirona.com\/es\/wp-json\/wp\/v2\/media?parent=62172"}],"wp:term":[{"taxonomy":"categoria_noticia","embeddable":true,"href":"https:\/\/basquetgirona.com\/es\/wp-json\/wp\/v2\/categoria_noticia?post=62172"}],"curies":[{"name":"wp","href":"https:\/\/api.w.org\/{rel}","templated":true}]}}