{"id":62184,"date":"2026-04-28T11:26:07","date_gmt":"2026-04-28T11:26:07","guid":{"rendered":"https:\/\/basquetgirona.com\/noticia\/el-spar-girona-comienza-este-jueves-los-playoffs-de-la-lf-endesa\/"},"modified":"2026-04-28T11:26:58","modified_gmt":"2026-04-28T11:26:58","slug":"el-spar-girona-comienza-este-jueves-los-playoffs-de-la-lf-endesa","status":"publish","type":"noticia","link":"https:\/\/basquetgirona.com\/es\/noticia\/el-spar-girona-comienza-este-jueves-los-playoffs-de-la-lf-endesa\/","title":{"rendered":"El Spar Girona comienza este jueves los playoffs de la LF Endesa"},"content":{"rendered":"\n<p>El Spar Girona inicia este jueves 30 de abril el camino a los playoffs de la LF Endesa con el partido de ida de los cuartos de final en la pista del Innova-TSN Legan\u00e9s (19 h). La eliminatoria se decidir\u00e1 en Fontajau el domingo 3 de mayo (18:10 h).  Entradas disponibles en: <a href=\"https:\/\/basquetgirona.com\/es\/entradas\/\">https:\/\/basquetgirona.com\/entrades-general\/<\/a><\/p>\n\n<p>El equipo gerundense afronta la fase decisiva del curso despu\u00e9s de finalizar la fase regular en segunda posici\u00f3n, con un balance de 24 victorias y 6 derrotas. Por su parte, el Innova-TSN Legan\u00e9s ha cerrado la liga en s\u00e9ptima posici\u00f3n, con 15 victorias y 15 derrotas. <\/p>\n\n<p>De superar esta eliminatoria de cuartos de final, el Spar Girona se enfrentar\u00eda al ganador del duelo entre el Valencia Basket y el Ensino Lugo en las semifinales de la competici\u00f3n.<\/p>\n\n<figure class=\"wp-block-embed is-type-rich is-provider-twitter wp-block-embed-twitter\"><div class=\"wp-block-embed__wrapper\">\n<blockquote class=\"twitter-tweet\" data-width=\"500\" data-dnt=\"true\"><p lang=\"ca\" dir=\"ltr\">Horaris confirmats pels Quarts de Final de la <a href=\"https:\/\/twitter.com\/hashtag\/LFEndesa?src=hash&amp;ref_src=twsrc%5Etfw\">#LFEndesa<\/a>! \ud83c\udfc6<br><br>\ud83d\udc49 Vine a Fontajau a animar a l&#39;Spar Girona!<br>\ud83c\udd9a Innova-TSN Legan\u00e9s<br>\ud83d\udcc6 03\/05 &#8211; 18:10h<br>\ud83c\udf9f\ufe0f Entrades disponibles: <a href=\"https:\/\/t.co\/4tB2OBtPeH\">https:\/\/t.co\/4tB2OBtPeH<\/a> <a href=\"https:\/\/t.co\/NdMOV8SNaU\">pic.twitter.com\/NdMOV8SNaU<\/a><\/p>&mdash; Spar Girona (@unigirona) <a href=\"https:\/\/twitter.com\/unigirona\/status\/2048705701577437347?ref_src=twsrc%5Etfw\">April 27, 2026<\/a><\/blockquote><script async src=\"https:\/\/platform.twitter.com\/widgets.js\" charset=\"utf-8\"><\/script>\n<\/div><\/figure>\n","protected":false},"excerpt":{"rendered":"<p>El Spar Girona inicia este jueves 30 de abril el camino a los playoffs de la LF Endesa con el partido de ida de los cuartos de final en la pista del Innova-TSN Legan\u00e9s (19 h). La eliminatoria se decidir\u00e1 en Fontajau el domingo 3 de mayo (18:10 h). Entradas disponibles en: https:\/\/basquetgirona.com\/entrades-general\/ El equipo [&hellip;]<\/p>\n","protected":false},"author":4,"featured_media":62181,"menu_order":0,"template":"","categoria_noticia":[362],"class_list":["post-62184","noticia","type-noticia","status-publish","has-post-thumbnail","hentry","categoria_noticia-spar-girona-es"],"yoast_head":"<!-- This site is optimized with the Yoast SEO plugin v22.0 - https:\/\/yoast.com\/wordpress\/plugins\/seo\/ -->\n<title>El Spar Girona comienza este jueves los playoffs de la LF Endesa - Basquet Girona<\/title>\n<meta name=\"robots\" content=\"index, follow, max-snippet:-1, max-image-preview:large, max-video-preview:-1\" \/>\n<link rel=\"canonical\" href=\"https:\/\/basquetgirona.com\/es\/noticia\/el-spar-girona-comienza-este-jueves-los-playoffs-de-la-lf-endesa\/\" \/>\n<meta property=\"og:locale\" content=\"es_ES\" \/>\n<meta property=\"og:type\" content=\"article\" \/>\n<meta property=\"og:title\" content=\"El Spar Girona comienza este jueves los playoffs de la LF Endesa - Basquet Girona\" \/>\n<meta property=\"og:description\" content=\"El Spar Girona inicia este jueves 30 de abril el camino a los playoffs de la LF Endesa con el partido de ida de los cuartos de final en la pista del Innova-TSN Legan\u00e9s (19 h). La eliminatoria se decidir\u00e1 en Fontajau el domingo 3 de mayo (18:10 h). Entradas disponibles en: https:\/\/basquetgirona.com\/entrades-general\/ El equipo [&hellip;]\" \/>\n<meta property=\"og:url\" content=\"https:\/\/basquetgirona.com\/es\/noticia\/el-spar-girona-comienza-este-jueves-los-playoffs-de-la-lf-endesa\/\" \/>\n<meta property=\"og:site_name\" content=\"Basquet Girona\" \/>\n<meta property=\"article:publisher\" content=\"https:\/\/www.facebook.com\/BasquetGironaOficial\" \/>\n<meta property=\"article:modified_time\" content=\"2026-04-28T11:26:58+00:00\" \/>\n<meta property=\"og:image\" content=\"https:\/\/basquetgirona.com\/wp-content\/uploads\/2026\/04\/leganes-jocyte.webp\" \/>\n\t<meta property=\"og:image:width\" content=\"1312\" \/>\n\t<meta property=\"og:image:height\" content=\"427\" \/>\n\t<meta property=\"og:image:type\" content=\"image\/png\" \/>\n<meta name=\"twitter:card\" content=\"summary_large_image\" \/>\n<meta name=\"twitter:site\" content=\"@BasquetGirona\" \/>\n<meta name=\"twitter:label1\" content=\"Tiempo de lectura\" \/>\n\t<meta name=\"twitter:data1\" content=\"1 minuto\" \/>\n<!-- \/ Yoast SEO plugin. -->","yoast_head_json":{"title":"El Spar Girona comienza este jueves los playoffs de la LF Endesa - Basquet Girona","robots":{"index":"index","follow":"follow","max-snippet":"max-snippet:-1","max-image-preview":"max-image-preview:large","max-video-preview":"max-video-preview:-1"},"canonical":"https:\/\/basquetgirona.com\/es\/noticia\/el-spar-girona-comienza-este-jueves-los-playoffs-de-la-lf-endesa\/","og_locale":"es_ES","og_type":"article","og_title":"El Spar Girona comienza este jueves los playoffs de la LF Endesa - Basquet Girona","og_description":"El Spar Girona inicia este jueves 30 de abril el camino a los playoffs de la LF Endesa con el partido de ida de los cuartos de final en la pista del Innova-TSN Legan\u00e9s (19 h). La eliminatoria se decidir\u00e1 en Fontajau el domingo 3 de mayo (18:10 h). Entradas disponibles en: https:\/\/basquetgirona.com\/entrades-general\/ El equipo [&hellip;]","og_url":"https:\/\/basquetgirona.com\/es\/noticia\/el-spar-girona-comienza-este-jueves-los-playoffs-de-la-lf-endesa\/","og_site_name":"Basquet Girona","article_publisher":"https:\/\/www.facebook.com\/BasquetGironaOficial","article_modified_time":"2026-04-28T11:26:58+00:00","og_image":[{"width":1312,"height":427,"url":"https:\/\/basquetgirona.com\/wp-content\/uploads\/2026\/04\/leganes-jocyte.webp","type":"image\/png"}],"twitter_card":"summary_large_image","twitter_site":"@BasquetGirona","twitter_misc":{"Tiempo de lectura":"1 minuto"},"schema":{"@context":"https:\/\/schema.org","@graph":[{"@type":"NewsArticle","@id":"https:\/\/basquetgirona.com\/es\/noticia\/el-spar-girona-comienza-este-jueves-los-playoffs-de-la-lf-endesa\/#article","isPartOf":{"@id":"https:\/\/basquetgirona.com\/es\/noticia\/el-spar-girona-comienza-este-jueves-los-playoffs-de-la-lf-endesa\/"},"author":{"name":"Pau De Castro","@id":"https:\/\/basquetgirona.com\/es\/#\/schema\/person\/9196efe7de3d62004e09ea79cd72b8d5"},"headline":"El Spar Girona comienza este jueves los playoffs de la LF Endesa","datePublished":"2026-04-28T11:26:07+00:00","dateModified":"2026-04-28T11:26:58+00:00","mainEntityOfPage":{"@id":"https:\/\/basquetgirona.com\/es\/noticia\/el-spar-girona-comienza-este-jueves-los-playoffs-de-la-lf-endesa\/"},"wordCount":150,"publisher":{"@id":"https:\/\/basquetgirona.com\/es\/#organization"},"inLanguage":"es"},{"@type":["WebPage","ItemPage"],"@id":"https:\/\/basquetgirona.com\/es\/noticia\/el-spar-girona-comienza-este-jueves-los-playoffs-de-la-lf-endesa\/","url":"https:\/\/basquetgirona.com\/es\/noticia\/el-spar-girona-comienza-este-jueves-los-playoffs-de-la-lf-endesa\/","name":"El Spar Girona comienza este jueves los playoffs de la LF Endesa - Basquet Girona","isPartOf":{"@id":"https:\/\/basquetgirona.com\/es\/#website"},"datePublished":"2026-04-28T11:26:07+00:00","dateModified":"2026-04-28T11:26:58+00:00","breadcrumb":{"@id":"https:\/\/basquetgirona.com\/es\/noticia\/el-spar-girona-comienza-este-jueves-los-playoffs-de-la-lf-endesa\/#breadcrumb"},"inLanguage":"es","potentialAction":[{"@type":"ReadAction","target":["https:\/\/basquetgirona.com\/es\/noticia\/el-spar-girona-comienza-este-jueves-los-playoffs-de-la-lf-endesa\/"]}]},{"@type":"BreadcrumbList","@id":"https:\/\/basquetgirona.com\/es\/noticia\/el-spar-girona-comienza-este-jueves-los-playoffs-de-la-lf-endesa\/#breadcrumb","itemListElement":[{"@type":"ListItem","position":1,"name":"Inici","item":"https:\/\/basquetgirona.com\/es\/"},{"@type":"ListItem","position":2,"name":"El Spar Girona comienza este jueves los playoffs de la LF Endesa"}]},{"@type":"WebSite","@id":"https:\/\/basquetgirona.com\/es\/#website","url":"https:\/\/basquetgirona.com\/es\/","name":"Basquet Girona","description":"","publisher":{"@id":"https:\/\/basquetgirona.com\/es\/#organization"},"potentialAction":[{"@type":"SearchAction","target":{"@type":"EntryPoint","urlTemplate":"https:\/\/basquetgirona.com\/es\/?s={search_term_string}"},"query-input":"required name=search_term_string"}],"inLanguage":"es"},{"@type":"Organization","@id":"https:\/\/basquetgirona.com\/es\/#organization","name":"Basquet Girona","url":"https:\/\/basquetgirona.com\/es\/","logo":{"@type":"ImageObject","inLanguage":"es","@id":"https:\/\/basquetgirona.com\/es\/#\/schema\/logo\/image\/","url":"https:\/\/basquetgirona.com\/wp-content\/uploads\/2023\/02\/girona-logo1.png","contentUrl":"https:\/\/basquetgirona.com\/wp-content\/uploads\/2023\/02\/girona-logo1.png","width":124,"height":136,"caption":"Basquet Girona"},"image":{"@id":"https:\/\/basquetgirona.com\/es\/#\/schema\/logo\/image\/"},"sameAs":["https:\/\/www.facebook.com\/BasquetGironaOficial","https:\/\/twitter.com\/BasquetGirona","https:\/\/www.instagram.com\/basquetgirona\/","https:\/\/es.linkedin.com\/company\/bsquet-girona","https:\/\/www.tiktok.com\/@basquetgirona"]},{"@type":"Person","@id":"https:\/\/basquetgirona.com\/es\/#\/schema\/person\/9196efe7de3d62004e09ea79cd72b8d5","name":"Pau De Castro","image":{"@type":"ImageObject","inLanguage":"es","@id":"https:\/\/basquetgirona.com\/es\/#\/schema\/person\/image\/","url":"https:\/\/secure.gravatar.com\/avatar\/311a301e125ef9f088e17c727474e75fb5b82151095ccfc4b6e27ae4855b5814?s=96&d=mm&r=g","contentUrl":"https:\/\/secure.gravatar.com\/avatar\/311a301e125ef9f088e17c727474e75fb5b82151095ccfc4b6e27ae4855b5814?s=96&d=mm&r=g","caption":"Pau De Castro"},"url":"https:\/\/basquetgirona.com\/es\/author\/pdcastro\/"}]}},"acf":[],"_links":{"self":[{"href":"https:\/\/basquetgirona.com\/es\/wp-json\/wp\/v2\/noticia\/62184","targetHints":{"allow":["GET"]}}],"collection":[{"href":"https:\/\/basquetgirona.com\/es\/wp-json\/wp\/v2\/noticia"}],"about":[{"href":"https:\/\/basquetgirona.com\/es\/wp-json\/wp\/v2\/types\/noticia"}],"author":[{"embeddable":true,"href":"https:\/\/basquetgirona.com\/es\/wp-json\/wp\/v2\/users\/4"}],"version-history":[{"count":1,"href":"https:\/\/basquetgirona.com\/es\/wp-json\/wp\/v2\/noticia\/62184\/revisions"}],"predecessor-version":[{"id":62185,"href":"https:\/\/basquetgirona.com\/es\/wp-json\/wp\/v2\/noticia\/62184\/revisions\/62185"}],"wp:featuredmedia":[{"embeddable":true,"href":"https:\/\/basquetgirona.com\/es\/wp-json\/wp\/v2\/media\/62181"}],"wp:attachment":[{"href":"https:\/\/basquetgirona.com\/es\/wp-json\/wp\/v2\/media?parent=62184"}],"wp:term":[{"taxonomy":"categoria_noticia","embeddable":true,"href":"https:\/\/basquetgirona.com\/es\/wp-json\/wp\/v2\/categoria_noticia?post=62184"}],"curies":[{"name":"wp","href":"https:\/\/api.w.org\/{rel}","templated":true}]}}