{"id":62222,"date":"2026-04-29T08:20:35","date_gmt":"2026-04-29T08:20:35","guid":{"rendered":"https:\/\/basquetgirona.com\/noticia\/derrota-contra-real-madrid-en-los-campeonatos-de-espana\/"},"modified":"2026-04-29T09:07:54","modified_gmt":"2026-04-29T09:07:54","slug":"derrota-contra-real-madrid-en-los-campeonatos-de-espana","status":"publish","type":"noticia","link":"https:\/\/basquetgirona.com\/es\/noticia\/derrota-contra-real-madrid-en-los-campeonatos-de-espana\/","title":{"rendered":"Derrota contra Real Madrid en los Campeonatos de Espa\u00f1a"},"content":{"rendered":"\n<p>Derrota frente a uno de los rivales m\u00e1s dif\u00edciles de este Campeonato de Espa\u00f1a, el Real Madrid. El B\u00e0squet Girona no ha empezado tan bien como en los partidos anteriores, pero, pese a jugar contra un equipo f\u00edsicamente muy superior que ha salido muy intenso en defensa, al final del primer cuarto -y despu\u00e9s de unos primeros minutos con nerviosismo- el equipo se ha asentado tanto en defensa como en ataque. El parcial del primer cuarto ha sido de Real Madrid 16 &#8211; 8 B\u00e0squet Girona.  <\/p>\n\n<p>El segundo cuarto fue mucho m\u00e1s igualado: los gerundenses dieron un paso adelante y se mostraron m\u00e1s acertados, especialmente en ataque, encontrando mejores opciones de tiro. En defensa, tambi\u00e9n mejoraron las prestaciones, consiguiendo frenar parcialmente el ritmo del rival y reduciendo los errores de los primeros minutos. Pese a la intensidad del Real Madrid, el B\u00e0squet Girona ha sabido competir de t\u00fa a t\u00fa durante este per\u00edodo y, a mediados del cuarto, ha llegado a situarse a tan s\u00f3lo cinco puntos (25 &#8211; 20).  <\/p>\n\n<p>El parcial de este cuarto acab\u00f3 en empate a 14, lo que permiti\u00f3 a los gerundenses mantenerse dentro del partido y llegar al descanso con opciones. As\u00ed, el marcador en el descanso reflejaba un Real Madrid 30 &#8211; 22 B\u00e0squet Girona, dej\u00e1ndolo todo abierto para la segunda mitad. <\/p>\n\n<p>El tercer cuarto fue dominado por un Real Madrid muy acertado, con una propuesta defensiva de gran intensidad que dej\u00f3 muy poco margen al juego que quer\u00eda desplegar el equipo entrenado por Xavi Rossell\u00f3. Un parcial de 17-3 en los primeros cuatro minutos del periodo, gracias al acierto en el tiro de tres puntos, ha marcado claramente el desarrollo del cuarto. Al final del per\u00edodo, la desventaja de los gerundenses era de 37 puntos (67 &#8211; 30).  <\/p>\n\n<p>En el \u00faltimo cuarto, el B\u00e0squet Girona ha continuado trabajando para mostrar su identidad de juego, tanto en defensa como en ataque, y el equipo no ha escatimado esfuerzos. Al final del partido, el resultado ha sido Real Madrid 91-37 B\u00e0squet Girona. <\/p>\n\n<p>Declaraciones del entrenador del B\u00e0squet Girona, Xavi Rossell\u00f3: El partido ha empezado con nervios e imprecisiones, con mucho respeto por el rival que ten\u00edamos por delante. A medida que hemos empezado a enlazar algunas buenas acciones, hemos ido cogiendo m\u00e1s confianza y sintiendo m\u00e1s c\u00f3modos. Hemos hecho un segundo cuarto muy bueno y llegamos al descanso por debajo de los 10 puntos. En la segunda parte fue mucho m\u00e1s dif\u00edcil y, a medida que fueron pasando los minutos, nos falt\u00f3 gasolina y ellos rompieron el partido porque subieron el nivel defensivo y estuvieron acertados en sus tiros. Estoy muy contento con el esfuerzo y el sacrificio; el equipo ha luchado de la mejor forma que hemos podido. Se ha logrado competir en algunos momentos a buen nivel y cerrar la participaci\u00f3n con la tranquilidad de haber hecho todo lo que estaba en nuestras manos.     <\/p>\n","protected":false},"excerpt":{"rendered":"<p>Derrota frente a uno de los rivales m\u00e1s dif\u00edciles de este Campeonato de Espa\u00f1a, el Real Madrid. El B\u00e0squet Girona no ha empezado tan bien como en los partidos anteriores, pero, pese a jugar contra un equipo f\u00edsicamente muy superior que ha salido muy intenso en defensa, al final del primer cuarto -y despu\u00e9s de [&hellip;]<\/p>\n","protected":false},"author":4,"featured_media":62219,"menu_order":0,"template":"","categoria_noticia":[307],"class_list":["post-62222","noticia","type-noticia","status-publish","has-post-thumbnail","hentry","categoria_noticia-base-es-2"],"yoast_head":"<!-- This site is optimized with the Yoast SEO plugin v22.0 - https:\/\/yoast.com\/wordpress\/plugins\/seo\/ -->\n<title>Derrota contra Real Madrid en los Campeonatos de Espa\u00f1a - Basquet Girona<\/title>\n<meta name=\"robots\" content=\"index, follow, max-snippet:-1, max-image-preview:large, max-video-preview:-1\" \/>\n<link rel=\"canonical\" href=\"https:\/\/basquetgirona.com\/es\/noticia\/derrota-contra-real-madrid-en-los-campeonatos-de-espana\/\" \/>\n<meta property=\"og:locale\" content=\"es_ES\" \/>\n<meta property=\"og:type\" content=\"article\" \/>\n<meta property=\"og:title\" content=\"Derrota contra Real Madrid en los Campeonatos de Espa\u00f1a - Basquet Girona\" \/>\n<meta property=\"og:description\" content=\"Derrota frente a uno de los rivales m\u00e1s dif\u00edciles de este Campeonato de Espa\u00f1a, el Real Madrid. El B\u00e0squet Girona no ha empezado tan bien como en los partidos anteriores, pero, pese a jugar contra un equipo f\u00edsicamente muy superior que ha salido muy intenso en defensa, al final del primer cuarto -y despu\u00e9s de [&hellip;]\" \/>\n<meta property=\"og:url\" content=\"https:\/\/basquetgirona.com\/es\/noticia\/derrota-contra-real-madrid-en-los-campeonatos-de-espana\/\" \/>\n<meta property=\"og:site_name\" content=\"Basquet Girona\" \/>\n<meta property=\"article:publisher\" content=\"https:\/\/www.facebook.com\/BasquetGironaOficial\" \/>\n<meta property=\"article:modified_time\" content=\"2026-04-29T09:07:54+00:00\" \/>\n<meta property=\"og:image\" content=\"https:\/\/basquetgirona.com\/wp-content\/uploads\/2026\/04\/WhatsApp-Image-2026-04-28-at-20.49.45-scaled.webp\" \/>\n\t<meta property=\"og:image:width\" content=\"1440\" \/>\n\t<meta property=\"og:image:height\" content=\"1920\" \/>\n\t<meta property=\"og:image:type\" content=\"image\/jpeg\" \/>\n<meta name=\"twitter:card\" content=\"summary_large_image\" \/>\n<meta name=\"twitter:site\" content=\"@BasquetGirona\" \/>\n<meta name=\"twitter:label1\" content=\"Tiempo de lectura\" \/>\n\t<meta name=\"twitter:data1\" content=\"2 minutos\" \/>\n<!-- \/ Yoast SEO plugin. -->","yoast_head_json":{"title":"Derrota contra Real Madrid en los Campeonatos de Espa\u00f1a - Basquet Girona","robots":{"index":"index","follow":"follow","max-snippet":"max-snippet:-1","max-image-preview":"max-image-preview:large","max-video-preview":"max-video-preview:-1"},"canonical":"https:\/\/basquetgirona.com\/es\/noticia\/derrota-contra-real-madrid-en-los-campeonatos-de-espana\/","og_locale":"es_ES","og_type":"article","og_title":"Derrota contra Real Madrid en los Campeonatos de Espa\u00f1a - Basquet Girona","og_description":"Derrota frente a uno de los rivales m\u00e1s dif\u00edciles de este Campeonato de Espa\u00f1a, el Real Madrid. El B\u00e0squet Girona no ha empezado tan bien como en los partidos anteriores, pero, pese a jugar contra un equipo f\u00edsicamente muy superior que ha salido muy intenso en defensa, al final del primer cuarto -y despu\u00e9s de [&hellip;]","og_url":"https:\/\/basquetgirona.com\/es\/noticia\/derrota-contra-real-madrid-en-los-campeonatos-de-espana\/","og_site_name":"Basquet Girona","article_publisher":"https:\/\/www.facebook.com\/BasquetGironaOficial","article_modified_time":"2026-04-29T09:07:54+00:00","og_image":[{"width":1440,"height":1920,"url":"https:\/\/basquetgirona.com\/wp-content\/uploads\/2026\/04\/WhatsApp-Image-2026-04-28-at-20.49.45-scaled.webp","type":"image\/jpeg"}],"twitter_card":"summary_large_image","twitter_site":"@BasquetGirona","twitter_misc":{"Tiempo de lectura":"2 minutos"},"schema":{"@context":"https:\/\/schema.org","@graph":[{"@type":"NewsArticle","@id":"https:\/\/basquetgirona.com\/es\/noticia\/derrota-contra-real-madrid-en-los-campeonatos-de-espana\/#article","isPartOf":{"@id":"https:\/\/basquetgirona.com\/es\/noticia\/derrota-contra-real-madrid-en-los-campeonatos-de-espana\/"},"author":{"name":"Pau De Castro","@id":"https:\/\/basquetgirona.com\/es\/#\/schema\/person\/9196efe7de3d62004e09ea79cd72b8d5"},"headline":"Derrota contra Real Madrid en los Campeonatos de Espa\u00f1a","datePublished":"2026-04-29T08:20:35+00:00","dateModified":"2026-04-29T09:07:54+00:00","mainEntityOfPage":{"@id":"https:\/\/basquetgirona.com\/es\/noticia\/derrota-contra-real-madrid-en-los-campeonatos-de-espana\/"},"wordCount":507,"publisher":{"@id":"https:\/\/basquetgirona.com\/es\/#organization"},"inLanguage":"es"},{"@type":["WebPage","ItemPage"],"@id":"https:\/\/basquetgirona.com\/es\/noticia\/derrota-contra-real-madrid-en-los-campeonatos-de-espana\/","url":"https:\/\/basquetgirona.com\/es\/noticia\/derrota-contra-real-madrid-en-los-campeonatos-de-espana\/","name":"Derrota contra Real Madrid en los Campeonatos de Espa\u00f1a - Basquet Girona","isPartOf":{"@id":"https:\/\/basquetgirona.com\/es\/#website"},"datePublished":"2026-04-29T08:20:35+00:00","dateModified":"2026-04-29T09:07:54+00:00","breadcrumb":{"@id":"https:\/\/basquetgirona.com\/es\/noticia\/derrota-contra-real-madrid-en-los-campeonatos-de-espana\/#breadcrumb"},"inLanguage":"es","potentialAction":[{"@type":"ReadAction","target":["https:\/\/basquetgirona.com\/es\/noticia\/derrota-contra-real-madrid-en-los-campeonatos-de-espana\/"]}]},{"@type":"BreadcrumbList","@id":"https:\/\/basquetgirona.com\/es\/noticia\/derrota-contra-real-madrid-en-los-campeonatos-de-espana\/#breadcrumb","itemListElement":[{"@type":"ListItem","position":1,"name":"Inici","item":"https:\/\/basquetgirona.com\/es\/"},{"@type":"ListItem","position":2,"name":"Derrota contra Real Madrid en los Campeonatos de Espa\u00f1a"}]},{"@type":"WebSite","@id":"https:\/\/basquetgirona.com\/es\/#website","url":"https:\/\/basquetgirona.com\/es\/","name":"Basquet Girona","description":"","publisher":{"@id":"https:\/\/basquetgirona.com\/es\/#organization"},"potentialAction":[{"@type":"SearchAction","target":{"@type":"EntryPoint","urlTemplate":"https:\/\/basquetgirona.com\/es\/?s={search_term_string}"},"query-input":"required name=search_term_string"}],"inLanguage":"es"},{"@type":"Organization","@id":"https:\/\/basquetgirona.com\/es\/#organization","name":"Basquet Girona","url":"https:\/\/basquetgirona.com\/es\/","logo":{"@type":"ImageObject","inLanguage":"es","@id":"https:\/\/basquetgirona.com\/es\/#\/schema\/logo\/image\/","url":"https:\/\/basquetgirona.com\/wp-content\/uploads\/2023\/02\/girona-logo1.png","contentUrl":"https:\/\/basquetgirona.com\/wp-content\/uploads\/2023\/02\/girona-logo1.png","width":124,"height":136,"caption":"Basquet Girona"},"image":{"@id":"https:\/\/basquetgirona.com\/es\/#\/schema\/logo\/image\/"},"sameAs":["https:\/\/www.facebook.com\/BasquetGironaOficial","https:\/\/twitter.com\/BasquetGirona","https:\/\/www.instagram.com\/basquetgirona\/","https:\/\/es.linkedin.com\/company\/bsquet-girona","https:\/\/www.tiktok.com\/@basquetgirona"]},{"@type":"Person","@id":"https:\/\/basquetgirona.com\/es\/#\/schema\/person\/9196efe7de3d62004e09ea79cd72b8d5","name":"Pau De Castro","image":{"@type":"ImageObject","inLanguage":"es","@id":"https:\/\/basquetgirona.com\/es\/#\/schema\/person\/image\/","url":"https:\/\/secure.gravatar.com\/avatar\/311a301e125ef9f088e17c727474e75fb5b82151095ccfc4b6e27ae4855b5814?s=96&d=mm&r=g","contentUrl":"https:\/\/secure.gravatar.com\/avatar\/311a301e125ef9f088e17c727474e75fb5b82151095ccfc4b6e27ae4855b5814?s=96&d=mm&r=g","caption":"Pau De Castro"},"url":"https:\/\/basquetgirona.com\/es\/author\/pdcastro\/"}]}},"acf":[],"_links":{"self":[{"href":"https:\/\/basquetgirona.com\/es\/wp-json\/wp\/v2\/noticia\/62222","targetHints":{"allow":["GET"]}}],"collection":[{"href":"https:\/\/basquetgirona.com\/es\/wp-json\/wp\/v2\/noticia"}],"about":[{"href":"https:\/\/basquetgirona.com\/es\/wp-json\/wp\/v2\/types\/noticia"}],"author":[{"embeddable":true,"href":"https:\/\/basquetgirona.com\/es\/wp-json\/wp\/v2\/users\/4"}],"version-history":[{"count":3,"href":"https:\/\/basquetgirona.com\/es\/wp-json\/wp\/v2\/noticia\/62222\/revisions"}],"predecessor-version":[{"id":62226,"href":"https:\/\/basquetgirona.com\/es\/wp-json\/wp\/v2\/noticia\/62222\/revisions\/62226"}],"wp:featuredmedia":[{"embeddable":true,"href":"https:\/\/basquetgirona.com\/es\/wp-json\/wp\/v2\/media\/62219"}],"wp:attachment":[{"href":"https:\/\/basquetgirona.com\/es\/wp-json\/wp\/v2\/media?parent=62222"}],"wp:term":[{"taxonomy":"categoria_noticia","embeddable":true,"href":"https:\/\/basquetgirona.com\/es\/wp-json\/wp\/v2\/categoria_noticia?post=62222"}],"curies":[{"name":"wp","href":"https:\/\/api.w.org\/{rel}","templated":true}]}}