{"id":62255,"date":"2026-05-01T09:13:24","date_gmt":"2026-05-01T09:13:24","guid":{"rendered":"https:\/\/basquetgirona.com\/noticia\/62255\/"},"modified":"2026-05-01T09:15:36","modified_gmt":"2026-05-01T09:15:36","slug":"62255","status":"publish","type":"noticia","link":"https:\/\/basquetgirona.com\/es\/noticia\/62255\/","title":{"rendered":"Duelo exigente en Fontajau"},"content":{"rendered":"\n<p>El Pabell\u00f3n de Fontajau ser\u00e1 este s\u00e1bado el escenario de un duelo de alto voltaje donde el B\u00e0squet Girona intentar\u00e1 repetir la victoria conseguida en la primera vuelta ante el Casademont Zaragoza. Los gerundenses llegan a esta 29\u00aa jornada con la confianza que da su dominio en el rebote y la buena direcci\u00f3n de Otis Livingston II, claves para imponer un ritmo alto de juego que desgaste a la defensa aragonesa. Para el conjunto local, sumar este triunfo ante su afici\u00f3n significar\u00eda dar un paso de gigante hacia la tranquilidad clasificatoria y consolidar la identidad de un blog que quiere ser lo m\u00e1s ambicioso posible en este tramo final de temporada.  <\/p>\n\n<p>Por su parte, el Casademont Zaragoza aterriza en Girona con la intenci\u00f3n de dar continuidad a las dos victorias seguidas y, sobre todo, proteger mejor el bal\u00f3n para evitar las transiciones r\u00e1pidas del rival. El peligro visitante pasar\u00e1 inevitablemente por las manos de Bojan Dubljevi\u0107 en la zona y la capacidad anotadora de Santi Yusta, quien buscar\u00e1 castigar el per\u00edmetro gerundense. Se prev\u00e9 un enfrentamiento muy f\u00edsico y de anotaci\u00f3n elevada, en el que la gesti\u00f3n de los errores no forzados y el control de la pintura en los minutos finales decidir\u00e1n qui\u00e9n se lleva una victoria vital para las aspiraciones de ambos clubs en esta recta final de la Liga Endesa.  <\/p>\n","protected":false},"excerpt":{"rendered":"<p>El Pabell\u00f3n de Fontajau ser\u00e1 este s\u00e1bado el escenario de un duelo de alto voltaje donde el B\u00e0squet Girona intentar\u00e1 repetir la victoria conseguida en la primera vuelta ante el Casademont Zaragoza. Los gerundenses llegan a esta 29\u00aa jornada con la confianza que da su dominio en el rebote y la buena direcci\u00f3n de Otis [&hellip;]<\/p>\n","protected":false},"author":4,"featured_media":62253,"menu_order":0,"template":"","categoria_noticia":[190],"class_list":["post-62255","noticia","type-noticia","status-publish","has-post-thumbnail","hentry","categoria_noticia-equipos"],"yoast_head":"<!-- This site is optimized with the Yoast SEO plugin v22.0 - https:\/\/yoast.com\/wordpress\/plugins\/seo\/ -->\n<title>Duelo exigente en Fontajau - Basquet Girona<\/title>\n<meta name=\"robots\" content=\"index, follow, max-snippet:-1, max-image-preview:large, max-video-preview:-1\" \/>\n<link rel=\"canonical\" href=\"https:\/\/basquetgirona.com\/es\/noticia\/62255\/\" \/>\n<meta property=\"og:locale\" content=\"es_ES\" \/>\n<meta property=\"og:type\" content=\"article\" \/>\n<meta property=\"og:title\" content=\"Duelo exigente en Fontajau - Basquet Girona\" \/>\n<meta property=\"og:description\" content=\"El Pabell\u00f3n de Fontajau ser\u00e1 este s\u00e1bado el escenario de un duelo de alto voltaje donde el B\u00e0squet Girona intentar\u00e1 repetir la victoria conseguida en la primera vuelta ante el Casademont Zaragoza. Los gerundenses llegan a esta 29\u00aa jornada con la confianza que da su dominio en el rebote y la buena direcci\u00f3n de Otis [&hellip;]\" \/>\n<meta property=\"og:url\" content=\"https:\/\/basquetgirona.com\/es\/noticia\/62255\/\" \/>\n<meta property=\"og:site_name\" content=\"Basquet Girona\" \/>\n<meta property=\"article:publisher\" content=\"https:\/\/www.facebook.com\/BasquetGironaOficial\" \/>\n<meta property=\"article:modified_time\" content=\"2026-05-01T09:15:36+00:00\" \/>\n<meta property=\"og:image\" content=\"https:\/\/basquetgirona.com\/wp-content\/uploads\/2026\/05\/DSC5004-1-scaled.webp\" \/>\n\t<meta property=\"og:image:width\" content=\"1920\" \/>\n\t<meta property=\"og:image:height\" content=\"1280\" \/>\n\t<meta property=\"og:image:type\" content=\"image\/jpeg\" \/>\n<meta name=\"twitter:card\" content=\"summary_large_image\" \/>\n<meta name=\"twitter:site\" content=\"@BasquetGirona\" \/>\n<meta name=\"twitter:label1\" content=\"Tiempo de lectura\" \/>\n\t<meta name=\"twitter:data1\" content=\"1 minuto\" \/>\n<!-- \/ Yoast SEO plugin. -->","yoast_head_json":{"title":"Duelo exigente en Fontajau - Basquet Girona","robots":{"index":"index","follow":"follow","max-snippet":"max-snippet:-1","max-image-preview":"max-image-preview:large","max-video-preview":"max-video-preview:-1"},"canonical":"https:\/\/basquetgirona.com\/es\/noticia\/62255\/","og_locale":"es_ES","og_type":"article","og_title":"Duelo exigente en Fontajau - Basquet Girona","og_description":"El Pabell\u00f3n de Fontajau ser\u00e1 este s\u00e1bado el escenario de un duelo de alto voltaje donde el B\u00e0squet Girona intentar\u00e1 repetir la victoria conseguida en la primera vuelta ante el Casademont Zaragoza. Los gerundenses llegan a esta 29\u00aa jornada con la confianza que da su dominio en el rebote y la buena direcci\u00f3n de Otis [&hellip;]","og_url":"https:\/\/basquetgirona.com\/es\/noticia\/62255\/","og_site_name":"Basquet Girona","article_publisher":"https:\/\/www.facebook.com\/BasquetGironaOficial","article_modified_time":"2026-05-01T09:15:36+00:00","og_image":[{"width":1920,"height":1280,"url":"https:\/\/basquetgirona.com\/wp-content\/uploads\/2026\/05\/DSC5004-1-scaled.webp","type":"image\/jpeg"}],"twitter_card":"summary_large_image","twitter_site":"@BasquetGirona","twitter_misc":{"Tiempo de lectura":"1 minuto"},"schema":{"@context":"https:\/\/schema.org","@graph":[{"@type":"NewsArticle","@id":"https:\/\/basquetgirona.com\/es\/noticia\/62255\/#article","isPartOf":{"@id":"https:\/\/basquetgirona.com\/es\/noticia\/62255\/"},"author":{"name":"Pau De Castro","@id":"https:\/\/basquetgirona.com\/es\/#\/schema\/person\/9196efe7de3d62004e09ea79cd72b8d5"},"headline":"Duelo exigente en Fontajau","datePublished":"2026-05-01T09:13:24+00:00","dateModified":"2026-05-01T09:15:36+00:00","mainEntityOfPage":{"@id":"https:\/\/basquetgirona.com\/es\/noticia\/62255\/"},"wordCount":242,"publisher":{"@id":"https:\/\/basquetgirona.com\/es\/#organization"},"inLanguage":"es"},{"@type":["WebPage","ItemPage"],"@id":"https:\/\/basquetgirona.com\/es\/noticia\/62255\/","url":"https:\/\/basquetgirona.com\/es\/noticia\/62255\/","name":"Duelo exigente en Fontajau - Basquet Girona","isPartOf":{"@id":"https:\/\/basquetgirona.com\/es\/#website"},"datePublished":"2026-05-01T09:13:24+00:00","dateModified":"2026-05-01T09:15:36+00:00","breadcrumb":{"@id":"https:\/\/basquetgirona.com\/es\/noticia\/62255\/#breadcrumb"},"inLanguage":"es","potentialAction":[{"@type":"ReadAction","target":["https:\/\/basquetgirona.com\/es\/noticia\/62255\/"]}]},{"@type":"BreadcrumbList","@id":"https:\/\/basquetgirona.com\/es\/noticia\/62255\/#breadcrumb","itemListElement":[{"@type":"ListItem","position":1,"name":"Inici","item":"https:\/\/basquetgirona.com\/es\/"},{"@type":"ListItem","position":2,"name":"Duelo exigente en Fontajau"}]},{"@type":"WebSite","@id":"https:\/\/basquetgirona.com\/es\/#website","url":"https:\/\/basquetgirona.com\/es\/","name":"Basquet Girona","description":"","publisher":{"@id":"https:\/\/basquetgirona.com\/es\/#organization"},"potentialAction":[{"@type":"SearchAction","target":{"@type":"EntryPoint","urlTemplate":"https:\/\/basquetgirona.com\/es\/?s={search_term_string}"},"query-input":"required name=search_term_string"}],"inLanguage":"es"},{"@type":"Organization","@id":"https:\/\/basquetgirona.com\/es\/#organization","name":"Basquet Girona","url":"https:\/\/basquetgirona.com\/es\/","logo":{"@type":"ImageObject","inLanguage":"es","@id":"https:\/\/basquetgirona.com\/es\/#\/schema\/logo\/image\/","url":"https:\/\/basquetgirona.com\/wp-content\/uploads\/2023\/02\/girona-logo1.png","contentUrl":"https:\/\/basquetgirona.com\/wp-content\/uploads\/2023\/02\/girona-logo1.png","width":124,"height":136,"caption":"Basquet Girona"},"image":{"@id":"https:\/\/basquetgirona.com\/es\/#\/schema\/logo\/image\/"},"sameAs":["https:\/\/www.facebook.com\/BasquetGironaOficial","https:\/\/twitter.com\/BasquetGirona","https:\/\/www.instagram.com\/basquetgirona\/","https:\/\/es.linkedin.com\/company\/bsquet-girona","https:\/\/www.tiktok.com\/@basquetgirona"]},{"@type":"Person","@id":"https:\/\/basquetgirona.com\/es\/#\/schema\/person\/9196efe7de3d62004e09ea79cd72b8d5","name":"Pau De Castro","image":{"@type":"ImageObject","inLanguage":"es","@id":"https:\/\/basquetgirona.com\/es\/#\/schema\/person\/image\/","url":"https:\/\/secure.gravatar.com\/avatar\/311a301e125ef9f088e17c727474e75fb5b82151095ccfc4b6e27ae4855b5814?s=96&d=mm&r=g","contentUrl":"https:\/\/secure.gravatar.com\/avatar\/311a301e125ef9f088e17c727474e75fb5b82151095ccfc4b6e27ae4855b5814?s=96&d=mm&r=g","caption":"Pau De Castro"},"url":"https:\/\/basquetgirona.com\/es\/author\/pdcastro\/"}]}},"acf":[],"_links":{"self":[{"href":"https:\/\/basquetgirona.com\/es\/wp-json\/wp\/v2\/noticia\/62255","targetHints":{"allow":["GET"]}}],"collection":[{"href":"https:\/\/basquetgirona.com\/es\/wp-json\/wp\/v2\/noticia"}],"about":[{"href":"https:\/\/basquetgirona.com\/es\/wp-json\/wp\/v2\/types\/noticia"}],"author":[{"embeddable":true,"href":"https:\/\/basquetgirona.com\/es\/wp-json\/wp\/v2\/users\/4"}],"version-history":[{"count":2,"href":"https:\/\/basquetgirona.com\/es\/wp-json\/wp\/v2\/noticia\/62255\/revisions"}],"predecessor-version":[{"id":62260,"href":"https:\/\/basquetgirona.com\/es\/wp-json\/wp\/v2\/noticia\/62255\/revisions\/62260"}],"wp:featuredmedia":[{"embeddable":true,"href":"https:\/\/basquetgirona.com\/es\/wp-json\/wp\/v2\/media\/62253"}],"wp:attachment":[{"href":"https:\/\/basquetgirona.com\/es\/wp-json\/wp\/v2\/media?parent=62255"}],"wp:term":[{"taxonomy":"categoria_noticia","embeddable":true,"href":"https:\/\/basquetgirona.com\/es\/wp-json\/wp\/v2\/categoria_noticia?post=62255"}],"curies":[{"name":"wp","href":"https:\/\/api.w.org\/{rel}","templated":true}]}}