{"id":62270,"date":"2026-05-02T10:21:37","date_gmt":"2026-05-02T10:21:37","guid":{"rendered":"https:\/\/basquetgirona.com\/noticia\/el-spar-girona-se-juega-el-acceso-a-semifinales-en-fontajau-ante-el-leganes\/"},"modified":"2026-05-02T10:22:28","modified_gmt":"2026-05-02T10:22:28","slug":"el-spar-girona-se-juega-el-acceso-a-semifinales-en-fontajau-ante-el-leganes","status":"publish","type":"noticia","link":"https:\/\/basquetgirona.com\/es\/noticia\/el-spar-girona-se-juega-el-acceso-a-semifinales-en-fontajau-ante-el-leganes\/","title":{"rendered":"El Spar Girona se juega el acceso a semifinales en Fontajau ante el Legan\u00e9s"},"content":{"rendered":"\n<p>El Spar Girona y el Innova-TSN Legan\u00e9s se vuelven a ver las caras este domingo en Fontajau en el partido de vuelta de los cuartos de final de la LF Endesa (18:10h). La eliminatoria llega totalmente abierta tras el empate (82-82) registrado en el Pabell\u00f3n Europa de Legan\u00e9s el pasado jueves. Con este resultado, el conjunto que se imponga en el duelo de ma\u00f1ana sellar\u00e1 su billete para las semifinales.   Entradas disponibles en: <a href=\"https:\/\/basquetgirona.com\/es\/entradas\/\">https:\/\/basquetgirona.com\/entrades-general\/<\/a><\/p>\n\n<figure class=\"wp-block-embed is-type-video is-provider-youtube wp-block-embed-youtube wp-embed-aspect-4-3 wp-has-aspect-ratio\"><div class=\"wp-block-embed__wrapper\">\n<iframe loading=\"lazy\" title=\"\ud83c\udf99\ufe0f #RDPPr\u00e8via | Roberto \u00cd\u00f1iguez | Quarts de Final Tornada\" width=\"500\" height=\"375\" src=\"https:\/\/www.youtube.com\/embed\/hZ-I_BK7gdE?feature=oembed\" frameborder=\"0\" allow=\"accelerometer; autoplay; clipboard-write; encrypted-media; gyroscope; picture-in-picture; web-share\" referrerpolicy=\"strict-origin-when-cross-origin\" allowfullscreen><\/iframe>\n<\/div><\/figure>\n\n<h2 class=\"wp-block-heading\">Sobre el rival<\/h2>\n\n<p>El conjunto madrile\u00f1o mostr\u00f3 su mejor versi\u00f3n en el primer partido de esta serie, liderado por una actuaci\u00f3n dominante de Sangare, que termin\u00f3 con 29 puntos y 37 de valoraci\u00f3n. Tambi\u00e9n fue clave la aportaci\u00f3n exterior de Dudasova, que destac\u00f3 con 16 puntos por mantener al Legan\u00e9s dentro del partido hasta el pitido final. <\/p>\n\n<p>El equipo de Javier Fort visitar\u00e1 Fontajau con el mismo bloque que ha competido durante toda la temporada y que ya oblig\u00f3 al Spar Girona a trabajar al m\u00e1ximo en los duelos de la fase regular.<\/p>\n\n<h2 class=\"wp-block-heading\">Sobre el Spar Girona<\/h2>\n\n<p>El conjunto de Roberto \u00cd\u00f1iguez afronta este partido decisivo en casa despu\u00e9s de un duelo de ida en el que varias jugadoras firmaron n\u00fameros destacados. Mariam Coulibaly, que finalmente pudo jugar, lider\u00f3 al equipo con 20 puntos y 11 rebotes, acompa\u00f1ada por el talento de Juste Jocyte (19 puntos). Tambi\u00e9n fueron fundamentales Klara Lundquist (15 puntos y 9 rebotes) y Lola Pendande, que firm\u00f3 un doble-doble con 11 puntos y 11 rebotes.  <\/p>\n\n<p>El equipo se reencuentra con su afici\u00f3n en Fontajau por decidir esta eliminatoria de cuartos de final en el segundo asalto de la semana contra el conjunto madrile\u00f1o.<\/p>\n","protected":false},"excerpt":{"rendered":"<p>El Spar Girona y el Innova-TSN Legan\u00e9s se vuelven a ver las caras este domingo en Fontajau en el partido de vuelta de los cuartos de final de la LF Endesa (18:10h). La eliminatoria llega totalmente abierta tras el empate (82-82) registrado en el Pabell\u00f3n Europa de Legan\u00e9s el pasado jueves. Con este resultado, el [&hellip;]<\/p>\n","protected":false},"author":4,"featured_media":62268,"menu_order":0,"template":"","categoria_noticia":[362],"class_list":["post-62270","noticia","type-noticia","status-publish","has-post-thumbnail","hentry","categoria_noticia-spar-girona-es"],"yoast_head":"<!-- This site is optimized with the Yoast SEO plugin v22.0 - https:\/\/yoast.com\/wordpress\/plugins\/seo\/ -->\n<title>El Spar Girona se juega el acceso a semifinales en Fontajau ante el Legan\u00e9s - Basquet Girona<\/title>\n<meta name=\"robots\" content=\"index, follow, max-snippet:-1, max-image-preview:large, max-video-preview:-1\" \/>\n<link rel=\"canonical\" href=\"https:\/\/basquetgirona.com\/es\/noticia\/el-spar-girona-se-juega-el-acceso-a-semifinales-en-fontajau-ante-el-leganes\/\" \/>\n<meta property=\"og:locale\" content=\"es_ES\" \/>\n<meta property=\"og:type\" content=\"article\" \/>\n<meta property=\"og:title\" content=\"El Spar Girona se juega el acceso a semifinales en Fontajau ante el Legan\u00e9s - Basquet Girona\" \/>\n<meta property=\"og:description\" content=\"El Spar Girona y el Innova-TSN Legan\u00e9s se vuelven a ver las caras este domingo en Fontajau en el partido de vuelta de los cuartos de final de la LF Endesa (18:10h). La eliminatoria llega totalmente abierta tras el empate (82-82) registrado en el Pabell\u00f3n Europa de Legan\u00e9s el pasado jueves. Con este resultado, el [&hellip;]\" \/>\n<meta property=\"og:url\" content=\"https:\/\/basquetgirona.com\/es\/noticia\/el-spar-girona-se-juega-el-acceso-a-semifinales-en-fontajau-ante-el-leganes\/\" \/>\n<meta property=\"og:site_name\" content=\"Basquet Girona\" \/>\n<meta property=\"article:publisher\" content=\"https:\/\/www.facebook.com\/BasquetGironaOficial\" \/>\n<meta property=\"article:modified_time\" content=\"2026-05-02T10:22:28+00:00\" \/>\n<meta property=\"og:image\" content=\"https:\/\/basquetgirona.com\/wp-content\/uploads\/2026\/05\/Captura-de-pantalla-2026-05-02-122043.webp\" \/>\n\t<meta property=\"og:image:width\" content=\"1257\" \/>\n\t<meta property=\"og:image:height\" content=\"556\" \/>\n\t<meta property=\"og:image:type\" content=\"image\/png\" \/>\n<meta name=\"twitter:card\" content=\"summary_large_image\" \/>\n<meta name=\"twitter:site\" content=\"@BasquetGirona\" \/>\n<meta name=\"twitter:label1\" content=\"Tiempo de lectura\" \/>\n\t<meta name=\"twitter:data1\" content=\"1 minuto\" \/>\n<!-- \/ Yoast SEO plugin. -->","yoast_head_json":{"title":"El Spar Girona se juega el acceso a semifinales en Fontajau ante el Legan\u00e9s - Basquet Girona","robots":{"index":"index","follow":"follow","max-snippet":"max-snippet:-1","max-image-preview":"max-image-preview:large","max-video-preview":"max-video-preview:-1"},"canonical":"https:\/\/basquetgirona.com\/es\/noticia\/el-spar-girona-se-juega-el-acceso-a-semifinales-en-fontajau-ante-el-leganes\/","og_locale":"es_ES","og_type":"article","og_title":"El Spar Girona se juega el acceso a semifinales en Fontajau ante el Legan\u00e9s - Basquet Girona","og_description":"El Spar Girona y el Innova-TSN Legan\u00e9s se vuelven a ver las caras este domingo en Fontajau en el partido de vuelta de los cuartos de final de la LF Endesa (18:10h). La eliminatoria llega totalmente abierta tras el empate (82-82) registrado en el Pabell\u00f3n Europa de Legan\u00e9s el pasado jueves. Con este resultado, el [&hellip;]","og_url":"https:\/\/basquetgirona.com\/es\/noticia\/el-spar-girona-se-juega-el-acceso-a-semifinales-en-fontajau-ante-el-leganes\/","og_site_name":"Basquet Girona","article_publisher":"https:\/\/www.facebook.com\/BasquetGironaOficial","article_modified_time":"2026-05-02T10:22:28+00:00","og_image":[{"width":1257,"height":556,"url":"https:\/\/basquetgirona.com\/wp-content\/uploads\/2026\/05\/Captura-de-pantalla-2026-05-02-122043.webp","type":"image\/png"}],"twitter_card":"summary_large_image","twitter_site":"@BasquetGirona","twitter_misc":{"Tiempo de lectura":"1 minuto"},"schema":{"@context":"https:\/\/schema.org","@graph":[{"@type":"NewsArticle","@id":"https:\/\/basquetgirona.com\/es\/noticia\/el-spar-girona-se-juega-el-acceso-a-semifinales-en-fontajau-ante-el-leganes\/#article","isPartOf":{"@id":"https:\/\/basquetgirona.com\/es\/noticia\/el-spar-girona-se-juega-el-acceso-a-semifinales-en-fontajau-ante-el-leganes\/"},"author":{"name":"Pau De Castro","@id":"https:\/\/basquetgirona.com\/es\/#\/schema\/person\/9196efe7de3d62004e09ea79cd72b8d5"},"headline":"El Spar Girona se juega el acceso a semifinales en Fontajau ante el Legan\u00e9s","datePublished":"2026-05-02T10:21:37+00:00","dateModified":"2026-05-02T10:22:28+00:00","mainEntityOfPage":{"@id":"https:\/\/basquetgirona.com\/es\/noticia\/el-spar-girona-se-juega-el-acceso-a-semifinales-en-fontajau-ante-el-leganes\/"},"wordCount":306,"publisher":{"@id":"https:\/\/basquetgirona.com\/es\/#organization"},"inLanguage":"es"},{"@type":["WebPage","ItemPage"],"@id":"https:\/\/basquetgirona.com\/es\/noticia\/el-spar-girona-se-juega-el-acceso-a-semifinales-en-fontajau-ante-el-leganes\/","url":"https:\/\/basquetgirona.com\/es\/noticia\/el-spar-girona-se-juega-el-acceso-a-semifinales-en-fontajau-ante-el-leganes\/","name":"El Spar Girona se juega el acceso a semifinales en Fontajau ante el Legan\u00e9s - Basquet Girona","isPartOf":{"@id":"https:\/\/basquetgirona.com\/es\/#website"},"datePublished":"2026-05-02T10:21:37+00:00","dateModified":"2026-05-02T10:22:28+00:00","breadcrumb":{"@id":"https:\/\/basquetgirona.com\/es\/noticia\/el-spar-girona-se-juega-el-acceso-a-semifinales-en-fontajau-ante-el-leganes\/#breadcrumb"},"inLanguage":"es","potentialAction":[{"@type":"ReadAction","target":["https:\/\/basquetgirona.com\/es\/noticia\/el-spar-girona-se-juega-el-acceso-a-semifinales-en-fontajau-ante-el-leganes\/"]}]},{"@type":"BreadcrumbList","@id":"https:\/\/basquetgirona.com\/es\/noticia\/el-spar-girona-se-juega-el-acceso-a-semifinales-en-fontajau-ante-el-leganes\/#breadcrumb","itemListElement":[{"@type":"ListItem","position":1,"name":"Inici","item":"https:\/\/basquetgirona.com\/es\/"},{"@type":"ListItem","position":2,"name":"El Spar Girona se juega el acceso a semifinales en Fontajau ante el Legan\u00e9s"}]},{"@type":"WebSite","@id":"https:\/\/basquetgirona.com\/es\/#website","url":"https:\/\/basquetgirona.com\/es\/","name":"Basquet Girona","description":"","publisher":{"@id":"https:\/\/basquetgirona.com\/es\/#organization"},"potentialAction":[{"@type":"SearchAction","target":{"@type":"EntryPoint","urlTemplate":"https:\/\/basquetgirona.com\/es\/?s={search_term_string}"},"query-input":"required name=search_term_string"}],"inLanguage":"es"},{"@type":"Organization","@id":"https:\/\/basquetgirona.com\/es\/#organization","name":"Basquet Girona","url":"https:\/\/basquetgirona.com\/es\/","logo":{"@type":"ImageObject","inLanguage":"es","@id":"https:\/\/basquetgirona.com\/es\/#\/schema\/logo\/image\/","url":"https:\/\/basquetgirona.com\/wp-content\/uploads\/2023\/02\/girona-logo1.png","contentUrl":"https:\/\/basquetgirona.com\/wp-content\/uploads\/2023\/02\/girona-logo1.png","width":124,"height":136,"caption":"Basquet Girona"},"image":{"@id":"https:\/\/basquetgirona.com\/es\/#\/schema\/logo\/image\/"},"sameAs":["https:\/\/www.facebook.com\/BasquetGironaOficial","https:\/\/twitter.com\/BasquetGirona","https:\/\/www.instagram.com\/basquetgirona\/","https:\/\/es.linkedin.com\/company\/bsquet-girona","https:\/\/www.tiktok.com\/@basquetgirona"]},{"@type":"Person","@id":"https:\/\/basquetgirona.com\/es\/#\/schema\/person\/9196efe7de3d62004e09ea79cd72b8d5","name":"Pau De Castro","image":{"@type":"ImageObject","inLanguage":"es","@id":"https:\/\/basquetgirona.com\/es\/#\/schema\/person\/image\/","url":"https:\/\/secure.gravatar.com\/avatar\/311a301e125ef9f088e17c727474e75fb5b82151095ccfc4b6e27ae4855b5814?s=96&d=mm&r=g","contentUrl":"https:\/\/secure.gravatar.com\/avatar\/311a301e125ef9f088e17c727474e75fb5b82151095ccfc4b6e27ae4855b5814?s=96&d=mm&r=g","caption":"Pau De Castro"},"url":"https:\/\/basquetgirona.com\/es\/author\/pdcastro\/"}]}},"acf":[],"_links":{"self":[{"href":"https:\/\/basquetgirona.com\/es\/wp-json\/wp\/v2\/noticia\/62270","targetHints":{"allow":["GET"]}}],"collection":[{"href":"https:\/\/basquetgirona.com\/es\/wp-json\/wp\/v2\/noticia"}],"about":[{"href":"https:\/\/basquetgirona.com\/es\/wp-json\/wp\/v2\/types\/noticia"}],"author":[{"embeddable":true,"href":"https:\/\/basquetgirona.com\/es\/wp-json\/wp\/v2\/users\/4"}],"version-history":[{"count":1,"href":"https:\/\/basquetgirona.com\/es\/wp-json\/wp\/v2\/noticia\/62270\/revisions"}],"predecessor-version":[{"id":62271,"href":"https:\/\/basquetgirona.com\/es\/wp-json\/wp\/v2\/noticia\/62270\/revisions\/62271"}],"wp:featuredmedia":[{"embeddable":true,"href":"https:\/\/basquetgirona.com\/es\/wp-json\/wp\/v2\/media\/62268"}],"wp:attachment":[{"href":"https:\/\/basquetgirona.com\/es\/wp-json\/wp\/v2\/media?parent=62270"}],"wp:term":[{"taxonomy":"categoria_noticia","embeddable":true,"href":"https:\/\/basquetgirona.com\/es\/wp-json\/wp\/v2\/categoria_noticia?post=62270"}],"curies":[{"name":"wp","href":"https:\/\/api.w.org\/{rel}","templated":true}]}}