{"id":65297,"date":"2026-09-02T10:00:07","date_gmt":"2026-09-02T10:00:07","guid":{"rendered":"https:\/\/basquetgirona.com\/noticia\/dominykas-stenionis-ficha-por-el-fiatc-girona\/"},"modified":"2026-09-02T10:02:42","modified_gmt":"2026-09-02T10:02:42","slug":"dominykas-stenionis-ficha-por-el-fiatc-girona","status":"publish","type":"noticia","link":"https:\/\/basquetgirona.com\/es\/noticia\/dominykas-stenionis-ficha-por-el-fiatc-girona\/","title":{"rendered":"Dominykas Stenionis ficha por el FIATC Girona"},"content":{"rendered":"\n<p class=\"wp-block-paragraph\">Dominykas Stenionis (Kaunas, Lituania, 3 de julio de 2002) es nuevo jugador del FIATC Girona, con quien firma un contrato temporal. El base, de 1,79 metros de altura, llega procedente del Valmiera Glass VIA de Letonia. <\/p>\n\n<p class=\"wp-block-paragraph\">Stenionis inici\u00f3 su trayectoria en el Zalgiris Kaunas en la temporada 2019\/20, donde jug\u00f3 durante tres temporadas con el segundo equipo. Pero en su \u00faltima temporada en el club dej\u00f3 al Zalgiris para incorporarse al Nevezis, de la primera divisi\u00f3n lituana, donde jug\u00f3 durante dos temporadas. <\/p>\n\n<p class=\"wp-block-paragraph\">La temporada 2024\/25 fich\u00f3 por el Lietkabelis, tambi\u00e9n de la primera divisi\u00f3n lituana, con quien debut\u00f3 en competici\u00f3n europea en el EuroCup. Su \u00faltima temporada la ha disputado en el Valmiera Glass VIA de Letonia, donde ha firmado unas medias de 13,7 puntos, 2,8 rebotes y 7,9 asistencias por partido, con una valoraci\u00f3n media de 17,1. <\/p>\n\n<p class=\"wp-block-paragraph\">Con el equipo let\u00f3n, Stenionis fue protagonista en la conquista de la Latvian-Estonian Basketball League. Durante los seis partidos del play-off, el base elev\u00f3 sus prestaciones hasta los 17,2 puntos, 4,8 rebotes y 6,8 asistencias por partido, con una valoraci\u00f3n media de 19. Esta misma temporada, tambi\u00e9n logr\u00f3 el t\u00edtulo de la Latvian Basketball Cup, despu\u00e9s de que el Valmiera se impusiera al Ventspils en la final.  <\/p>\n\n<p class=\"wp-block-paragraph\">Su crecimiento en el Valmiera fue de la mano del entrenador Kaspars Vecvagars, conocido por la afici\u00f3n del B\u00e0squet Girona. El ex jugador let\u00f3n fich\u00f3 por el B\u00e0squet Girona en julio de 2021 y form\u00f3 parte del equipo que esa temporada logr\u00f3 el ascenso de la LEB Oro en la Liga Endesa. <\/p>\n\n<p class=\"wp-block-paragraph\">Antes de debutar en competici\u00f3n europea con el Lietkabelis, Stenionis ya hab\u00eda participado en el Adidas Next Generation Tournament con el Zalgiris Kaunas U18 durante la temporada 2019\/20.<\/p>\n\n<h2 class=\"wp-block-heading\">Con su selecci\u00f3n<\/h2>\n\n<p class=\"wp-block-paragraph\">Internacional con las categor\u00edas inferiores de la selecci\u00f3n lituana, Stenionis ha disputado campeonatos de Europa y del mundo con los combinados U19 y U20. Con la selecci\u00f3n U19 particip\u00f3 en el Campeonato del Mundo disputado en Letonia en 2021, mientras que en 2022 disput\u00f3 el Campeonato de Europa U20 en Montenegro, donde Lituania termin\u00f3 en segunda posici\u00f3n, por detr\u00e1s de Espa\u00f1a. <\/p>\n\n<p class=\"wp-block-paragraph\">El base lituano ha debutado ya con la selecci\u00f3n absoluta. Lo hizo el pasado 28 de agosto de 2026, en el partido ante Turqu\u00eda correspondiente a la fase europea de clasificaci\u00f3n para la Copa del Mundo FIBA \u200b\u200b2027. <\/p>\n\n<h2 class=\"wp-block-heading\"><strong>Declaraciones de Fernando San Emeterio, director deportivo:<\/strong><\/h2>\n\n<p class=\"wp-block-paragraph\">Tras la lesi\u00f3n de Isaac, entendimos que necesit\u00e1bamos reforzar la posici\u00f3n de base para afrontar el inicio de la doble competici\u00f3n con tres jugadores en esa posici\u00f3n. El club ha hecho un esfuerzo por poder incorporar a Dominykas y completar as\u00ed la posici\u00f3n. Pensamos en Dominykas porque es un jugador que la temporada pasada rindi\u00f3 muy bien en una liga de nivel inferior a la ACB, pero que creemos que est\u00e1 preparado para dar el salto y competir a la ACB. Sobre todo, consideramos que encaja muy bien con nuestro estilo de juego. Es un jugador peque\u00f1o, pero con mucho car\u00e1cter y muy el\u00e9ctrico. Tiene una gran capacidad para generar ventajas para sus compa\u00f1eros, desequilibrar en esta primera l\u00ednea y, a partir de ah\u00ed, encontrar buenos pases. Tambi\u00e9n tiene una buena capacidad para generarse sus propios disparos. Creemos que encaja muy bien en el ritmo al que queremos jugar y en nuestra forma de entender el baloncesto. Por todo ello, hemos decidido incorporarlo inicialmente con un contrato temporal, con la opci\u00f3n de que pueda quedarse durante toda la temporada\u201d.        <\/p>\n","protected":false},"excerpt":{"rendered":"<p>Dominykas Stenionis (Kaunas, Lituania, 3 de julio de 2002) es nuevo jugador del FIATC Girona, con quien firma un contrato temporal. El base, de 1,79 metros de altura, llega procedente del Valmiera Glass VIA de Letonia. Stenionis inici\u00f3 su trayectoria en el Zalgiris Kaunas en la temporada 2019\/20, donde jug\u00f3 durante tres temporadas con el [&hellip;]<\/p>\n","protected":false},"author":4,"featured_media":65293,"menu_order":0,"template":"","categoria_noticia":[],"class_list":["post-65297","noticia","type-noticia","status-publish","has-post-thumbnail","hentry"],"yoast_head":"<!-- This site is optimized with the Yoast SEO plugin v28.0 - https:\/\/yoast.com\/product\/yoast-seo-wordpress\/ -->\n<title>Dominykas Stenionis ficha por el FIATC Girona - Basquet Girona<\/title>\n<meta name=\"robots\" content=\"index, follow, max-snippet:-1, max-image-preview:large, max-video-preview:-1\" \/>\n<link rel=\"canonical\" href=\"https:\/\/basquetgirona.com\/es\/noticia\/dominykas-stenionis-ficha-por-el-fiatc-girona\/\" \/>\n<meta property=\"og:locale\" content=\"es_ES\" \/>\n<meta property=\"og:type\" content=\"article\" \/>\n<meta property=\"og:title\" content=\"Dominykas Stenionis ficha por el FIATC Girona - Basquet Girona\" \/>\n<meta property=\"og:description\" content=\"Dominykas Stenionis (Kaunas, Lituania, 3 de julio de 2002) es nuevo jugador del FIATC Girona, con quien firma un contrato temporal. El base, de 1,79 metros de altura, llega procedente del Valmiera Glass VIA de Letonia. Stenionis inici\u00f3 su trayectoria en el Zalgiris Kaunas en la temporada 2019\/20, donde jug\u00f3 durante tres temporadas con el [&hellip;]\" \/>\n<meta property=\"og:url\" content=\"https:\/\/basquetgirona.com\/es\/noticia\/dominykas-stenionis-ficha-por-el-fiatc-girona\/\" \/>\n<meta property=\"og:site_name\" content=\"Basquet Girona\" \/>\n<meta property=\"article:publisher\" content=\"https:\/\/www.facebook.com\/BasquetGironaOficial\" \/>\n<meta property=\"article:modified_time\" content=\"2026-09-02T10:02:42+00:00\" \/>\n<meta property=\"og:image\" content=\"https:\/\/basquetgirona.com\/wp-content\/uploads\/2026\/09\/stenionis-web.webp\" \/>\n\t<meta property=\"og:image:width\" content=\"1298\" \/>\n\t<meta property=\"og:image:height\" content=\"437\" \/>\n\t<meta property=\"og:image:type\" content=\"image\/png\" \/>\n<meta name=\"twitter:card\" content=\"summary_large_image\" \/>\n<meta name=\"twitter:site\" content=\"@BasquetGirona\" \/>\n<meta name=\"twitter:label1\" content=\"Tiempo de lectura\" \/>\n\t<meta name=\"twitter:data1\" content=\"3 minutos\" \/>\n<!-- \/ Yoast SEO plugin. -->","yoast_head_json":{"title":"Dominykas Stenionis ficha por el FIATC Girona - Basquet Girona","robots":{"index":"index","follow":"follow","max-snippet":"max-snippet:-1","max-image-preview":"max-image-preview:large","max-video-preview":"max-video-preview:-1"},"canonical":"https:\/\/basquetgirona.com\/es\/noticia\/dominykas-stenionis-ficha-por-el-fiatc-girona\/","og_locale":"es_ES","og_type":"article","og_title":"Dominykas Stenionis ficha por el FIATC Girona - Basquet Girona","og_description":"Dominykas Stenionis (Kaunas, Lituania, 3 de julio de 2002) es nuevo jugador del FIATC Girona, con quien firma un contrato temporal. El base, de 1,79 metros de altura, llega procedente del Valmiera Glass VIA de Letonia. Stenionis inici\u00f3 su trayectoria en el Zalgiris Kaunas en la temporada 2019\/20, donde jug\u00f3 durante tres temporadas con el [&hellip;]","og_url":"https:\/\/basquetgirona.com\/es\/noticia\/dominykas-stenionis-ficha-por-el-fiatc-girona\/","og_site_name":"Basquet Girona","article_publisher":"https:\/\/www.facebook.com\/BasquetGironaOficial","article_modified_time":"2026-09-02T10:02:42+00:00","og_image":[{"width":1298,"height":437,"url":"https:\/\/basquetgirona.com\/wp-content\/uploads\/2026\/09\/stenionis-web.webp","type":"image\/png"}],"twitter_card":"summary_large_image","twitter_site":"@BasquetGirona","twitter_misc":{"Tiempo de lectura":"3 minutos"},"schema":{"@context":"https:\/\/schema.org","@graph":[{"@type":"NewsArticle","@id":"https:\/\/basquetgirona.com\/es\/noticia\/dominykas-stenionis-ficha-por-el-fiatc-girona\/#article","isPartOf":{"@id":"https:\/\/basquetgirona.com\/es\/noticia\/dominykas-stenionis-ficha-por-el-fiatc-girona\/"},"author":{"name":"Pau De Castro","@id":"https:\/\/basquetgirona.com\/es\/#\/schema\/person\/9196efe7de3d62004e09ea79cd72b8d5"},"headline":"Dominykas Stenionis ficha por el FIATC Girona","datePublished":"2026-09-02T10:00:07+00:00","dateModified":"2026-09-02T10:02:42+00:00","mainEntityOfPage":{"@id":"https:\/\/basquetgirona.com\/es\/noticia\/dominykas-stenionis-ficha-por-el-fiatc-girona\/"},"wordCount":599,"publisher":{"@id":"https:\/\/basquetgirona.com\/es\/#organization"},"image":{"@id":"https:\/\/basquetgirona.com\/es\/noticia\/dominykas-stenionis-ficha-por-el-fiatc-girona\/#primaryimage"},"thumbnailUrl":"https:\/\/basquetgirona.com\/wp-content\/uploads\/2026\/09\/stenionis-web.webp","inLanguage":"es"},{"@type":["WebPage","ItemPage"],"@id":"https:\/\/basquetgirona.com\/es\/noticia\/dominykas-stenionis-ficha-por-el-fiatc-girona\/","url":"https:\/\/basquetgirona.com\/es\/noticia\/dominykas-stenionis-ficha-por-el-fiatc-girona\/","name":"Dominykas Stenionis ficha por el FIATC Girona - Basquet Girona","isPartOf":{"@id":"https:\/\/basquetgirona.com\/es\/#website"},"primaryImageOfPage":{"@id":"https:\/\/basquetgirona.com\/es\/noticia\/dominykas-stenionis-ficha-por-el-fiatc-girona\/#primaryimage"},"image":{"@id":"https:\/\/basquetgirona.com\/es\/noticia\/dominykas-stenionis-ficha-por-el-fiatc-girona\/#primaryimage"},"thumbnailUrl":"https:\/\/basquetgirona.com\/wp-content\/uploads\/2026\/09\/stenionis-web.webp","datePublished":"2026-09-02T10:00:07+00:00","dateModified":"2026-09-02T10:02:42+00:00","breadcrumb":{"@id":"https:\/\/basquetgirona.com\/es\/noticia\/dominykas-stenionis-ficha-por-el-fiatc-girona\/#breadcrumb"},"inLanguage":"es","potentialAction":[{"@type":"ReadAction","target":["https:\/\/basquetgirona.com\/es\/noticia\/dominykas-stenionis-ficha-por-el-fiatc-girona\/"]}]},{"@type":"ImageObject","inLanguage":"es","@id":"https:\/\/basquetgirona.com\/es\/noticia\/dominykas-stenionis-ficha-por-el-fiatc-girona\/#primaryimage","url":"https:\/\/basquetgirona.com\/wp-content\/uploads\/2026\/09\/stenionis-web.webp","contentUrl":"https:\/\/basquetgirona.com\/wp-content\/uploads\/2026\/09\/stenionis-web.webp","width":1298,"height":437},{"@type":"BreadcrumbList","@id":"https:\/\/basquetgirona.com\/es\/noticia\/dominykas-stenionis-ficha-por-el-fiatc-girona\/#breadcrumb","itemListElement":[{"@type":"ListItem","position":1,"name":"Inici","item":"https:\/\/basquetgirona.com\/es\/"},{"@type":"ListItem","position":2,"name":"Dominykas Stenionis ficha por el FIATC Girona"}]},{"@type":"WebSite","@id":"https:\/\/basquetgirona.com\/es\/#website","url":"https:\/\/basquetgirona.com\/es\/","name":"Basquet Girona","description":"","publisher":{"@id":"https:\/\/basquetgirona.com\/es\/#organization"},"potentialAction":[{"@type":"SearchAction","target":{"@type":"EntryPoint","urlTemplate":"https:\/\/basquetgirona.com\/es\/?s={search_term_string}"},"query-input":{"@type":"PropertyValueSpecification","valueRequired":true,"valueName":"search_term_string"}}],"inLanguage":"es"},{"@type":"Organization","@id":"https:\/\/basquetgirona.com\/es\/#organization","name":"Basquet Girona","url":"https:\/\/basquetgirona.com\/es\/","logo":{"@type":"ImageObject","inLanguage":"es","@id":"https:\/\/basquetgirona.com\/es\/#\/schema\/logo\/image\/","url":"https:\/\/basquetgirona.com\/wp-content\/uploads\/2023\/02\/girona-logo1.png","contentUrl":"https:\/\/basquetgirona.com\/wp-content\/uploads\/2023\/02\/girona-logo1.png","width":124,"height":136,"caption":"Basquet Girona"},"image":{"@id":"https:\/\/basquetgirona.com\/es\/#\/schema\/logo\/image\/"},"sameAs":["https:\/\/www.facebook.com\/BasquetGironaOficial","https:\/\/x.com\/BasquetGirona","https:\/\/www.instagram.com\/basquetgirona\/","https:\/\/es.linkedin.com\/company\/bsquet-girona","https:\/\/www.tiktok.com\/@basquetgirona"]},{"@type":"Person","@id":"https:\/\/basquetgirona.com\/es\/#\/schema\/person\/9196efe7de3d62004e09ea79cd72b8d5","name":"Pau De Castro","image":{"@type":"ImageObject","inLanguage":"es","@id":"https:\/\/secure.gravatar.com\/avatar\/311a301e125ef9f088e17c727474e75fb5b82151095ccfc4b6e27ae4855b5814?s=96&d=mm&r=g","url":"https:\/\/secure.gravatar.com\/avatar\/311a301e125ef9f088e17c727474e75fb5b82151095ccfc4b6e27ae4855b5814?s=96&d=mm&r=g","contentUrl":"https:\/\/secure.gravatar.com\/avatar\/311a301e125ef9f088e17c727474e75fb5b82151095ccfc4b6e27ae4855b5814?s=96&d=mm&r=g","caption":"Pau De Castro"},"url":"https:\/\/basquetgirona.com\/es\/author\/pdcastro\/"}]}},"acf":[],"_links":{"self":[{"href":"https:\/\/basquetgirona.com\/es\/wp-json\/wp\/v2\/noticia\/65297","targetHints":{"allow":["GET"]}}],"collection":[{"href":"https:\/\/basquetgirona.com\/es\/wp-json\/wp\/v2\/noticia"}],"about":[{"href":"https:\/\/basquetgirona.com\/es\/wp-json\/wp\/v2\/types\/noticia"}],"author":[{"embeddable":true,"href":"https:\/\/basquetgirona.com\/es\/wp-json\/wp\/v2\/users\/4"}],"version-history":[{"count":1,"href":"https:\/\/basquetgirona.com\/es\/wp-json\/wp\/v2\/noticia\/65297\/revisions"}],"predecessor-version":[{"id":65298,"href":"https:\/\/basquetgirona.com\/es\/wp-json\/wp\/v2\/noticia\/65297\/revisions\/65298"}],"wp:featuredmedia":[{"embeddable":true,"href":"https:\/\/basquetgirona.com\/es\/wp-json\/wp\/v2\/media\/65293"}],"wp:attachment":[{"href":"https:\/\/basquetgirona.com\/es\/wp-json\/wp\/v2\/media?parent=65297"}],"wp:term":[{"taxonomy":"categoria_noticia","embeddable":true,"href":"https:\/\/basquetgirona.com\/es\/wp-json\/wp\/v2\/categoria_noticia?post=65297"}],"curies":[{"name":"wp","href":"https:\/\/api.w.org\/{rel}","templated":true}]}}