{"id":65348,"date":"2026-09-03T10:32:37","date_gmt":"2026-09-03T10:32:37","guid":{"rendered":"https:\/\/basquetgirona.com\/noticia\/ya-a-la-venta-las-entradas-para-la-previa-del-euroleague-women\/"},"modified":"2026-09-03T10:40:59","modified_gmt":"2026-09-03T10:40:59","slug":"ya-a-la-venta-las-entradas-para-la-previa-del-euroleague-women","status":"publish","type":"noticia","link":"https:\/\/basquetgirona.com\/es\/noticia\/ya-a-la-venta-las-entradas-para-la-previa-del-euroleague-women\/","title":{"rendered":"Ya a la venta las entradas para la previa del EuroLeague Women"},"content":{"rendered":"\n<p class=\"wp-block-paragraph\">El B\u00e0squet Girona ya ha puesto <a href=\"https:\/\/basquetgirona.koobin.com\/ca\/spar-girona---rival-pendent-confirmacio-20260930-2000\">a la venta las entradas<\/a> para uno de los partidos m\u00e1s importantes de la temporada. <strong>El mi\u00e9rcoles 30 de septiembre, a las 20.00 h<\/strong> , el Pabell\u00f3n de Fontajau acoger\u00e1 la eliminatoria previa del SPAR Girona para acceder a la EuroLeague Women, la m\u00e1xima competici\u00f3n continental de clubes.<\/p>\n\n<p class=\"wp-block-paragraph\">El equipo afronta una cita decisiva con el objetivo de competir de nuevo entre la \u00e9lite del baloncesto europeo. Para ello, necesitar\u00e1, una vez m\u00e1s, el apoyo de una afici\u00f3n que siempre ha convertido a Fontajau en un escenario \u00fanico. <\/p>\n\n<p class=\"wp-block-paragraph\">El club hace un llamamiento a toda la afici\u00f3n para que llene las gradas y empuje al equipo en una noche que puede marcar el futuro de la temporada. Cada \u00e1nimo, cada aplauso y cada apoyo desde la grader\u00eda ser\u00e1n determinantes para ayudar a las jugadoras a lograr este gran reto. <\/p>\n\n<p class=\"wp-block-paragraph\">Las entradas ya pueden adquirirse a trav\u00e9s de los canales oficiales del club. Es el momento de vivir una gran noche de baloncesto europeo y convertir, una vez m\u00e1s, a Fontajau en un aut\u00e9ntico fort\u00edn. <\/p>\n\n<p class=\"wp-block-paragraph\"><strong>Mi\u00e9rcoles 30 de septiembre \u00b7 20.00 h \u00b7 Pabell\u00f3n de Fontajau<\/strong><\/p>\n\n<figure class=\"wp-block-embed is-type-rich is-provider-x wp-block-embed-x\"><div class=\"wp-block-embed__wrapper\">\n<blockquote class=\"twitter-tweet\" data-width=\"500\" data-dnt=\"true\"><p lang=\"ca\" dir=\"ltr\">Entrades a la venda! \ud835\uddd9\ud835\uddfc\ud835\uddfb\ud835\ude01\ud835\uddee\ud835\uddf7\ud835\uddee\ud835\ude02 \ud835\uddf1\ud835\uddf2\ud835\uddf0\ud835\uddf6\ud835\uddf1\ud835\uddf2\ud835\uddf6\ud835\ude05! \ud83d\udd25<br><br>\ud83d\udcc5 El pr\u00f2xim dimecres 30 de setembre (20h), Fontajau vestir\u00e0 les seves millors gales per acollir la pr\u00e8via d&#39;acc\u00e9s a l&#39; <a href=\"https:\/\/x.com\/EuroLeagueWomen?ref_src=twsrc%5Etfw\">@EuroLeagueWomen<\/a><br><br>\ud83c\udf9f\ufe0f Us necessitem! Entrades disponibles a: <a href=\"https:\/\/t.co\/huvJVg2Yof\">https:\/\/t.co\/huvJVg2Yof<\/a> <a href=\"https:\/\/t.co\/FcCU1T0FGY\">pic.twitter.com\/FcCU1T0FGY<\/a><\/p>&mdash; SPAR Girona (@unigirona) <a href=\"https:\/\/x.com\/unigirona\/status\/2095460103554044128?ref_src=twsrc%5Etfw\">September 3, 2026<\/a><\/blockquote><script async src=\"https:\/\/platform.x.com\/widgets.js\" charset=\"utf-8\"><\/script>\n<\/div><\/figure>\n","protected":false},"excerpt":{"rendered":"<p>El B\u00e0squet Girona ya ha puesto a la venta las entradas para uno de los partidos m\u00e1s importantes de la temporada. El mi\u00e9rcoles 30 de septiembre, a las 20.00 h , el Pabell\u00f3n de Fontajau acoger\u00e1 la eliminatoria previa del SPAR Girona para acceder a la EuroLeague Women, la m\u00e1xima competici\u00f3n continental de clubes. El [&hellip;]<\/p>\n","protected":false},"author":4,"featured_media":65344,"menu_order":0,"template":"","categoria_noticia":[362],"class_list":["post-65348","noticia","type-noticia","status-publish","has-post-thumbnail","hentry","categoria_noticia-spar-girona-es"],"yoast_head":"<!-- This site is optimized with the Yoast SEO plugin v28.0 - https:\/\/yoast.com\/product\/yoast-seo-wordpress\/ -->\n<title>Ya a la venta las entradas para la previa del EuroLeague Women - Basquet Girona<\/title>\n<meta name=\"robots\" content=\"index, follow, max-snippet:-1, max-image-preview:large, max-video-preview:-1\" \/>\n<link rel=\"canonical\" href=\"https:\/\/basquetgirona.com\/es\/noticia\/ya-a-la-venta-las-entradas-para-la-previa-del-euroleague-women\/\" \/>\n<meta property=\"og:locale\" content=\"es_ES\" \/>\n<meta property=\"og:type\" content=\"article\" \/>\n<meta property=\"og:title\" content=\"Ya a la venta las entradas para la previa del EuroLeague Women - Basquet Girona\" \/>\n<meta property=\"og:description\" content=\"El B\u00e0squet Girona ya ha puesto a la venta las entradas para uno de los partidos m\u00e1s importantes de la temporada. El mi\u00e9rcoles 30 de septiembre, a las 20.00 h , el Pabell\u00f3n de Fontajau acoger\u00e1 la eliminatoria previa del SPAR Girona para acceder a la EuroLeague Women, la m\u00e1xima competici\u00f3n continental de clubes. El [&hellip;]\" \/>\n<meta property=\"og:url\" content=\"https:\/\/basquetgirona.com\/es\/noticia\/ya-a-la-venta-las-entradas-para-la-previa-del-euroleague-women\/\" \/>\n<meta property=\"og:site_name\" content=\"Basquet Girona\" \/>\n<meta property=\"article:publisher\" content=\"https:\/\/www.facebook.com\/BasquetGironaOficial\" \/>\n<meta property=\"article:modified_time\" content=\"2026-09-03T10:40:59+00:00\" \/>\n<meta property=\"og:image\" content=\"https:\/\/basquetgirona.com\/wp-content\/uploads\/2026\/09\/flag-euroleague.webp\" \/>\n\t<meta property=\"og:image:width\" content=\"1183\" \/>\n\t<meta property=\"og:image:height\" content=\"374\" \/>\n\t<meta property=\"og:image:type\" content=\"image\/png\" \/>\n<meta name=\"twitter:card\" content=\"summary_large_image\" \/>\n<meta name=\"twitter:site\" content=\"@BasquetGirona\" \/>\n<meta name=\"twitter:label1\" content=\"Tiempo de lectura\" \/>\n\t<meta name=\"twitter:data1\" content=\"1 minuto\" \/>\n<!-- \/ Yoast SEO plugin. -->","yoast_head_json":{"title":"Ya a la venta las entradas para la previa del EuroLeague Women - Basquet Girona","robots":{"index":"index","follow":"follow","max-snippet":"max-snippet:-1","max-image-preview":"max-image-preview:large","max-video-preview":"max-video-preview:-1"},"canonical":"https:\/\/basquetgirona.com\/es\/noticia\/ya-a-la-venta-las-entradas-para-la-previa-del-euroleague-women\/","og_locale":"es_ES","og_type":"article","og_title":"Ya a la venta las entradas para la previa del EuroLeague Women - Basquet Girona","og_description":"El B\u00e0squet Girona ya ha puesto a la venta las entradas para uno de los partidos m\u00e1s importantes de la temporada. El mi\u00e9rcoles 30 de septiembre, a las 20.00 h , el Pabell\u00f3n de Fontajau acoger\u00e1 la eliminatoria previa del SPAR Girona para acceder a la EuroLeague Women, la m\u00e1xima competici\u00f3n continental de clubes. El [&hellip;]","og_url":"https:\/\/basquetgirona.com\/es\/noticia\/ya-a-la-venta-las-entradas-para-la-previa-del-euroleague-women\/","og_site_name":"Basquet Girona","article_publisher":"https:\/\/www.facebook.com\/BasquetGironaOficial","article_modified_time":"2026-09-03T10:40:59+00:00","og_image":[{"width":1183,"height":374,"url":"https:\/\/basquetgirona.com\/wp-content\/uploads\/2026\/09\/flag-euroleague.webp","type":"image\/png"}],"twitter_card":"summary_large_image","twitter_site":"@BasquetGirona","twitter_misc":{"Tiempo de lectura":"1 minuto"},"schema":{"@context":"https:\/\/schema.org","@graph":[{"@type":"NewsArticle","@id":"https:\/\/basquetgirona.com\/es\/noticia\/ya-a-la-venta-las-entradas-para-la-previa-del-euroleague-women\/#article","isPartOf":{"@id":"https:\/\/basquetgirona.com\/es\/noticia\/ya-a-la-venta-las-entradas-para-la-previa-del-euroleague-women\/"},"author":{"name":"Pau De Castro","@id":"https:\/\/basquetgirona.com\/es\/#\/schema\/person\/9196efe7de3d62004e09ea79cd72b8d5"},"headline":"Ya a la venta las entradas para la previa del EuroLeague Women","datePublished":"2026-09-03T10:32:37+00:00","dateModified":"2026-09-03T10:40:59+00:00","mainEntityOfPage":{"@id":"https:\/\/basquetgirona.com\/es\/noticia\/ya-a-la-venta-las-entradas-para-la-previa-del-euroleague-women\/"},"wordCount":218,"publisher":{"@id":"https:\/\/basquetgirona.com\/es\/#organization"},"image":{"@id":"https:\/\/basquetgirona.com\/es\/noticia\/ya-a-la-venta-las-entradas-para-la-previa-del-euroleague-women\/#primaryimage"},"thumbnailUrl":"https:\/\/basquetgirona.com\/wp-content\/uploads\/2026\/09\/flag-euroleague.webp","inLanguage":"es"},{"@type":["WebPage","ItemPage"],"@id":"https:\/\/basquetgirona.com\/es\/noticia\/ya-a-la-venta-las-entradas-para-la-previa-del-euroleague-women\/","url":"https:\/\/basquetgirona.com\/es\/noticia\/ya-a-la-venta-las-entradas-para-la-previa-del-euroleague-women\/","name":"Ya a la venta las entradas para la previa del EuroLeague Women - Basquet Girona","isPartOf":{"@id":"https:\/\/basquetgirona.com\/es\/#website"},"primaryImageOfPage":{"@id":"https:\/\/basquetgirona.com\/es\/noticia\/ya-a-la-venta-las-entradas-para-la-previa-del-euroleague-women\/#primaryimage"},"image":{"@id":"https:\/\/basquetgirona.com\/es\/noticia\/ya-a-la-venta-las-entradas-para-la-previa-del-euroleague-women\/#primaryimage"},"thumbnailUrl":"https:\/\/basquetgirona.com\/wp-content\/uploads\/2026\/09\/flag-euroleague.webp","datePublished":"2026-09-03T10:32:37+00:00","dateModified":"2026-09-03T10:40:59+00:00","breadcrumb":{"@id":"https:\/\/basquetgirona.com\/es\/noticia\/ya-a-la-venta-las-entradas-para-la-previa-del-euroleague-women\/#breadcrumb"},"inLanguage":"es","potentialAction":[{"@type":"ReadAction","target":["https:\/\/basquetgirona.com\/es\/noticia\/ya-a-la-venta-las-entradas-para-la-previa-del-euroleague-women\/"]}]},{"@type":"ImageObject","inLanguage":"es","@id":"https:\/\/basquetgirona.com\/es\/noticia\/ya-a-la-venta-las-entradas-para-la-previa-del-euroleague-women\/#primaryimage","url":"https:\/\/basquetgirona.com\/wp-content\/uploads\/2026\/09\/flag-euroleague.webp","contentUrl":"https:\/\/basquetgirona.com\/wp-content\/uploads\/2026\/09\/flag-euroleague.webp","width":1183,"height":374},{"@type":"BreadcrumbList","@id":"https:\/\/basquetgirona.com\/es\/noticia\/ya-a-la-venta-las-entradas-para-la-previa-del-euroleague-women\/#breadcrumb","itemListElement":[{"@type":"ListItem","position":1,"name":"Inici","item":"https:\/\/basquetgirona.com\/es\/"},{"@type":"ListItem","position":2,"name":"Ya a la venta las entradas para la previa del EuroLeague Women"}]},{"@type":"WebSite","@id":"https:\/\/basquetgirona.com\/es\/#website","url":"https:\/\/basquetgirona.com\/es\/","name":"Basquet Girona","description":"","publisher":{"@id":"https:\/\/basquetgirona.com\/es\/#organization"},"potentialAction":[{"@type":"SearchAction","target":{"@type":"EntryPoint","urlTemplate":"https:\/\/basquetgirona.com\/es\/?s={search_term_string}"},"query-input":{"@type":"PropertyValueSpecification","valueRequired":true,"valueName":"search_term_string"}}],"inLanguage":"es"},{"@type":"Organization","@id":"https:\/\/basquetgirona.com\/es\/#organization","name":"Basquet Girona","url":"https:\/\/basquetgirona.com\/es\/","logo":{"@type":"ImageObject","inLanguage":"es","@id":"https:\/\/basquetgirona.com\/es\/#\/schema\/logo\/image\/","url":"https:\/\/basquetgirona.com\/wp-content\/uploads\/2023\/02\/girona-logo1.png","contentUrl":"https:\/\/basquetgirona.com\/wp-content\/uploads\/2023\/02\/girona-logo1.png","width":124,"height":136,"caption":"Basquet Girona"},"image":{"@id":"https:\/\/basquetgirona.com\/es\/#\/schema\/logo\/image\/"},"sameAs":["https:\/\/www.facebook.com\/BasquetGironaOficial","https:\/\/x.com\/BasquetGirona","https:\/\/www.instagram.com\/basquetgirona\/","https:\/\/es.linkedin.com\/company\/bsquet-girona","https:\/\/www.tiktok.com\/@basquetgirona"]},{"@type":"Person","@id":"https:\/\/basquetgirona.com\/es\/#\/schema\/person\/9196efe7de3d62004e09ea79cd72b8d5","name":"Pau De Castro","image":{"@type":"ImageObject","inLanguage":"es","@id":"https:\/\/secure.gravatar.com\/avatar\/311a301e125ef9f088e17c727474e75fb5b82151095ccfc4b6e27ae4855b5814?s=96&d=mm&r=g","url":"https:\/\/secure.gravatar.com\/avatar\/311a301e125ef9f088e17c727474e75fb5b82151095ccfc4b6e27ae4855b5814?s=96&d=mm&r=g","contentUrl":"https:\/\/secure.gravatar.com\/avatar\/311a301e125ef9f088e17c727474e75fb5b82151095ccfc4b6e27ae4855b5814?s=96&d=mm&r=g","caption":"Pau De Castro"},"url":"https:\/\/basquetgirona.com\/es\/author\/pdcastro\/"}]}},"acf":[],"_links":{"self":[{"href":"https:\/\/basquetgirona.com\/es\/wp-json\/wp\/v2\/noticia\/65348","targetHints":{"allow":["GET"]}}],"collection":[{"href":"https:\/\/basquetgirona.com\/es\/wp-json\/wp\/v2\/noticia"}],"about":[{"href":"https:\/\/basquetgirona.com\/es\/wp-json\/wp\/v2\/types\/noticia"}],"author":[{"embeddable":true,"href":"https:\/\/basquetgirona.com\/es\/wp-json\/wp\/v2\/users\/4"}],"version-history":[{"count":2,"href":"https:\/\/basquetgirona.com\/es\/wp-json\/wp\/v2\/noticia\/65348\/revisions"}],"predecessor-version":[{"id":65358,"href":"https:\/\/basquetgirona.com\/es\/wp-json\/wp\/v2\/noticia\/65348\/revisions\/65358"}],"wp:featuredmedia":[{"embeddable":true,"href":"https:\/\/basquetgirona.com\/es\/wp-json\/wp\/v2\/media\/65344"}],"wp:attachment":[{"href":"https:\/\/basquetgirona.com\/es\/wp-json\/wp\/v2\/media?parent=65348"}],"wp:term":[{"taxonomy":"categoria_noticia","embeddable":true,"href":"https:\/\/basquetgirona.com\/es\/wp-json\/wp\/v2\/categoria_noticia?post=65348"}],"curies":[{"name":"wp","href":"https:\/\/api.w.org\/{rel}","templated":true}]}}